{"id":228527,"date":"2024-08-22T19:54:05","date_gmt":"2024-08-22T18:54:05","guid":{"rendered":"http:\/\/zakrasnejsivimperk.cz\/?p=228527"},"modified":"2024-08-22T19:54:05","modified_gmt":"2024-08-22T18:54:05","slug":"stara-sumava-a-posumavi-volyne-brana-sumavy","status":"publish","type":"post","link":"https:\/\/zakrasnejsivimperk.cz\/?p=228527","title":{"rendered":"STAR\u00c1 \u0160UMAVA A PO\u0160UMAV\u00cd: Volyn\u011b, br\u00e1na \u0160umavy"},"content":{"rendered":"<p><img loading=\"lazy\" decoding=\"async\" class=\"aligncenter wp-image-228528 size-full\" src=\"http:\/\/zakrasnejsivimperk.cz\/wp-content\/uploads\/2021\/06\/26\/VOLYN\u011a-BR\u00c1NA-\u0160UMAVY..jpg\" alt=\"\" width=\"1100\" height=\"778\" srcset=\"https:\/\/zakrasnejsivimperk.cz\/wp-content\/uploads\/2021\/06\/26\/VOLYN\u011a-BR\u00c1NA-\u0160UMAVY..jpg 1100w, https:\/\/zakrasnejsivimperk.cz\/wp-content\/uploads\/2021\/06\/26\/VOLYN\u011a-BR\u00c1NA-\u0160UMAVY.-300x212.jpg 300w, https:\/\/zakrasnejsivimperk.cz\/wp-content\/uploads\/2021\/06\/26\/VOLYN\u011a-BR\u00c1NA-\u0160UMAVY.-768x543.jpg 768w, https:\/\/zakrasnejsivimperk.cz\/wp-content\/uploads\/2021\/06\/26\/VOLYN\u011a-BR\u00c1NA-\u0160UMAVY.-1024x724.jpg 1024w, https:\/\/zakrasnejsivimperk.cz\/wp-content\/uploads\/2021\/06\/26\/VOLYN\u011a-BR\u00c1NA-\u0160UMAVY.-505x357.jpg 505w, https:\/\/zakrasnejsivimperk.cz\/wp-content\/uploads\/2021\/06\/26\/VOLYN\u011a-BR\u00c1NA-\u0160UMAVY.-683x483.jpg 683w\" sizes=\"(max-width: 1100px) 100vw, 1100px\" \/><\/p>\n<div class=\"o9v6fnle cxmmr5t8 oygrvhab hcukyx3x c1et5uql ii04i59q\"><\/div>\n<p>&nbsp;<\/p>\n<h6>Eli\u0161ka Kr\u00e1snohorsk\u00e1: <em>Je\u0161t\u011b se zved\u00e1 po obou b\u0159ez\u00edch \u0159\u00ed\u010dky p\u0159edho\u0159\u00ed \u0160umavy, kdy\u017e ji p\u0159ep\u00edn\u00e1 most vedouc\u00ed v staro\u017eitn\u00e9, p\u0159\u00edv\u011btiv\u00e9 m\u011bste\u010dko Volyni, skupen\u00e9 na lev\u00e9m pob\u0159e\u017e\u00ed jej\u00edm z p\u016flt\u0159et\u00edho asi sta dom\u016f a domk\u016f, obyvatel\u016f v nich 2742 du\u0161\u00ed. Star\u00fd d\u011bkansk\u00fd chr\u00e1m V\u0161ech Svat\u00fdch poch\u00e1z\u00ed ze XIV.stolet\u00ed, prav\u00ed se, \u017ee ve v\u011b\u017ei jeho byly nalezeny mince sv\u011bd\u010d\u00edc\u00ed, \u017ee ji\u017e za V\u00e1clava III. byl zalo\u017een, bl\u00ed\u017ee d\u011bkanstv\u00ed na n\u00e1vr\u0161\u00ed zachov\u00e1ny-ale prosaicky za s\u00fdpku zneu\u017e\u00edv\u00e1ny-jsou zbytky b\u00fdval\u00e9ho hradu. Prastar\u00e9 upom\u00ednky k Volyni se v\u00ed\u017e\u00ed, nebo\u0165 b\u00fdvala hradem \u017eupn\u00edm ji\u017e za p\u016fvodn\u00edho zemsk\u00e9ho z\u0159\u00edzen\u00ed \u010cech, Voly\u0148sk\u00e1 \u017eupa dosahovala na jihoz\u00e1pad a\u017e k bavorsk\u00fdm hranic\u00edm, na sever a\u017e k pob\u0159e\u017e\u00ed Otavy, v\u00fdchodn\u011b k \u0159ece Blanici&#8230;<\/em><\/h6>\n<p>Kraj mezi Volyn\u00ed a \u0161umavsk\u00fdmi letovisky Stachy a Ka\u0161persk\u00e9 Hory je naz\u00fdv\u00e1n jako Podles\u00ed. Nach\u00e1z\u00ed se tu cel\u00e1 \u0159ada p\u011bkn\u00fdch vesni\u010dek, \u010dasto pom\u011brn\u011b vzd\u00e1len\u00fdch v\u011bt\u0161\u00edm centr\u016fm, s okol\u00edm spojena jen \u00fazk\u00fdmi klikat\u00fdmi silni\u010dkami, kter\u00e9 v zim\u011b snadno zavane sn\u00edh. Stejn\u011b jako p\u0159ed stalet\u00edmi i dnes v\u0161ichni cestuj\u00edc\u00ed ze Strakonic do Vimperka proj\u00ed\u017ed\u011bj\u00ed Volyn\u00ed, pro svou polohu naz\u00fdvanou branou \u0160umavy. Ka\u017ed\u00fd, kdo se v tomto m\u011bst\u011b by\u0165 jen na malou chv\u00edli zastav\u00ed, se sem jist\u011b bude r\u00e1d vracet. M\u011bsto vzniklo u brodu p\u0159es Voly\u0148ku jako kn\u00ed\u017eec\u00ed hradi\u0161t\u011b n\u011bkdy v 9. &#8211; 10. stolet\u00ed na\u0161eho letopo\u010dtu.<\/p>\n<p>Samostatn\u00e1 obec je v historii dolo\u017eena ji\u017e v roce 1271. Tehdy byla v majetku pra\u017esk\u00e9 kapituly a ji\u017e roku 1299 se stala m\u011bstem. Tehdy zde vzniklo men\u0161\u00ed hradi\u0161t\u011b, ve t\u0159in\u00e1ct\u00e9m stolet\u00ed nahrazen\u00e9 kamennou stavbou, kter\u00e1 p\u0159edch\u00e1zela dne\u0161n\u00ed tvrzi. Dal\u0161\u00edm zaj\u00edmav\u00fdm dokladem, osv\u011btluj\u00edc\u00edm \u017eivot voly\u0148sk\u00fdch m\u011b\u0161\u0165an\u016f, domk\u00e1\u0159\u016f i podruh\u016f, je listina z 5. b\u0159ezna 1390, kterou probo\u0161t Petr z Janovic obnovuje a sou\u010dasn\u011b rozmno\u017euje voly\u0148sk\u00e1 privilegia. Zm\u011bna c\u00edrkevn\u00ed vrchnosti v 15. stolet\u00ed, kdy byla Volyn\u011b zastavena ryt\u00ed\u0159sk\u00e9mu \u0159\u00e1du sv. Jana Jeruzal\u00e9msk\u00e9ho, nenaru\u0161ila pom\u011brn\u011b poklidn\u00fd \u017eivot lid\u00ed, kte\u0159\u00ed \u017eili v d\u0159ev\u011bn\u00fdch domc\u00edch kolem nepravideln\u00e9ho n\u00e1m\u011bst\u00ed.<\/p>\n<p>V prvn\u00ed polovin\u011b 14. stolet\u00ed bylo m\u011bsto koloniza\u010dn\u00edm st\u0159ediskem voly\u0148sk\u00e9ho \u00fajezdu a z\u00edskalo \u0159adu pr\u00e1v, mezi nimi i pr\u00e1vo va\u0159it pivo. Jednou z jejich velk\u00fdch starost\u00ed byl dlouholet\u00fd a nakonec v\u00edt\u011bzn\u00fd spor s m\u011bstem P\u00edsek o dovoz soli a placen\u00ed m\u00fdtn\u00e9ho. \u00dasp\u011bch v tomto sporu sv\u011bd\u010d\u00ed o hospod\u00e1\u0159sk\u00e9m v\u00fdznamu Volyn\u011b a pr\u00e1vech m\u011b\u0161\u0165an\u016f jako t\u0159et\u00edho stavu v \u010desk\u00fdch zem\u00edch. V 15. a 16. stolet\u00ed do\u0161lo ve m\u011bst\u011b k rozvoji \u0159emesel a chovu ovc\u00ed, jeden z nejd\u016fle\u017eit\u011bj\u0161\u00edch p\u0159\u00edjm\u016f plynul m\u011bstu tak\u00e9 z dovozu soli do \u010cech. Po odklonu nejd\u016fle\u017eit\u011bj\u0161\u00edch obchodn\u00edch cest od m\u011bsta v 17. a 18. stolet\u00ed se hospod\u00e1\u0159sk\u00fd r\u016fst m\u011bsta zastavil. \u010cetn\u00e9 po\u017e\u00e1ry, kter\u00e9 Volyni v t\u00e9to dob\u011b postihly, po\u0161kodily jej\u00ed st\u0159edov\u011bk\u00fd r\u00e1z.<\/p>\n<p>D\u00e1vn\u00e1 historie os\u00eddlen\u00ed m\u00edsta na lev\u00e9m b\u0159ehu \u0159eky Voly\u0148ky je zahalena tajemstv\u00edm. Archeologick\u00e9 n\u00e1lezy, jim\u017e je v\u011bnov\u00e1na rozs\u00e1hl\u00e1 expozice v m\u011bstsk\u00e9m muzeu, sv\u011bd\u010d\u00ed o slovansk\u00e9m os\u00eddlen\u00ed ji\u017e v 7. stolet\u00ed. Men\u0161\u00ed hradi\u0161t\u011b, provincie Wolinich. P\u016fvod jm\u00e9na dodnes nen\u00ed zn\u00e1m; souvislosti se slovansk\u00fdm kmenem, s\u00eddl\u00edc\u00edm kdysi na Ukrajin\u011b, jsou pouze hypotetick\u00e9.<\/p>\n<p>Toto hradi\u0161t\u011b bylo pozd\u011bji nahrazeno kamennou stavbou, p\u0159edch\u016fdkyn\u00ed dne\u0161n\u00ed tvrze, kter\u00e1 je s\u00eddlem M\u011bstsk\u00e9ho muzea. Koncem 16. stolet\u00ed se pra\u017esk\u00e1 kapitula za\u010dala dom\u00e1hat na johanitech navr\u00e1cen\u00ed sv\u00e9ho p\u016fvodn\u00edho majetku. Roku 1619 obsadilo Volyni uhersk\u00e9 vojsko, kter\u00e9 se p\u0159i sv\u00fdch v\u00fdpadech do okol\u00ed \u010dasto st\u0159etlo se stavovsk\u00fdmi odd\u00edly. Snad je\u0161t\u011b t\u00e9ho\u017e roku stavov\u00e9 Volyni op\u011bt opanovali, aby byla v n\u00e1sleduj\u00edc\u00edm roku po\u0161kozena c\u00edsa\u0159sk\u00fdmi. Roku 1629 se po dlouh\u00fdch sporech strakonick\u00fd p\u0159evor vzdal Volyn\u011b ve prosp\u011bch pra\u017esk\u00e9 kapituly za finan\u010dn\u00ed od\u0161kodn\u00e9. V t\u00e9 dob\u011b v\u0161ak ji\u017e b\u00fdval\u00e1 tvrz slou\u017eila jako s\u00fdpka.<\/p>\n<p>Hlavn\u00edm staven\u00edm tvrze je obd\u00e9ln\u00e1 dvoupatrov\u00e1 budova, jej\u00ed\u017e v\u00fdchodn\u00ed polovina je hypoteticky \u0159azena do 13. stolet\u00ed, zat\u00edmco z\u00e1padn\u00ed do stolet\u00ed 14. \u010ctverhrann\u00e9 n\u00e1dvo\u0159\u00ed je uzav\u0159eno hradbou s nepravideln\u011b \u0161estibokou ba\u0161tou zav\u00e1zanou do severoz\u00e1padn\u00edho n\u00e1ro\u017e\u00ed. Jihoz\u00e1padn\u00ed a v\u00fdchodn\u00ed \u010d\u00e1st hradby ji\u017e neexistuje, jak\u00e1 byla jej\u00ed podoba v t\u011bchto m\u00edstech lze jen h\u00e1dat. Archeologick\u00fd v\u00fdzkum objevil v plo\u0161e n\u00e1dvo\u0159\u00ed i pod budovou tvrze zbytky z\u00e1stavby, kter\u00e1 tvrzi p\u0159edch\u00e1zela.V roce 1299, kdy byla Volyn\u011b pov\u00fd\u0161ena jako sou\u010d\u00e1st majetku kapituly pra\u017esk\u00e9 na m\u011bsto, se datuje jej\u00ed rozvoj. V roce 1327 byl dostaven farn\u00ed kostel a m\u011bstsk\u00e9 opevn\u011bn\u00ed. Koncem 14. stolet\u00ed tu byl soud, l\u00e1zn\u011b a t\u00e9m\u011b\u0159 v ka\u017ed\u00e9m dom\u011b se va\u0159ilo pivo. V t\u00e9 dob\u011b tu p\u016fsobil Mistr Martin-Mart\u00ednek z Volyn\u011b (1390 &#8211; 1432), v\u011brn\u00fd p\u0159\u00edtel Hus\u016fv a vykonavatel jeho posledn\u00ed v\u016fle.<\/p>\n<p>V letech 1521-1529 byla na n\u00e1m\u011bst\u00ed vla\u0161sk\u00fdmi staviteli postavena budova radnice &#8211; p\u016fvabn\u00e1 renesan\u010dn\u00ed stavba s loub\u00edm a v\u011b\u017e\u00ed,jej\u00ed\u017e cel\u00e9 pr\u016f\u010del\u00ed je pokryto sgrafity. P\u016fvodn\u00ed v\u00fdzdoba v\u0161ak byla o 350 let pozd\u011bji t\u011b\u017ece po\u0161kozena ohn\u011bm a nyn\u011bj\u0161\u00ed v\u00fdzdoba poch\u00e1z\u00ed z roku 1927 od Franti\u0161ka Pr\u016f\u0161i. V roce 2009 prob\u011bhly vnit\u0159n\u00ed \u00fapravy, p\u0159i nich\u017e byly objeveny a n\u00e1sledn\u011b restaurov\u00e1ny erby gener\u00e1ln\u00edch p\u0159evor\u016f Matou\u0161e D\u011bpolta Popela z Libkovic a na Strakonic\u00edch a Kry\u0161tofa star\u0161\u00edho z Vartenberka. Dal\u0161\u00ed erb, V\u00e1clava Zaj\u00edce z H\u00e1zmburka \u010dek\u00e1 na zrestaurov\u00e1n\u00ed.<\/p>\n<p>16. stolet\u00ed p\u0159ineslo rozvoj \u0159emesel, z nich\u017e nejpo\u010detn\u011bj\u0161\u00ed byly cechy soukenick\u00e9, ko\u017eelu\u017esk\u00e9 (souvisej\u00edc\u00ed s tehdy roz\u0161\u00ed\u0159en\u00fdm chovem ovc\u00ed) a peka\u0159sk\u00e9. V roce 1618 byl na vrchu Malsi\u010dka dostav\u011bn (stav\u011bn od roku 1572) renesan\u010dn\u00ed s\u00e1lov\u00fd kostel Prom\u011bn\u011bn\u00ed P\u00e1n\u011b. Zachovan\u00e9 malby dokazuj\u00ed, \u017ee v t\u00e9 tob\u011b vrcholila z\u00e1mo\u017enost m\u011bste\u010dka. Kolem kostela je h\u0159bitov s urnov\u00fdm h\u00e1jem, kde najdeme hroby mnoha v\u00fdznamn\u00fdch osobnost\u00ed &#8211; archeologa Jana Vratislava \u017del\u00edzka, b\u00e1sn\u00edka a spisovatele \u010ce\u0148ka Bendla, astronoma a matematika Jind\u0159icha Svobody, b\u00e1sn\u00edka a p\u0159\u00edtele Wolkerova Jaroslava H\u016flky, mal\u00ed\u0159e Anton\u00edna Lhoty, architekta Josefa Niklase \u010di trojice bratr\u016f Boh\u00e1\u010d\u016f, mal\u00ed\u0159\u016f a socha\u0159\u016f. T\u0159icetilet\u00e1 v\u00e1lka p\u0159inesla plen\u011bn\u00ed, po\u017e\u00e1ry, n\u00e1sil\u00edm vyb\u00edran\u00e9 poplatky. I l\u00e9ta pov\u00e1le\u010dn\u00e1 p\u0159in\u00e1\u0161ej\u00ed povodn\u011b, po\u017e\u00e1ry, epidemie, pr\u016fjezdy ciz\u00edch vojsk. P\u0159esto se v t\u00e9 dob\u011b m\u011bsto rozr\u016fst\u00e1 za hradby. Na pam\u011bt hroziv\u00e9 morov\u00e9 epidemie byl v roce 1760 postaven uprost\u0159ed n\u00e1m\u011bst\u00ed mezi lipami mari\u00e1nsk\u00fd sloup.<\/p>\n<p>V 19. stolet\u00ed se tv\u00e1\u0159 m\u011bste\u010dka za\u010d\u00edn\u00e1 v\u00fdrazn\u011b m\u011bnit. Byly polo\u017eeny z\u00e1klady m\u011bstsk\u00e9 kanalizace, vydl\u00e1\u017ed\u011bno n\u00e1m\u011bst\u00ed, za\u010d\u00ednaj\u00ed se stav\u011bt nov\u00e9 patrov\u00e9 domy. V roce 1849 tu byl zalo\u017een po\u0161tovn\u00ed \u00fa\u0159ad, o rok pozd\u011bji soud a bern\u00ed \u00fa\u0159ad. V roce 1885 byla dostavena v\u0161eobecn\u00e1 nemocnice, o 8 let pozd\u011bji byl zah\u00e1jen provoz na \u017eelezni\u010dn\u00ed trati Strakonice-Vimperk. Dal\u0161\u00ed snahy o vybudov\u00e1n\u00ed pr\u016fmyslu v\u0161ak nem\u011bly trval\u00e9ho v\u00fdsledku, a proto se m\u011bsto v n\u00e1sleduj\u00edc\u00ed dob\u011b v\u011bnovalo rozvoji \u0161kolstv\u00ed a spokojenosti v\u00fdletn\u00edk\u016f. V\u00fdznamnou stavbou je t\u00e9\u017e budova sokolovny od prof. arch. Franti\u0161ka Pr\u016f\u0161i, \u017e\u00e1ka Josipa Ple\u010dnika (t\u00e9\u017e budova modernistick\u00e9 vily \u010d.p. 400).<\/p>\n<p>Po\u010d\u00e1tkem 20. stolet\u00ed se objevuj\u00ed budovy m\u011b\u0161\u0165ansk\u00fdch \u0161kol a od roku 1933 se m\u011bste\u010dko chlub\u00ed funkcionalistick\u00fdm are\u00e1lem st\u0159edn\u00ed pr\u016fmyslov\u00e9 \u0161koly. Dnes je Volyn\u011b s\u00eddlem \u0161koly mate\u0159sk\u00e9, z\u00e1kladn\u00ed, um\u011bleck\u00e9, st\u0159edn\u00ed odborn\u00e9, st\u00e1tn\u00ed jazykov\u00e9 \u0161koly, st\u0159edn\u00ed pr\u016fmyslov\u00e9 i \u0161koly vy\u0161\u0161\u00ed, a dokonce nejv\u011bt\u0161\u00ed \u0161koly v p\u0159\u00edrod\u011b v cel\u00e9 republice. Pr\u016fmyslem z\u016fstala t\u00e9m\u011b\u0159 nedot\u010dena, a tak je ji\u017e od doby 1. republiky vyhled\u00e1van\u00fdm c\u00edlem rekreant\u016f.<\/p>\n<h6><strong>A je\u0161t\u011b pov\u011bsti:<\/strong><\/h6>\n<p><strong>Ze sklepen\u00ed k nebi.<\/strong> <em>Voly\u0148sk\u00e9 n\u00e1m\u011bst\u00ed je cel\u00e9 podsklepen\u00e9 labyrintem chodeb. Kdysi za d\u00e1vn\u00fdch \u010das\u016f tam v dom\u011b Rochotovsk\u00e9m bydlel z\u00e1mo\u017en\u00fd \u0159ezn\u00edk Dr\u017eka. Ten m\u011bl sv\u016fj sklep podivn\u011b za\u0159\u00edzen. Proto\u017ee byl pln\u00fd vody, pou\u017e\u00edval jej k usklad\u0148ov\u00e1n\u00ed ml\u00e9ka. Muselo se v\u0161ak plout temnotou po voru. Jednou poslal sv\u00e9 dv\u011b mal\u00e9 dcerky pro ml\u00e9ko, a ty se ne\u0161\u0165astnou n\u00e1hodou utopily. Na pam\u00e1tku jejich du\u0161\u00ed nechal na sv\u00e9m pozemku za m\u011bstem zalo\u017eit evangelick\u00fd chr\u00e1m. \u0158\u00edk\u00e1 se mu Na Malsi\u010dce. <\/em><\/p>\n<p><strong>B\u00edl\u00e1 pan\u00ed pod Malsi\u010dkou<\/strong>. <em>Kolem voly\u0148sk\u00e9ho h\u0159bitova \u0161el kdysi sedl\u00e1k Pravda ze Starova. Bylo ji\u017e pozd\u011b v noci. N\u00e1hle se p\u0159ed n\u00edm zjevila postava cel\u00e1 v b\u00edl\u00e9m doprov\u00e1zena dv\u011bma psy, kter\u00fdm \u0161lehal ohe\u0148 z tlamy. Sedl\u00e1k zkamen\u011bl hr\u016fzou, ale b\u00edl\u00e1 pan\u00ed pravila: \u201eNeboj se. Jen poj\u010f se mnou, pro sv\u016fj h\u0159\u00ed\u0161n\u00fd \u017eivot tu mus\u00edm nav\u011bky hl\u00eddat poklady!\u201c Sedl\u00e1k v\u0161ak na poklady nesly\u0161el, oto\u010dil se na pat\u011b a mazal tmou dol\u016f a\u017e rynek. Po n\u011bjak\u00e9m \u010dase vzpomn\u011bl si na tr\u00e1pen\u00ed t\u00e9 \u017eeny a dal na m\u00edst\u011b sv\u00e9ho no\u010dn\u00edho setk\u00e1n\u00ed postavit kapli\u010dku ke cti sv. Jana.<\/em><\/p>\n<p><strong> Posledn\u00ed vodn\u00edk voly\u0148sk\u00fd.<\/strong> <em>P\u0159i obecn\u00edm ml\u00fdnu ve Volyni hospoda\u0159il jeden vodn\u00edk. V noci se pl\u00ed\u017eil po ml\u00fdnici a lekal mle\u010de, tak\u017ee p\u0159es noc musel ml\u00fdn \u010dasto st\u00e1t. Pan otec p\u0159em\u00fd\u0161lel, jak by se nezvan\u00e9ho hosta zbavil. A\u017e jednou p\u0159i\u0161el do ml\u00fdna kraj\u00e1nek, kter\u00fd nab\u00eddl mlyn\u00e1\u0159ovi, \u017ee ho vodn\u00edka zbav\u00ed. Kraj\u00e1nek si opat\u0159il l\u00fdkov\u00fd provaz a odebral se na noc do ml\u00fdnice. O jeden\u00e1ct\u00e9 sk\u0159\u00edpla dv\u00ed\u0159ka a vodn\u00edk byl tu. Za p\u00e1r okam\u017eik\u016f se u\u017e bezmocn\u011b zm\u00edtal ve smy\u010dce. Kdy\u017e poznal, \u017ee neute\u010de, za\u010dal s pros\u00edkem. Nakonec musel sl\u00edbit, \u017ee se vyst\u011bhuje z m\u011bsta a ji\u017e do nikdy do n\u011bj nevkro\u010d\u00ed, ani po suchu, ani po vod\u011b. Od t\u00e9 doby ji\u017e vodn\u00edci ve Volyni nejsou.<\/em><\/p>\n<p>&nbsp;<\/p>\n<p><strong>Zdroj:<\/strong> FIBICH, Ond\u0159ej &#8211; Co vypr\u00e1v\u011bla \u0159eka Voly\u0148ka: s pov\u011bstmi od Bohumilic k Volyni. Nakladatelstv\u00ed Hrad, Strakonice 2010<\/p>\n<p><strong>P\u0159ipravuje: Miroslav K\u016eS ANDRES<\/strong><\/p>\n<p><strong>Foto: archiv autora<\/strong><\/p>\n<hr \/>\n<p>&nbsp;<\/p>\n","protected":false},"excerpt":{"rendered":"<p>&nbsp; Eli\u0161ka <\/p>\n","protected":false},"author":2,"featured_media":318675,"comment_status":"open","ping_status":"open","sticky":false,"template":"","format":"gallery","meta":{"footnotes":""},"categories":[111],"tags":[],"jetpack_featured_media_url":"https:\/\/zakrasnejsivimperk.cz\/wp-content\/uploads\/2024\/08\/22\/ram-volyne.jpg","_links":{"self":[{"href":"https:\/\/zakrasnejsivimperk.cz\/index.php?rest_route=\/wp\/v2\/posts\/228527"}],"collection":[{"href":"https:\/\/zakrasnejsivimperk.cz\/index.php?rest_route=\/wp\/v2\/posts"}],"about":[{"href":"https:\/\/zakrasnejsivimperk.cz\/index.php?rest_route=\/wp\/v2\/types\/post"}],"author":[{"embeddable":true,"href":"https:\/\/zakrasnejsivimperk.cz\/index.php?rest_route=\/wp\/v2\/users\/2"}],"replies":[{"embeddable":true,"href":"https:\/\/zakrasnejsivimperk.cz\/index.php?rest_route=%2Fwp%2Fv2%2Fcomments&post=228527"}],"version-history":[{"count":5,"href":"https:\/\/zakrasnejsivimperk.cz\/index.php?rest_route=\/wp\/v2\/posts\/228527\/revisions"}],"predecessor-version":[{"id":318674,"href":"https:\/\/zakrasnejsivimperk.cz\/index.php?rest_route=\/wp\/v2\/posts\/228527\/revisions\/318674"}],"wp:featuredmedia":[{"embeddable":true,"href":"https:\/\/zakrasnejsivimperk.cz\/index.php?rest_route=\/wp\/v2\/media\/318675"}],"wp:attachment":[{"href":"https:\/\/zakrasnejsivimperk.cz\/index.php?rest_route=%2Fwp%2Fv2%2Fmedia&parent=228527"}],"wp:term":[{"taxonomy":"category","embeddable":true,"href":"https:\/\/zakrasnejsivimperk.cz\/index.php?rest_route=%2Fwp%2Fv2%2Fcategories&post=228527"},{"taxonomy":"post_tag","embeddable":true,"href":"https:\/\/zakrasnejsivimperk.cz\/index.php?rest_route=%2Fwp%2Fv2%2Ftags&post=228527"}],"curies":[{"name":"wp","href":"https:\/\/api.w.org\/{rel}","templated":true}]}}