{"id":228398,"date":"2024-08-19T18:45:30","date_gmt":"2024-08-19T17:45:30","guid":{"rendered":"http:\/\/zakrasnejsivimperk.cz\/?p=228398"},"modified":"2024-08-19T18:46:58","modified_gmt":"2024-08-19T17:46:58","slug":"stara-sumava-a-posumavi-hostice-u-volyne","status":"publish","type":"post","link":"https:\/\/zakrasnejsivimperk.cz\/?p=228398","title":{"rendered":"STAR\u00c1 \u0160UMAVA A PO\u0160UMAV\u00cd: Ho\u0161tice u Volyn\u011b"},"content":{"rendered":"<p><img loading=\"lazy\" decoding=\"async\" class=\"aligncenter wp-image-228401 size-full\" src=\"http:\/\/zakrasnejsivimperk.cz\/wp-content\/uploads\/2021\/06\/25\/HO\u0160TICE-U-VOLYN\u011a-V-PO\u0160UMAV\u00cd........jpg\" alt=\"\" width=\"1024\" height=\"724\" srcset=\"https:\/\/zakrasnejsivimperk.cz\/wp-content\/uploads\/2021\/06\/25\/HO\u0160TICE-U-VOLYN\u011a-V-PO\u0160UMAV\u00cd........jpg 1024w, https:\/\/zakrasnejsivimperk.cz\/wp-content\/uploads\/2021\/06\/25\/HO\u0160TICE-U-VOLYN\u011a-V-PO\u0160UMAV\u00cd.......-300x212.jpg 300w, https:\/\/zakrasnejsivimperk.cz\/wp-content\/uploads\/2021\/06\/25\/HO\u0160TICE-U-VOLYN\u011a-V-PO\u0160UMAV\u00cd.......-768x543.jpg 768w, https:\/\/zakrasnejsivimperk.cz\/wp-content\/uploads\/2021\/06\/25\/HO\u0160TICE-U-VOLYN\u011a-V-PO\u0160UMAV\u00cd.......-505x357.jpg 505w, https:\/\/zakrasnejsivimperk.cz\/wp-content\/uploads\/2021\/06\/25\/HO\u0160TICE-U-VOLYN\u011a-V-PO\u0160UMAV\u00cd.......-683x483.jpg 683w\" sizes=\"(max-width: 1024px) 100vw, 1024px\" \/><\/p>\n<div class=\"o9v6fnle cxmmr5t8 oygrvhab hcukyx3x c1et5uql ii04i59q\"><\/div>\n<p>&nbsp;<\/p>\n<h4>\u201eHo\u0161tice, ale nezastavujeme, m\u00e1me zpo\u017ed\u011bn\u00ed, vystoup\u00edte si a\u017e ve Volyni!\u201c<\/h4>\n<h6>Ano nem\u00fdl\u00edte se, jsou to p\u0159esn\u011b ty Ho\u0161tice, kde se to\u010dila slavn\u00e1 trilogie. Jednalo by se o pom\u011brn\u011b oby\u010dejnou obec, jak\u00fdch je v \u010cesk\u00e9 republice cel\u00e1 \u0159ada, neb\u00fdt slavn\u00e9 trilogie Zde\u0148ka Tro\u0161ky &#8220;Slunce, seno &#8211; jahody, a p\u00e1r facek, erotika&#8221;, kter\u00e1 se nat\u00e1\u010dela pr\u00e1v\u011b zde. Nen\u00ed snad \u010cecha, kter\u00fd by ji nevid\u011bl a nem\u011bl r\u00e1d. Ko\u0161ilat\u00e9 komedie, kter\u00e9 vznikaly mezi lety 1982 a\u017e 1990 se staly hitem a \u010desk\u00e9 televizn\u00ed stanice je repr\u00edzuj\u00ed nejm\u00e9n\u011b dvakr\u00e1t ro\u010dn\u011b.<\/h6>\n<p>Zvl\u00e1\u0161tn\u00ed je, \u017ee t\u00e9m\u011b\u0159 nikde se nesetk\u00e1te s \u017e\u00e1dn\u00fdmi zvl\u00e1\u0161tn\u00edmi ukazateli a sm\u011brovkami na v\u011bhlasnou filmovou vesnici. D\u016fvodem je asi jenom to, \u017ee Ho\u0161tice nic takov\u00e9ho nemaj\u00ed za pot\u0159eb\u00ed. Kdo chce, ur\u010dit\u011b je bez probl\u00e9m\u016f najde, a \u017ee t\u011bch, co je naj\u00edt cht\u011bj\u00ed, je opravdu spousta! Turist\u00e9 sem rok co rok p\u0159ij\u00ed\u017ed\u011bj\u00ed hlavn\u011b b\u011bhem letn\u00edch pr\u00e1zdnin a vyhled\u00e1vaj\u00ed samoz\u0159ejm\u011b p\u0159edev\u0161\u00edm m\u00edsta, kter\u00e1 se ve filmech Slunce, seno,&#8230;objevila, a sice n\u00e1ves, d\u016fm \u0160kopkov\u00fdch, hospodu, z\u00e1me\u010dek nebo krav\u00edn. Ho\u0161tice jsou v podstat\u011b mal\u00e1 vesni\u010dka, a tak v\u0161echny hlavn\u00ed filmov\u00e9 &#8220;atrakce&#8221; budete m\u00edt na dosah z n\u00e1vsi. Jen krav\u00edn a m\u00edstn\u00ed hospoda jsou trochu stranou, ale ne p\u0159\u00edli\u0161.<\/p>\n<p>Ve sm\u011bru od Strakonic (ze silnice \u010d.4) vede k Ho\u0161tic\u00edm odbo\u010dka vlevo, kde v\u00e1s p\u0159iv\u00edt\u00e1 zn\u00e1m\u00e1 vlakov\u00e1 zast\u00e1vka, kde, alespo\u0148 ve filmu, vlak kv\u016fli zpo\u017ed\u011bn\u00ed nikdy nestav\u00ed. Stranou od Ho\u0161tic je i ml\u00fdn, kde stra\u0161il &#8220;velkej \u010dernej pes a mrtvej kosteln\u00edk&#8221;.<\/p>\n<p>Ho\u0161tice u Volyn\u011b ale existovaly u\u017e d\u00e1vno p\u0159ed filmy Slunce, seno\u2026 Kdysi b\u00fdvaly vladyck\u00e9 s\u00eddlo jeho\u017e majitelem byl Vil\u00e9m z Ho\u0161tic, v roce 1274 je zde uv\u00e1d\u011bn jeho syn Dr\u017eislav. V roce 1315 jsou Ho\u0161tice jednou z osad, kter\u00fdm d\u00e1v\u00e1 kr\u00e1lovna Eli\u0161ka P\u0159emyslovna privil\u00e9gia takzvan\u00fdch kr\u00e1lovack\u00fdch obc\u00ed. V t\u00e9 dob\u011b pat\u0159\u00ed obec do tzv. Voly\u0148sk\u00e9ho \u00fajezdu, pozd\u011bji pat\u0159ila k panstv\u00edm Hlubok\u00e1 a Ka\u0161perk.<\/p>\n<p>V 16. stolet\u00ed se dostaly Ho\u0161tice d\u011bdi\u010dn\u011b do majetku Vil\u00e9ma z Ro\u017emberka a pozd\u011bji v roce 1593 byly prod\u00e1ny Arno\u0161tu Vitanovsk\u00e9mu z Vl\u010dkovi, kter\u00fd m\u011bl sv\u00e9 renesan\u010dn\u00ed obydl\u00ed na m\u00edst\u011b dne\u0161n\u00edho z\u00e1mku, kter\u00fd je jednopatrov\u00fd, uprost\u0159ed s rann\u011b barokn\u00edm port\u00e1lem. Za Chlum\u010dansk\u00fdch byl roku 1777 p\u0159estav\u011bn a opravov\u00e1n v letech 1870-1880. Pozd\u011bji byl v majetku m\u00edstn\u00edho JZD. V 17. stolet\u00ed kupuje Ho\u0161tice Vladislav Chlum\u010dansk\u00fd z P\u0159estavlk.<\/p>\n<p>V roce 1749 se zde narodil V\u00e1clav Leopold Chlum\u010dansk\u00fd pozd\u011bj\u0161\u00ed pra\u017esk\u00fd arcibiskup. Od roku 1799 je vlastn\u00edkem J\u00e1chym Z\u00e1dubsk\u00fd ze \u0160ont\u00e1lu a od roku 1822 je zde rod Schutterstein\u016f a posledn\u00edm \u0161lechtick\u00fdm majitelem Adolf Haid von Haidenburg.<\/p>\n<p>Dle pov\u011bsti se p\u00ed\u0161e, \u017ee pra\u017esk\u00fd arcibiskup, zdej\u0161\u00ed rod\u00e1k, V\u00e1clav Chlum\u010dansk\u00fd, koupil pro zdej\u0161\u00ed kostel Narozen\u00ed Panny Marie zvon, podm\u00ednkou bylo si pro n\u011bj dojet a odv\u00e9st do Ho\u0161tic. Ti se dot\u00e1zali kolik dostanou od cesty, co\u017e biskupa roz\u010d\u00edlilo na tolik, \u017ee nakonec zvon v\u011bnoval Dobr\u0161i. 15.11.1749 se zde narodil posledn\u00ed mu\u017esk\u00fd potomek starobyl\u00e9 \u010desk\u00e9 vladyck\u00e9 rodiny V\u00e1clav Leopold, ryt\u00ed\u0159 Chlum\u010dansk\u00fd z P\u0159estavlk, kn\u00ed\u017ee arcibiskup pra\u017esk\u00fd a primas \u010desk\u00fd. Studoval v N\u011bmeck\u00e9m Brod\u011b a v Praze na svatov\u00e1clavsk\u00e9m semin\u00e1\u0159i. V roce 1772 byl vysv\u011bcen, v roce 1779 se stal metropolitn\u00edm kanovn\u00edkem u sv. V\u00edta, v roce 1795 byl jmenov\u00e1n sv\u011bt\u00edc\u00edm biskupem Kamejsk\u00fdm in patribus, v roce 1803 mu bylo prop\u016fj\u010deno biskupstv\u00ed litom\u011b\u0159ick\u00e9 a 2.12. 1814 byl zvolen pra\u017esk\u00fdm arcibiskupem.<\/p>\n<p>M\u011bl velkou z\u00e1sluhu na tehdej\u0161\u00edm kulturn\u00edm \u017eivot\u011b v \u010desk\u00fdch zem\u00edch, zalo\u017eil re\u00e1lky v Rakovn\u00edku \u010di Liberci, \u010dasopis katolick\u00e9ho duchovenstva a nap\u0159. podporoval z vlastn\u00edch prost\u0159edk\u016f vyd\u00e1v\u00e1n\u00ed Jungmannova Slovn\u00edku nau\u010dn\u00e9ho. C\u00edsa\u0159 Franti\u0161ek I. jej poctil jm\u00e9nem Otec chud\u00fdch. Zem\u0159el 14.6.1830 a je pochov\u00e1n v arcibiskupsk\u00e9 hrobce v arcibiskupsk\u00e9 kapli (p\u016fvodn\u011b kaple Kinsk\u00fdch) katedr\u00e1ly sv. V\u00edta. Kostel je v Ho\u0161tic\u00edch jeden, ale zato pozoruhodn\u00fd. Postaven byl roku 1593 v renesan\u010dn\u00edm slohu a to v neobvykl\u00e9 ose sever &#8211; jih. K pam\u011btihodnostem pat\u0159\u00ed kostel Narozen\u00ed Panny Marie z roku 1593 na jeho stavb\u011b m\u011bl i pod\u00edl Rudolf Koc z Dobr\u0161e. Zachovalo se renesan\u010dn\u00ed zdivo, v 18 stolet\u00ed byl celkov\u011b upraven, tak\u017ee dnes je vybaven\u00ed chr\u00e1mu pseudorenesan\u010dn\u00ed a barokn\u00ed. Cel\u00fd interi\u00e9r poch\u00e1z\u00ed z roku 1742. Na h\u0159bitov\u011b nalevo od vchodu do kostela jsou poh\u0159beni n\u011bkte\u0159\u00ed \u010dlenov\u00e9 rodiny Schutterstein\u016f a Haidenburg\u016f, posledn\u00ed majitel\u00e9 z\u00e1mku.<\/p>\n<p>Nejenom sv\u011bt\u0161t\u00ed a c\u00edrkevn\u00ed hodnost\u00e1\u0159i se v\u0161ak zaslou\u017eili o v\u011bhlas Ho\u0161tic. V roce 1978 se v Ho\u0161tic\u00edch usadil zp\u011bv\u00e1k Michal Tu\u010dn\u00fd, kter\u00fd zde \u017eil a tvo\u0159il v klidu obce pod Kaln\u00fdm vrchem ( 648 n.m. ) a\u017e do sv\u00e9 p\u0159ed\u010dasn\u00e9 smrti 10.3.1995 (nar. 11.1.1947). Odpo\u010d\u00edv\u00e1 zde v lev\u00e9m doln\u00edm rohu h\u0159bitova. Na jeho hrob\u011b je um\u00edst\u011bn kamenn\u00fd klobouk z roku 1998 od akademick\u00e9ho socha\u0159e Michala Gabriela. Za svou sou\u010dasnou popularitu vd\u011b\u010d\u00ed Ho\u0161tice bl\u00e1zniv\u00fdm letn\u00edm trilogi\u00edm Slunce, seno &#8230; m\u00edstn\u00edho rod\u00e1ka a re\u017eis\u00e9ra Zde\u0148ka Tro\u0161ky. Zden\u011bk Tro\u0161ka se narodil v rodinn\u00e9m domku na n\u00e1vsi, kde \u017eil do sv\u00fdch \u0161esti let. Po t\u00e9 se s rodi\u010di odst\u011bhoval do nov\u00e9ho domku nad h\u0159bitovem. Severoz\u00e1padn\u011b za samotou &#8220;Rasovna&#8221; ve sm\u011bru kolem lesa na Strunkovice se dojde ke kamenn\u00e9mu ohrazen\u00ed za n\u00edm\u017e se nach\u00e1z\u00ed \u017eidovsk\u00fd h\u0159bitov, zalo\u017een\u00fd v polovin\u011b 18. stolet\u00ed. Nejstar\u0161\u00ed n\u00e1hrobek je z roku 1735, \u0159ada hebrejsk\u00fdch n\u00e1pis\u016f je dnes ji\u017e ne\u010diteln\u00e1. \u017didovsk\u00e1 komunita se do Ho\u0161tic dostala kolem roku 1724 a roku 1899 je zdej\u0161\u00ed \u017eidovsk\u00e1 obec zru\u0161ena a v roce 1904 zbo\u0159ena i synagoga. Z\u016fstal pouze tento h\u0159bitov \u0159adu let zanedb\u00e1van\u00fd.<\/p>\n<p><strong>A je\u0161t\u011b pov\u011bst:<\/strong><em> Nen\u00ed rouh\u00e1n\u00ed jako rouh\u00e1n\u00ed. Vracel se jeden nachmelen\u00fd kmotr dom\u016f. Cesta vedla kolem ho\u0161tick\u00e9ho \u017eidovsk\u00e9ho h\u0159bitova. Kdy\u017e se tak kl\u00e1til kolem star\u00fdch kamen\u016f, utrousil u\u0161t\u011bpa\u010dn\u011b: \u201eDu\u0161iky k\u0159es\u0165ansk\u00e9, odpo\u00edvejte v pokoji a vy, \u017eidov\u00e9, zase v prdeli!\u201c Nato se otev\u0159ela kovan\u00e1 h\u0159bitovn\u00ed branka a ven se vyvalilo mno\u017estv\u00ed ohniv\u00fdch sud\u016f a m\u00ed\u0159\u00ed rovnou na rouha\u010de. Ten vzal nohy na ramena a sna\u017eil se p\u0159ed t\u011bmi p\u0159\u00edzraky ut\u00e9ct. Sudy se za n\u00edm valily a\u017e k prvn\u00ed ho\u0161tick\u00e9 chalup\u011b. Pak se ztratily ve tm\u011b. A chalupn\u00edk? Ten strachy \u00fapln\u011b vyst\u0159\u00edzliv\u011bl.<\/em><\/p>\n<p>&nbsp;<\/p>\n<p><strong>Zdroj:<\/strong> Nen\u00ed rouh\u00e1n\u00ed jako rouh\u00e1n\u00ed &#8211; vypr\u00e1v\u011bl Anton\u00edn Majer z Volyn\u011b, zapsal Ond\u0159ej Fibich 2006<\/p>\n<p><strong>P\u0159ipravuje: Miroslav K\u016eS ANDRES<\/strong><\/p>\n<p><strong>Foto: archiv autora<\/strong><\/p>\n<hr \/>\n<p>&nbsp;<\/p>\n<p>&nbsp;<\/p>\n","protected":false},"excerpt":{"rendered":"<p>&nbsp; \u201eHo\u0161tice, <\/p>\n","protected":false},"author":2,"featured_media":318298,"comment_status":"open","ping_status":"open","sticky":false,"template":"","format":"gallery","meta":{"footnotes":""},"categories":[111],"tags":[],"jetpack_featured_media_url":"https:\/\/zakrasnejsivimperk.cz\/wp-content\/uploads\/2024\/08\/19\/ram-hostice.jpg","_links":{"self":[{"href":"https:\/\/zakrasnejsivimperk.cz\/index.php?rest_route=\/wp\/v2\/posts\/228398"}],"collection":[{"href":"https:\/\/zakrasnejsivimperk.cz\/index.php?rest_route=\/wp\/v2\/posts"}],"about":[{"href":"https:\/\/zakrasnejsivimperk.cz\/index.php?rest_route=\/wp\/v2\/types\/post"}],"author":[{"embeddable":true,"href":"https:\/\/zakrasnejsivimperk.cz\/index.php?rest_route=\/wp\/v2\/users\/2"}],"replies":[{"embeddable":true,"href":"https:\/\/zakrasnejsivimperk.cz\/index.php?rest_route=%2Fwp%2Fv2%2Fcomments&post=228398"}],"version-history":[{"count":6,"href":"https:\/\/zakrasnejsivimperk.cz\/index.php?rest_route=\/wp\/v2\/posts\/228398\/revisions"}],"predecessor-version":[{"id":318300,"href":"https:\/\/zakrasnejsivimperk.cz\/index.php?rest_route=\/wp\/v2\/posts\/228398\/revisions\/318300"}],"wp:featuredmedia":[{"embeddable":true,"href":"https:\/\/zakrasnejsivimperk.cz\/index.php?rest_route=\/wp\/v2\/media\/318298"}],"wp:attachment":[{"href":"https:\/\/zakrasnejsivimperk.cz\/index.php?rest_route=%2Fwp%2Fv2%2Fmedia&parent=228398"}],"wp:term":[{"taxonomy":"category","embeddable":true,"href":"https:\/\/zakrasnejsivimperk.cz\/index.php?rest_route=%2Fwp%2Fv2%2Fcategories&post=228398"},{"taxonomy":"post_tag","embeddable":true,"href":"https:\/\/zakrasnejsivimperk.cz\/index.php?rest_route=%2Fwp%2Fv2%2Ftags&post=228398"}],"curies":[{"name":"wp","href":"https:\/\/api.w.org\/{rel}","templated":true}]}}