{"id":226979,"date":"2024-07-29T18:15:29","date_gmt":"2024-07-29T17:15:29","guid":{"rendered":"http:\/\/zakrasnejsivimperk.cz\/?p=226979"},"modified":"2024-07-29T18:15:29","modified_gmt":"2024-07-29T17:15:29","slug":"stara-sumava-vrbice-u-vacova","status":"publish","type":"post","link":"https:\/\/zakrasnejsivimperk.cz\/?p=226979","title":{"rendered":"STAR\u00c1 \u0160UMAVA: Vrbice u Vacova"},"content":{"rendered":"<p><img loading=\"lazy\" decoding=\"async\" class=\"aligncenter wp-image-226980 size-full\" src=\"http:\/\/zakrasnejsivimperk.cz\/wp-content\/uploads\/2021\/06\/12\/VRBICE-U-VACOVA-NA-\u0160UMAV\u011a....jpg\" alt=\"\" width=\"1100\" height=\"780\" srcset=\"https:\/\/zakrasnejsivimperk.cz\/wp-content\/uploads\/2021\/06\/12\/VRBICE-U-VACOVA-NA-\u0160UMAV\u011a....jpg 1100w, https:\/\/zakrasnejsivimperk.cz\/wp-content\/uploads\/2021\/06\/12\/VRBICE-U-VACOVA-NA-\u0160UMAV\u011a...-300x213.jpg 300w, https:\/\/zakrasnejsivimperk.cz\/wp-content\/uploads\/2021\/06\/12\/VRBICE-U-VACOVA-NA-\u0160UMAV\u011a...-768x545.jpg 768w, https:\/\/zakrasnejsivimperk.cz\/wp-content\/uploads\/2021\/06\/12\/VRBICE-U-VACOVA-NA-\u0160UMAV\u011a...-1024x726.jpg 1024w, https:\/\/zakrasnejsivimperk.cz\/wp-content\/uploads\/2021\/06\/12\/VRBICE-U-VACOVA-NA-\u0160UMAV\u011a...-503x357.jpg 503w, https:\/\/zakrasnejsivimperk.cz\/wp-content\/uploads\/2021\/06\/12\/VRBICE-U-VACOVA-NA-\u0160UMAV\u011a...-681x483.jpg 681w\" sizes=\"(max-width: 1100px) 100vw, 1100px\" \/><\/p>\n<p>&nbsp;<\/p>\n<h6>Kraj ozna\u010dovan\u00fd jako Podles\u00ed, Po\u0161umav\u00ed nebo Podh\u016f\u0159\u00ed \u0160umavy \u010dekal na trval\u00e9 os\u00eddlen\u00ed a\u017e do ran\u00e9ho st\u0159edov\u011bku. P\u00edsemn\u00e9 prameny se o Vrbici zmi\u0148uj\u00ed poprv\u00e9 v roce 1382. Na listin\u00e1ch je uv\u00e1d\u011bn n\u00e1zev v podob\u011b Wirbicz. M\u00fcllerova mapa z roku 1720 pou\u017e\u00edv\u00e1 tvar Wirbitz. Vesnice vznikla pravd\u011bpodobn\u011b ji\u017e v pr\u016fb\u011bhu 13. stolet\u00ed \u2013 v dob\u011b, kdy Podh\u016f\u0159\u00ed \u0160umavy osidlovala vy\u0161ehradsk\u00e1 kapitula.<\/h6>\n<p>O nejstar\u0161\u00edch d\u011bjin\u00e1ch obce mnoho zpr\u00e1v nem\u00e1me. Existuj\u00ed zm\u00ednky o n\u00e1hrobc\u00edch ryt\u00ed\u0159\u016f z Vrbice, je\u017e se m\u011bly nach\u00e1zet ve star\u00e9m vacovsk\u00e9m kostele. Nakolik je tato informace pravdiv\u00e1, nen\u00ed ov\u011b\u0159eno. Sou\u010d\u00e1st\u00ed vesnice byl poplu\u017en\u00ed dv\u016fr \u2013 mo\u017en\u00e9 s\u00eddlo drobn\u00e9ho feud\u00e1la, vladyky (zemana). St\u00e1val v jihoz\u00e1padn\u00edm rohu n\u00e1vsi. Dodnes se v m\u00edst\u011b \u0159\u00edk\u00e1 \u201eVe Dvo\u0159e\u201c. Polohu a p\u016fvodn\u00ed tvar dvorce dokl\u00e1daj\u00ed mapy z 19. stolet\u00ed. Na p\u0159elomu 18. a 19. stolet\u00ed nechali Schwarzenbergov\u00e9 dv\u016fr rozparcelovat a jednotliv\u00e9 \u010d\u00e1sti prodali. P\u0159ilehl\u00e9 pozemky dali do n\u00e1jmu m\u00edstn\u00edm. V roce 1920 dv\u016fr vyho\u0159el. Z v\u011bt\u0161\u00ed \u010d\u00e1sti byla staven\u00ed obnovena, av\u0161ak jejich vzhled se prom\u011bnil. Mezi jednotliv\u00fdmi domky vznikly proluky. Prostorov\u00e9 uspo\u0159\u00e1d\u00e1n\u00ed z\u016fstalo zachovan\u00e9.<\/p>\n<p>V roce 1528 je Vrbice uv\u00e1d\u011bna jako majetek Kry\u0161tofa Koce z Dobr\u0161e. Spole\u010dn\u011b s dal\u0161\u00edmi vesnicemi byla p\u0159i\u010dlen\u011bna k panstv\u00ed P\u0159e\u010d\u00edn, kter\u00e9 Kocov\u00e9 po\u010d\u00e1tkem 17. stolet\u00ed prod\u00e1vaj\u00ed. Nastalo stolet\u00ed st\u0159\u00edd\u00e1n\u00ed majitel\u016f, je\u017e je ukon\u010deno roku 1700, kdy p\u0159e\u010d\u00ednsk\u00fd velkostatek kupuj\u00ed Schwarzenbergov\u00e9. Ti jej dr\u017eeli a\u017e do roku 1936, tehdy statek s rozs\u00e1hl\u00fdm poles\u00edm prodali Okresn\u00edmu \u00fa\u0159adu ve Strakonic\u00edch. Podle z\u00e1znam\u016f v bern\u00ed rule Pr\u00e1che\u0148sk\u00e9ho kraje z roku 1654 hospoda\u0159ili ve Vrbici dva sedl\u00e1ci \u2013 Bartolom\u011bj Mart\u00ednek (20 strych\u016f pol\u00ed) a Jan Janek (18 strych\u016f).<\/p>\n<p>St\u0159edov\u011bk\u00e9 j\u00e1dro obce se b\u011bhem stalet\u00ed p\u0159\u00edli\u0161 nem\u011bnilo. Okolo n\u00e1vsi jsou nepravideln\u011b rozlo\u017eena selsk\u00e1 staven\u00ed a mezi n\u011b jsou vkl\u00edn\u011bn\u00e9 men\u0161\u00ed domky chalupn\u00edk\u016f. Z urbanistick\u00e9ho hlediska m\u00e1 uspo\u0159\u00e1d\u00e1n\u00ed n\u00e1vsi nejbl\u00ed\u017ee okrouhlici. M\u00edstn\u00ed \u010d\u00e1st \u201eD\u00e1lka\u201c je naopak typickou ulicovou z\u00e1stavbou. Domy lemuj\u00ed komunikaci vyb\u00edhaj\u00edc\u00ed z n\u00e1vsi \u201edaleko\u201c k severu. V D\u00e1lce sv\u00e1 obydl\u00ed budovali p\u0159ev\u00e1\u017en\u011b domk\u00e1\u0159i a chalupn\u00edci. Sm\u011brem ke Lhot\u011b a Mil\u00edkovu b\u00fdvala pouze roztrou\u0161en\u00e1 z\u00e1stavba \u2013 samoty a polosamoty.<\/p>\n<p>Chalup\u00e1m na k\u0159i\u017eovatce cest do Rohanova a Mil\u00edkova se \u0159\u00edk\u00e1 \u201eSu\u0161ina\u201c. Vyrostly na slunn\u00e9m ji\u017en\u00edm svahu zvedaj\u00edc\u00edm se z \u00fadol\u00ed Mlad\u00edkovsk\u00e9ho potoka. Jako slovn\u00ed h\u0159\u00ed\u010dka p\u016fsob\u00ed pojmenov\u00e1n\u00ed louky za Su\u0161inou p\u0159i cest\u011b k mostu. \u0158\u00edk\u00e1 se j\u00ed \u201eMok\u0159\u00edtka\u201c. Nen\u00ed to hra se slovy, str\u00e1\u0148 je opravdu podm\u00e1\u010den\u00e1. Na sklonku 70. let 20. stolet\u00ed do\u0161lo v\u00fdstavbou chatov\u00e9 osady k propojen\u00ed Su\u0161iny s j\u00e1drem obce. Rekrea\u010dn\u00ed domky byly vystav\u011bny na n\u011bkdej\u0161\u00edch drah\u00e1ch (obecn\u00edch pastvin\u00e1ch). D\u016fm \u010dp. 3 na Su\u0161in\u011b slou\u017eil jako obecn\u00ed chudobinec.<\/p>\n<p>Po\u0161umav\u00ed proslulo ve druh\u00e9 polovin\u011b 19. a po\u010d\u00e1tkem 20. stolet\u00ed \u201esv\u011bt\u00e1ctv\u00edm\u201c. Na ja\u0159e za lep\u0161\u00edm v\u00fdd\u011blkem odch\u00e1zela a\u017e t\u0159etina obyvatel obce (nej\u010dast\u011bji do Rakouska, N\u011bmecka, Francie). Pro dokreslen\u00ed \u2013 v roce 1910 m\u011bla Vrbice 371 obyvatel (176 mu\u017e\u016f a 195 \u017een) a 50 dom\u016f. Velice vyhled\u00e1vanou b\u00fdvala pr\u00e1ce u cirkus\u016f. Popt\u00e1vka byla p\u0159edev\u0161\u00edm po kvalitn\u00edch muzikantech, o kter\u00e9 nebyla na \u0161umavsk\u00e9m Podles\u00ed nouze. Jin\u00ed hledali pr\u00e1ci na stavb\u00e1ch \u010di v dolech. S podzimn\u00edm n\u00e1vratem sv\u011bt\u00e1k\u016f \u0161umavsk\u00e9 vesnice o\u017e\u00edvaly. V hospod\u00e1ch b\u00fdvalo veselo. D\u0159inou vyd\u011blan\u00e9 pen\u00edze se mnohdy rychle rozkut\u00e1lely\u2026<\/p>\n<p>P\u0159\u00edb\u011bhy sv\u011bt\u00e1k\u016f ztv\u00e1rnil ve sv\u00fdch d\u00edlech spisovatel \u0160umavy Karel Klostermann (Sv\u011bt\u00e1k z Podles\u00ed, Ecce homo, Mrtv\u00ed se nevracej\u00ed \u2013 d\u011bj pov\u00eddky se odehr\u00e1v\u00e1 ve Vrbici a okol\u00ed). Podle pov\u00eddky Mrtv\u00ed se nevracej\u00ed nato\u010dil v roce 2003 \u010cesk\u00fd rozhlas stejnojmennou hru v hlavn\u00edch rol\u00edch s Ivanem Trojanem a Terezou Bebarovou. Kdo neode\u0161el do sv\u011bta, hledal \u017eivobyt\u00ed v les\u00edch schwarzenbersk\u00e9ho rev\u00edru. Nedaleko za vs\u00ed, nalevo od silni\u010dky na Z\u00e1les\u00ed, stoj\u00ed b\u00fdval\u00e1 pansk\u00e1 stodola. U n\u00ed se nach\u00e1zel sklad vyt\u011b\u017een\u00e9ho d\u0159eva. Kulatinu sv\u00e1\u017eeli formani p\u0159es Vrbici dol\u016f k Vacovu. D\u016fle\u017eitou \u00falohu m\u011bla vrbick\u00e1 kov\u00e1rna stoj\u00edc\u00ed p\u0159i silnici. Nez\u0159\u00eddka se st\u00e1valo, \u017ee k\u016f\u0148 ztratil podkovu, \u010di m\u011bl povoz z\u00e1vadu, je\u017e bylo pot\u0159eba rychle opravit.<\/p>\n<p>Po z\u00e1niku feud\u00e1ln\u00ed spr\u00e1vy v polovin\u011b 19. stolet\u00ed vznikl v P\u0159e\u010d\u00edn\u011b obecn\u00ed \u00fa\u0159ad. Do jeho obvodu pat\u0159ily Vacov, Mi\u0159etice a Vrbice. Roku 1912 se Vrbice osamostatnila. Prvn\u00edm vrbick\u00fdm starostou byl zvolen Pavel Le\u0161\u00e1k. Ve vrbick\u00e9m Hanzov\u011b penzionu \u201ePod Javorn\u00edkem\u201c tr\u00e1vil odpo\u010dinek p\u0159edseda Nejvy\u0161\u0161\u00edho spr\u00e1vn\u00edho soudu a pozd\u011bj\u0161\u00ed prezident Emil H\u00e1cha.<\/p>\n<p>U sv\u00e9ho str\u00fdce ve Vrbici vyr\u016fstal Josef B\u00e1rt\u00edk (1897-1968) \u2013 legion\u00e1\u0159, d\u016fstojn\u00edk vojensk\u00e9ho zpravodajstv\u00ed \u010ds. arm\u00e1dy a brig\u00e1dn\u00ed gener\u00e1l. B\u00e1rt\u00edk se narodil ve Stach\u00e1ch. Po odchodu matky do USA z\u016fstal mal\u00fd Josef u p\u0159\u00edbuzn\u00fdch na \u0160umav\u011b. B\u00e1rt\u00edkovi \u017eili na n\u00e1vsi v \u010dp. 5, kde provozovali obchod. Obchodn\u00edk Jan B\u00e1rt\u00edk v meziv\u00e1le\u010dn\u00e9 dob\u011b ur\u010dit\u00fd \u010das zast\u00e1val post starosty.<\/p>\n<p><strong>A je\u0161t\u011b pov\u011bst:<\/strong> Baben\u00ed vodn\u00ed\u010dat<strong>.<\/strong><em> Chod\u00edvala kdysi teta kov\u00e1\u0159ka k porod\u016fm. Jednou se vracela z Vrbice, a kdy\u017e p\u0159i\u0161la k \u017didovsk\u00e9mu rybn\u00edku u P\u0159e\u010d\u00edna, byla ji\u017e noc, jen jedna \u017e\u00e1ba hlasit\u011b sk\u0159ehotala. Tu j\u00ed porodn\u00ed b\u00e1ba odpov\u011bd\u011bla: ,,Pominut\u00e1 \u017e\u00e1bo, co mne stra\u0161\u00ed\u0161? A\u017e se bude\u0161 \u017eabit, j\u00e1 ti p\u0159ijdu babit.\u201c A ku podivu, zanedlouho k n\u00ed na noc p\u0159i\u0161el mu\u017e\u00edk, aby p\u0159i\u0161la k jeho \u017een\u011b v t\u011b\u017ek\u00e9 hodince. Sotva p\u0159i\u0161li k rybn\u00edku, teta div strachy neomdlela. To u\u017e vodn\u00edk vyndal proutek a \u0161lehl do vody, kter\u00e1 se hned ztratila. Suchou nohou pak ve\u0161li do sv\u011btnice na rybni\u010dn\u00edm dn\u011b. Kov\u00e1\u0159ka hastrmanku obslou\u017eila, a kdy\u017e se m\u011bla k odchodu, vodn\u00ed \u017eena j\u00ed poradila, aby za pr\u00e1ci \u017e\u00e1dala jen trochu smet\u00ed, kter\u00e9 si na dn\u011b sama namete. Dostala, co cht\u011bla, a vodn\u00edk ji doprovodil na zem. Kdy\u017e p\u0159i\u0161la dom\u016f, smet\u00ed se prom\u011bnilo ve zlato!<\/em><\/p>\n<p>&nbsp;<\/p>\n<p><strong>Zdroj:<\/strong> Obec Vrbice, Baben\u00ed vodn\u00ed\u010dat &#8211; Jan \u0160v\u00edk Horsk\u00fd in V\u011bstn\u00edk<\/p>\n<p><strong>P\u0159ipravuje: Miroslav K\u016eS ANDRES<\/strong><\/p>\n<p><strong>Foto: archiv autora<\/strong><\/p>\n<hr \/>\n<p>&nbsp;<\/p>\n","protected":false},"excerpt":{"rendered":"<p>&nbsp; Kraj <\/p>\n","protected":false},"author":2,"featured_media":315797,"comment_status":"open","ping_status":"open","sticky":false,"template":"","format":"gallery","meta":{"footnotes":""},"categories":[111],"tags":[],"jetpack_featured_media_url":"https:\/\/zakrasnejsivimperk.cz\/wp-content\/uploads\/2024\/07\/29\/ram-vrbice.jpg","_links":{"self":[{"href":"https:\/\/zakrasnejsivimperk.cz\/index.php?rest_route=\/wp\/v2\/posts\/226979"}],"collection":[{"href":"https:\/\/zakrasnejsivimperk.cz\/index.php?rest_route=\/wp\/v2\/posts"}],"about":[{"href":"https:\/\/zakrasnejsivimperk.cz\/index.php?rest_route=\/wp\/v2\/types\/post"}],"author":[{"embeddable":true,"href":"https:\/\/zakrasnejsivimperk.cz\/index.php?rest_route=\/wp\/v2\/users\/2"}],"replies":[{"embeddable":true,"href":"https:\/\/zakrasnejsivimperk.cz\/index.php?rest_route=%2Fwp%2Fv2%2Fcomments&post=226979"}],"version-history":[{"count":2,"href":"https:\/\/zakrasnejsivimperk.cz\/index.php?rest_route=\/wp\/v2\/posts\/226979\/revisions"}],"predecessor-version":[{"id":315796,"href":"https:\/\/zakrasnejsivimperk.cz\/index.php?rest_route=\/wp\/v2\/posts\/226979\/revisions\/315796"}],"wp:featuredmedia":[{"embeddable":true,"href":"https:\/\/zakrasnejsivimperk.cz\/index.php?rest_route=\/wp\/v2\/media\/315797"}],"wp:attachment":[{"href":"https:\/\/zakrasnejsivimperk.cz\/index.php?rest_route=%2Fwp%2Fv2%2Fmedia&parent=226979"}],"wp:term":[{"taxonomy":"category","embeddable":true,"href":"https:\/\/zakrasnejsivimperk.cz\/index.php?rest_route=%2Fwp%2Fv2%2Fcategories&post=226979"},{"taxonomy":"post_tag","embeddable":true,"href":"https:\/\/zakrasnejsivimperk.cz\/index.php?rest_route=%2Fwp%2Fv2%2Ftags&post=226979"}],"curies":[{"name":"wp","href":"https:\/\/api.w.org\/{rel}","templated":true}]}}