{"id":226878,"date":"2024-07-26T20:16:10","date_gmt":"2024-07-26T19:16:10","guid":{"rendered":"http:\/\/zakrasnejsivimperk.cz\/?p=226878"},"modified":"2024-07-26T20:16:10","modified_gmt":"2024-07-26T19:16:10","slug":"stara-sumava-obec-vacov","status":"publish","type":"post","link":"https:\/\/zakrasnejsivimperk.cz\/?p=226878","title":{"rendered":"STAR\u00c1 \u0160UMAVA: Obec Vacov"},"content":{"rendered":"<p><img loading=\"lazy\" decoding=\"async\" class=\"aligncenter wp-image-226884 size-full\" src=\"http:\/\/zakrasnejsivimperk.cz\/wp-content\/uploads\/2021\/06\/11\/VACOV-NA-\u0160UMAV\u011a...jpg\" alt=\"\" width=\"1024\" height=\"726\" srcset=\"https:\/\/zakrasnejsivimperk.cz\/wp-content\/uploads\/2021\/06\/11\/VACOV-NA-\u0160UMAV\u011a...jpg 1024w, https:\/\/zakrasnejsivimperk.cz\/wp-content\/uploads\/2021\/06\/11\/VACOV-NA-\u0160UMAV\u011a..-300x213.jpg 300w, https:\/\/zakrasnejsivimperk.cz\/wp-content\/uploads\/2021\/06\/11\/VACOV-NA-\u0160UMAV\u011a..-768x545.jpg 768w, https:\/\/zakrasnejsivimperk.cz\/wp-content\/uploads\/2021\/06\/11\/VACOV-NA-\u0160UMAV\u011a..-504x357.jpg 504w, https:\/\/zakrasnejsivimperk.cz\/wp-content\/uploads\/2021\/06\/11\/VACOV-NA-\u0160UMAV\u011a..-681x483.jpg 681w\" sizes=\"(max-width: 1024px) 100vw, 1024px\" \/><\/p>\n<p>&nbsp;<\/p>\n<h6>Obec vznikla v obdob\u00ed kolonizace Strakonicka. Nejstar\u0161\u00ed p\u00edsemn\u00e1 zm\u00ednka uv\u00e1d\u00ed, \u017ee roku 1193 byl na m\u00edst\u011b poustevnick\u00e9 kaple postaven kostel na vrchu Vacov\u011b. Roku 1252 je zde uv\u00e1d\u011bna existence mal\u00e9 zemansk\u00e9 tvrze.<\/h6>\n<p>V roce 1307 byl do vacovsk\u00e9ho kostela za far\u00e1\u0159e dosazen Jind\u0159ich z Ohrazenic a je uv\u00e1d\u011bna prvn\u00ed zm\u00ednka o don\u00e1torech zdej\u0161\u00edho kostela. Roku 1406 obdarovali vacovsk\u00fd kostel Petr \u0160t\u00edtkovec ze \u0160t\u00edtkova s\u00eddlem z \u010c\u00e1buz a p\u0159\u00edslu\u0161n\u00edci \u010destick\u00e9ho rodu reprezentovan\u00ed ryt\u00ed\u0159em Ryn\u00e1tem, pleb\u00e1nem Janem a P\u0159echem z \u010cestic. R. 1411 je jako sponzor kostela uv\u00e1d\u011bn Tvrdek z P\u0159e\u010d\u00edna. V souvislosti s jeho darem kostelu je uv\u00e1d\u011bn Mat\u011bj \u010cavda z Vacova. R. 1421 za husitsk\u00fdch v\u00e1lek byl kostel vyp\u00e1len a pobo\u0159en.<\/p>\n<p>V roce 1513 uv\u00e1d\u00ed se jako vlastn\u00edk Vacova Vil\u00e9m P\u0159ech p\u00e1n na \u010cestic\u00edch, Vacov\u011b, Rade\u0161ov\u011b, D\u0159e\u0161\u00edn\u011b, Ho\u0161tic\u00edch a Chlum\u011b, v jeho\u017e majetku byly dv\u011b usedlosti pobl\u00ed\u017e kostela pozd\u011bji zvan\u00e9 Mart\u00ednk\u016fv grunt. V roce 1588 za patrona V\u00e1clava Koce z Dobr\u0161e byl kostel p\u0159estav\u011bn a n\u00e1kladem osadn\u00edk\u016f byly po\u0159\u00edzeny zvony od zvona\u0159e Brikc\u00edho z T\u00fdnberku. Ve star\u00e9m kostele se nach\u00e1zely hrobky ryt\u00ed\u0159\u016f z Vrbice, Hru\u0161ovsk\u00fdch z Hru\u0161ova a Ch\u0159epick\u00fdch z Modl\u00ed\u0161kovic. Roku 1700 koupili obec Schwarzenbergov\u00e9. V roce 1757 kostel vyho\u0159el a byl obnoven a\u017e v roce 1784.<\/p>\n<p>V roce 1885 byl zbo\u0159en a v letech 1889\u20131890 byl postaven nov\u00fd jednolodn\u00ed pseudogotick\u00fd kostel, zasv\u011bcen\u00fd sv. Mikul\u00e1\u0161i. Za zm\u00ednku stoj\u00ed p\u0159ipomenout p\u016fvodn\u00ed historicky cenn\u00e9 Brixiho zvony ze 16. stolet\u00ed &#8211; hlavn\u00ed zvon vyroben\u00fd roku 1588 a um\u00edr\u00e1\u010dek je z roku 1568. Kostelu je daroval V\u00e1clav Koc z Dobr\u0161e. Na v\u011bt\u0161\u00edm zvonu je n\u00e1pis: &#8220;Urozen\u00fd p\u00e1n V\u00e1clav Koc z Dobr\u0161e s pan\u00ed Ludmilou z Ra\u010d\u00edna, man\u017eelkou svou, jako\u017eto milovn\u00edk n\u00e1bo\u017eenstv\u00ed k\u0159es\u0165ansk\u00e9ho a kol\u00e1tor z\u00e1du\u0161\u00ed kostela sv. Mikul\u00e1\u0161e ve Vacov\u011b, dal jest pro pam\u00e1tku svou a tak\u00e9 pan\u00ed man\u017eelky sv\u00e9, vedle mo\u017enosti pomoc a svolen\u00ed, aby zvon tento n\u00e1kladem osadn\u00edk\u016f k t\u00e9mu\u017e z\u00e1du\u0161\u00ed n\u00e1le\u017eej\u00edc\u00edch zd\u011bl\u00e1n b\u00fdti mohl. Stalo se skrza jedn\u00e1n\u00ed urozen\u00e9ho p\u00e1na Jeronyma \u010cty\u0159kolsk\u00e9hoz Volovice, \u00fa\u0159edn\u00edka na jeho Dobr\u0161i L\u00e9ta P\u00e1n\u011b 1588. V\u00e1clav Koc z Dobr\u0161e a na Dobr\u0161i a \u017dichovic\u00edch, Lidmila Kocov\u00e1 z Ra\u010d\u00edna. Brikc\u00ed zvona\u0159 z T\u00fdnberku v Nov\u00e9m M\u011bst\u011b Pra\u017esk\u00e9m ud\u011blal.&#8221;<\/p>\n<p>Prvn\u00ed zm\u00ednka o vacovsk\u00fdch varhan\u00e1ch poch\u00e1z\u00ed z roku 1706. Byly postaveny hora\u017e\u010fovick\u00fdm varhan\u00edkem V\u00e1clavem Turnovsk\u00fdm. V roce 1861 byly po\u0159\u00edzeny nov\u00e9 varhany, kter\u00e9 byly po dostavb\u011b nov\u00e9ho kostela roku 1890 op\u011bt vym\u011bn\u011bny. V roce 1929 byla provedena rekvizice c\u00ednov\u00fdch p\u00ed\u0161\u0165al, dopln\u011bn\u00ed chyb\u011bj\u00edc\u00edch p\u00ed\u0161\u0165al a celkov\u00e1 oprava n\u00e1stroje.<\/p>\n<p>V 18. stolet\u00ed byly pobl\u00ed\u017e kostela postavena barokn\u00ed kapli\u010dka zasv\u011bcen\u00e1 sv. Nepomuck\u00e9mu. Me\u0161n\u00ed kaple sv. Barbory byla zbo\u0159ena v roce 1834 p\u0159i stavb\u011b silnice do Vrbice. Kn\u011bz Franti\u0161ek \u0160palek ze \u017d\u00e1ru (1865-1940) p\u016fsobil jako far\u00e1\u0159 v Malenic\u00edch, m\u011bl jist\u011b mo\u017enost studia archivn\u00edch listin vacovsk\u00e9 farnosti, uv\u00e1d\u00ed ve sv\u00e9m pojedn\u00e1n\u00ed o Vacov\u011b, \u017ee r.1307 jsou jmenov\u00e1ni patrony m\u00edstn\u00edho kostela P\u0159edota z Radkovic, Lev z Bukovn\u00edka, Mikul\u00e1\u0161 z Mi\u0159etic, Pelh\u0159im z Mlad\u00edkova a Bene\u0161 z Klenovic. Pr\u00e1v\u011b zde uveden\u00fd rok 1307 potvrzuje spr\u00e1vnost p\u0159edpoklad\u016f, \u017ee po\u010d\u00e1tky Vacova jsou star\u0161\u00edho datovan\u00ed, ne\u017e stale uv\u00e1d\u011bn\u00fd letopo\u010det 1352.<\/p>\n<p>V pojedn\u00e1n\u00edch o d\u011bjin\u00e1ch Vacova a okol\u00ed, kter\u00e9 sepsal v l\u00e9tech po r.1950 pan Jan Kore\u0161, b\u00fdval\u00fd spr\u00e1vce p\u0159e\u010d\u00ednsk\u00e9ho poles\u00ed, je k historick\u00fdm po\u010d\u00e1tk\u016fm Vacova uvedeno toto: &#8220;V kter\u00e9 dob\u011b byl p\u016fvodn\u00ed kostel vacovsk\u00fd postaven, nemohl jsem p\u0159esn\u011b zjistit. Jen v pozn\u00e1mk\u00e1ch nezn\u00e1m\u00e9ho kn\u011bze psan\u00fdch kurentem bylo uvedeno, \u017ee kostel byl postaven na vrchu Vacov\u011b roku 1193 a kostel dobr\u0161sk\u00fd roku 1197. Dle toho, \u017ee v pozn\u00e1mk\u00e1ch byl uveden vznik obou chr\u00e1m\u016f (i jin\u00fdch hist. pozn\u00e1mek o osudu obou kostel\u016f) bych soudil, \u017ee to byly v\u00fdtahy pro n\u011bjak\u00e9 d\u011bjinn\u00e9 pojedn\u00e1n\u00ed. Po p\u0159evzet\u00ed farn\u00edch matrik a jin\u00fdch cirk. doklad\u016f do &#8220;lidospr\u00e1vy&#8221; byly pozn\u00e1mky tyto vy\u0159azeny a pozd\u011bji rukou nerozumnou zni\u010deny.&#8221;<\/p>\n<p>Prvn\u00edm zn\u00e1m\u00fdm u\u010ditelem byl Martin Tejnohorsk\u00fd. Roku 1655 vyd\u00e1v\u00e1 sv\u011bdectv\u00ed o p\u00e1teru Janu Jakubovi Brambursk\u00e9mu, far\u00e1\u0159i \u010destick\u00e9m a dobr\u0161sk\u00e9m, s n\u00edm\u017e zm\u00edn\u011bn\u00fd kantor po osad\u011b \u010destick\u00e9 a dobr\u0161sk\u00e9 koledou obch\u00e1zel. Tenkr\u00e1t si majitel \u010destick\u00e9ho panstv\u00ed Leopold Claretto st\u011b\u017eoval na sv\u00e9ho far\u00e1\u0159e Jana Jakuba Brambursk\u00e9ho. Musel to b\u00fdt poveden\u00fd p\u00e1ter. Byl to rv\u00e1\u010d, jak\u00e9mu rovn\u00e9ho nebylo. Ve Strakonic\u00edch byli vysl\u00fdch\u00e1ni sv\u011bdkov\u00e9 a prvn\u00ed, kter\u00fd vypov\u00eddal, byl Martin Tejnohorsk\u00fd, kantor vacovsk\u00fd. Kantor s p\u00e1terem chodili po koled\u011b a p\u0159i d\u011blen\u00ed koledy do\u0161lo k nedorozum\u011bn\u00ed. Bo\u017e\u00ed past\u00fd\u0159 po\u017eadoval v\u011bt\u0161\u00ed d\u00edl koledy pro sebe. Tomu zase necht\u011bl rozum\u011bt kantor a tak p\u00e1ter po n\u011bm mr\u0161til zmrazkem. Aby jeho argumenty byly je\u0161t\u011b p\u00e1dn\u011bj\u0161\u00ed, dal kantorovi p\u011bst\u00ed do nosu, a\u017e pr\u00fd mu krev vyst\u0159\u00edkla. To v\u0161ak nebyla jedin\u00e1 st\u00ed\u017enost Martina Tejnohorsk\u00e9ho na bohabojn\u00e9ho sluhu bo\u017e\u00edho. Syn Tejnohorsk\u00e9ho p\u0159eh\u00e1n\u011bl dobytek p\u0159es jakousi mez a to se nel\u00edbilo panu p\u00e1terovi. Sebral k\u00e1men a jak z\u00e1pis \u0159\u00edk\u00e1 &#8220;m\u00e9ho syna kamenem v \u017eebro tak ude\u0159il, \u017ee jemu z m\u00edsta toho krev tekla.&#8221; V\u00fdsledkem vy\u0161et\u0159ov\u00e1n\u00ed bylo zji\u0161t\u011bn\u00ed, \u017ee p\u00e1ter se nechov\u00e1 tak, jak by se duchovn\u00ed chovat m\u011bl, a proto byl p\u0159elo\u017een do Vlachovo B\u0159ez\u00ed, odkud roku 1660 ode\u0161el do Vod\u0148an.<\/p>\n<p>Zm\u00ednka o prvn\u00edm kantoru roku 1665 by sv\u011bd\u010dila o tom, \u017ee vacovsk\u00e1 \u0161kola ji\u017e existuje 345 let. Dal\u0161\u00ed zpr\u00e1vy o \u0161kole a u\u010ditel\u00edch na vacovsk\u00e9 \u0161kole p\u0159in\u00e1\u0161ej\u00ed farn\u00ed matriky a dopisy u\u010ditel\u016f adresovan\u00e9 vrchnostensk\u00fdm \u00fa\u0159ad\u016fm, je\u017e jsou ulo\u017eeny v t\u0159ebo\u0148sk\u00e9m archivu.Roku 1753 m\u011bl ji\u017e vacovsk\u00fd kantor vym\u011b\u0159en sv\u016fj p\u0159\u00edjem, kter\u00fd je uveden takto: celkov\u00fd v\u00fdnos sobot\u00e1lesu se stanov\u00ed na 273 zl., louka ve v\u00fdm\u011b\u0159e 1 jitro 520 s\u00e1h\u016f, zahrada u \u0161koly 1 jitro 40 s\u00e1h\u016f, za slu\u017eby kostelnick\u00e9 8zl. a 36 krejcar\u016f, za slu\u017ebu varhanickou posnopn\u00e9 : 4 mandele \u017eita, 3 mandele ovsa, 3 strychy a 2 m\u00e1zy \u017eita a 3 v\u011brtele ovsa ( v prv\u00e9 \u010d\u00e1sti rozum\u011bj ve sl\u00e1m\u011b a v druh\u00e9 v zrn\u00ed), za kostelnictv\u00ed 3 mandele \u017eita, 2 strychy \u017eita, 1,5 mandele ovsa a 1 strych a 2 v\u011brtele ovsa. Roku 1832 bylo ve Vacov\u011b ji\u017e z\u0159\u00edzeno m\u00edsto podu\u010ditelsk\u00e9. Zprvu pr\u00fd se vyu\u010dovalo v domku \u010dp.4. Roku 1815 postavil patron, tehdej\u0161\u00ed kn\u00ed\u017ee J.Adolf Schwarzenbergr novou jednopatrovou budovu s jedinou u\u010debnou.<\/p>\n<p><strong>A je\u0161t\u011b pov\u011bst:<\/strong> <em>Na Krch\u016fvku. Za t\u0159icetilet\u00e9 v\u00e1lky n\u011bcht\u011bli vacov\u0161t\u00ed poh\u0159b\u00edvat protestantsk\u00e9 \u0160v\u00e9dy na sv\u00e9m katolick\u00e9m h\u0159bitov\u011b. Nad mrtv\u00fdmi se v\u0161ak ustrnul p\u0159e\u010d\u00ednsk\u00fd M\u00e1cha, kter\u00fd k jejich poh\u0159ben\u00ed daroval jeden sv\u016fj pozemek. Od t\u00e9 doby se tam \u0159\u00edk\u00e1 Na krch\u016fvku.<\/em><\/p>\n<p><strong>A co se ve Vacov\u011b tak\u00e9 pov\u00edd\u00e1:<\/strong> <em>Na Vacovsku v poledne nechodila b\u00e1ba Polednice, ale d\u011bdek Poledn\u00edk. Sotva se slunce bl\u00ed\u017eilo k nadhlavn\u00edku, co\u017e je v l\u00e9t\u011b neklamn\u00fd \u00fakaz, \u017ee je poledne, u\u017e bylo vid\u011bt Poledn\u00edka, jak se bl\u00ed\u017e\u00ed od Mlad\u00edkova k Vacovu. Bral to zkratkami a tak nebylo vz\u00e1cnost\u00ed vid\u011bt mezi p\u011b\u0161inami v obil\u00ed sunouc\u00ed se postavu v dlouh\u00e9m pl\u00e1\u0161ti a s nemo\u017en\u011b poma\u010dkanou hu\u010dkou na hlav\u011b. Zd\u00e1lky p\u0159ipom\u00ednal tak trochu Krakono\u0161e, ale kdo p\u0159i\u0161el k n\u011bmu bl\u00ed\u017e, byl notn\u011b zklam\u00e1n. Zat\u00edmco Krakono\u0161 dbal na sv\u016fj zevn\u011bj\u0161ek, tenhle d\u011bdek Poledn\u00edk ani dost m\u00e1lo. Jeho pl\u00e1\u0161\u0165 byl sam\u00e1 z\u00e1plata a d\u00edra, \u010dern\u00fd a proma\u0161t\u011bn\u00fd, jakoby ho prot\u00e1h soudkem s kolomaz\u00ed, klobouk jakbysmet, vlasy a\u017e za u\u0161i a vousiska, ty vypadaly jak mnohalet\u00e9 zarostl\u00e9 ro\u0161t\u00ed. <\/em><\/p>\n<p><em>Kdy\u017e jsme jako d\u011bti t\u00e1hly za n\u00edm v houfu, takhle jsme na n\u011bj pok\u0159ikovaly: Poledn\u00edku, k\u00fdho v\u00fdra co to m\u00e1\u0161 jen za kab\u00e1t? V\u017edy\u0165 je na n\u011bm sam\u00e1 d\u00edra a z\u00e1platy akor\u00e1t! Za to n\u00e1m d\u011bdek Poledn\u00edk hrozil svou sukovic\u00ed, ale jinak n\u00e1m nic neud\u011blal. Ba, n\u011bkdy n\u00e1m dal dokonce \u0161\u0148upnout ze sv\u00e9ho pakl\u00edku \u0161\u0148upac\u00edho tab\u00e1ku. To jsme si na n\u011bj vymysleli takov\u00e9hle \u0159\u00edkadlo: My jsme d\u011bti mal\u00e9, chud\u00e9, Jeden \u0161\u0148upec neubude! Samoz\u0159ejm\u011b, \u017ee mezi n\u00e1mi nebyly jen chud\u00e9 d\u011bti. Tak Va\u0161ek Fial\u016f byl syn pana \u0159\u00edd\u00edc\u00edho, Vendel\u00edn Kojzar\u016f byl syn pana starosty a m\u016fj tat\u00ednek byl dokonce velitelem \u010detnick\u00e9 stanice. Proto\u017ee d\u011bdek Poledn\u00edk podomn\u00ed obchod ani \u017eebrotu neprovozoval, \u010detn\u00edk\u016fm jeho poledn\u00ed n\u00e1v\u0161t\u011bvy celkem nevadily. <\/em><\/p>\n<p><em>A \u017ee by se n\u011bkdo Poledn\u00edka mohl b\u00e1t, tak to sotva. Jednou vypadal dokonce tak zb\u011bdovan\u011b, \u017ee mamince to nedalo a odlila drobet pol\u00e9vky od ob\u011bda: Donese\u0161 tady v hrnku trochu pol\u00e9vky Poledn\u00edkovi. Kdy\u017e jsem mu pol\u00e9vku p\u0159inesl, vyndal ze zama\u0161t\u011bn\u00e9 kapsy zama\u0161t\u011bn\u00e9ho kab\u00e1tu zama\u0161t\u011bnou l\u017e\u00edci (brr, j\u00e1 bych ji nevzal do pusy), kastr\u016flek vypr\u00e1zdnil a slu\u0161n\u011b pod\u011bkoval. Za to jsem pak dostal jeden \u0161\u0148upe\u010dek tab\u00e1ku nav\u00edc. Kdy\u017e si Poledn\u00edk odbyl svou poledn\u00ed poch\u016fzku, brzy ho bylo zase vid\u011bt, jak miz\u00ed p\u011b\u0161inami v obil\u00ed k Mlad\u00edkovu. V jedn\u00e9 v\u011bci ale poskytoval d\u011bdek Poledn\u00edk neocenitelnou slu\u017ebu. Proto\u017ee chodil v prav\u00e9 poledne, soused\u00e9 si podle n\u011bj se\u0159izovali hodinky. V\u011b\u017en\u00ed hodiny na kostele byly toti\u017e tenkr\u00e1t trvale porouchan\u00e9. Jakmile se Poledn\u00edk p\u0159ibl\u00ed\u017eil k Vacovu, soused\u00e9 vytahovali z kapsi\u010dek u vesty kapesn\u00ed hodinky zna\u010dky Rozkopf, v\u011bt\u0161inou na \u0159et\u00edzku, a d\u00e1vali si ru\u010di\u010dky do z\u00e1krytu. Tenkr\u00e1t toti\u017e m\u00edval r\u00e1dio jen pan starosta a to je\u0161t\u011b byla velk\u00e1 vymo\u017eenost. <\/em><\/p>\n<p><em>N\u011bkdy se ale stalo, \u017ee Poledn\u00edk se zdr\u017eel v hospod\u011b Na zat\u00e1\u010dce v \u010c\u00e1buz\u00edch a to pak soused\u00e9 hartusili. Co je to za po\u0159\u00e1dek, \u017ee nev\u00ed, kolik je hodin, a \u017ee si p\u016fjdou st\u011b\u017eovat. Kam a komu, to ale nikdo nev\u011bd\u011bl. N\u011bkte\u0159\u00ed rodi\u010de, co m\u011bli rozj\u00edven\u00e9 d\u011bti, \u017e\u00e1dali Poledn\u00edka, jestli by za p\u0159im\u011b\u0159en\u00fd honor\u00e1\u0159 nemohl ob\u010das postra\u0161it jejich nezveden\u00e9 ratolesti. To ale Poledn\u00edk z\u00e1sadn\u011b odm\u00edtal. On \u017ee tu nen\u00ed od toho, aby stra\u0161il d\u011bti, od toho jsou pr\u00fd \u010derti a Mikul\u00e1\u0161 a v\u016fbec, co si to o n\u011bm mysl\u00ed, on \u017ee je tu jen kv\u016fli p\u0159esn\u00e9mu \u010dasu. A jestli pr\u00fd si p\u0159ej\u00ed stra\u0161it n\u011bkoho o poledn\u00e1ch, \u017ee m\u016f\u017ee po\u017e\u00e1dat svou profesn\u00ed kolegyni Polednici. Ta bude chodit m\u00edsto n\u011bho a ta \u017ee je sv\u00fdch povinnost\u00ed velice dbal\u00e1. Toho se v\u0161ak v\u0161ichni zalekli, proto\u017ee d\u011bdek Poledn\u00edk jim byl p\u0159ece jen bli\u017e\u0161\u00ed. Tak\u00e9 my d\u011bti jsme rad\u011bji v\u00eddaly Poledn\u00edka ne\u017e n\u011bjakou divou \u017eenu o berli\u010dce, hn\u00e1ty k\u0159iv\u00e9, hlas vich\u0159ice podoba. A tak k obecn\u00ed spokojenosti z\u016fstalo v\u0161e p\u0159i star\u00e9m. D\u011bdek Poledn\u00edk se d\u00e1l objevoval mezi p\u011b\u0161inami v obil\u00ed, soused\u00e9 si d\u00e1l podle n\u011bj na\u0159izovali hodinky a my d\u011bti jsme si alespo\u0148 jednou za \u010das mohly po\u0159\u00e1dn\u011b k\u00fdchnout z jeho \u0161\u0148upac\u00edho pakl\u00edku.<\/em><\/p>\n<p>&nbsp;<\/p>\n<p><strong>Zdroj:<\/strong> Vypr\u00e1v\u011bl pan M\u00e1cha z P\u0159e\u010d\u00edna, zapsal Ond\u0159ej Fibich<\/p>\n<p><strong>P\u0159ipravuje: Miroslav K\u016eS ANDRES<\/strong><\/p>\n<p><strong>Foto: archiv autora<\/strong><\/p>\n<hr \/>\n<p>&nbsp;<\/p>\n","protected":false},"excerpt":{"rendered":"<p>&nbsp; Obec <\/p>\n","protected":false},"author":2,"featured_media":315481,"comment_status":"open","ping_status":"open","sticky":false,"template":"","format":"gallery","meta":{"footnotes":""},"categories":[111],"tags":[],"jetpack_featured_media_url":"https:\/\/zakrasnejsivimperk.cz\/wp-content\/uploads\/2024\/07\/26\/ram-vacov.jpg","_links":{"self":[{"href":"https:\/\/zakrasnejsivimperk.cz\/index.php?rest_route=\/wp\/v2\/posts\/226878"}],"collection":[{"href":"https:\/\/zakrasnejsivimperk.cz\/index.php?rest_route=\/wp\/v2\/posts"}],"about":[{"href":"https:\/\/zakrasnejsivimperk.cz\/index.php?rest_route=\/wp\/v2\/types\/post"}],"author":[{"embeddable":true,"href":"https:\/\/zakrasnejsivimperk.cz\/index.php?rest_route=\/wp\/v2\/users\/2"}],"replies":[{"embeddable":true,"href":"https:\/\/zakrasnejsivimperk.cz\/index.php?rest_route=%2Fwp%2Fv2%2Fcomments&post=226878"}],"version-history":[{"count":2,"href":"https:\/\/zakrasnejsivimperk.cz\/index.php?rest_route=\/wp\/v2\/posts\/226878\/revisions"}],"predecessor-version":[{"id":315480,"href":"https:\/\/zakrasnejsivimperk.cz\/index.php?rest_route=\/wp\/v2\/posts\/226878\/revisions\/315480"}],"wp:featuredmedia":[{"embeddable":true,"href":"https:\/\/zakrasnejsivimperk.cz\/index.php?rest_route=\/wp\/v2\/media\/315481"}],"wp:attachment":[{"href":"https:\/\/zakrasnejsivimperk.cz\/index.php?rest_route=%2Fwp%2Fv2%2Fmedia&parent=226878"}],"wp:term":[{"taxonomy":"category","embeddable":true,"href":"https:\/\/zakrasnejsivimperk.cz\/index.php?rest_route=%2Fwp%2Fv2%2Fcategories&post=226878"},{"taxonomy":"post_tag","embeddable":true,"href":"https:\/\/zakrasnejsivimperk.cz\/index.php?rest_route=%2Fwp%2Fv2%2Ftags&post=226878"}],"curies":[{"name":"wp","href":"https:\/\/api.w.org\/{rel}","templated":true}]}}