{"id":226028,"date":"2024-07-08T19:03:04","date_gmt":"2024-07-08T18:03:04","guid":{"rendered":"http:\/\/zakrasnejsivimperk.cz\/?p=226028"},"modified":"2024-07-08T19:03:04","modified_gmt":"2024-07-08T18:03:04","slug":"stara-sumava-kusov-a-kusove","status":"publish","type":"post","link":"https:\/\/zakrasnejsivimperk.cz\/?p=226028","title":{"rendered":"STAR\u00c1 \u0160UMAVA: K\u016fsov a K\u016fsov\u00e9"},"content":{"rendered":"<p><img loading=\"lazy\" decoding=\"async\" class=\"aligncenter wp-image-226029 size-full\" src=\"http:\/\/zakrasnejsivimperk.cz\/wp-content\/uploads\/2021\/06\/03\/K\u016eSOV-A-K\u016eSOV\u00c9-NA-\u0160UMAV\u011a....jpg\" alt=\"\" width=\"1024\" height=\"929\" srcset=\"https:\/\/zakrasnejsivimperk.cz\/wp-content\/uploads\/2021\/06\/03\/K\u016eSOV-A-K\u016eSOV\u00c9-NA-\u0160UMAV\u011a....jpg 1024w, https:\/\/zakrasnejsivimperk.cz\/wp-content\/uploads\/2021\/06\/03\/K\u016eSOV-A-K\u016eSOV\u00c9-NA-\u0160UMAV\u011a...-300x272.jpg 300w, https:\/\/zakrasnejsivimperk.cz\/wp-content\/uploads\/2021\/06\/03\/K\u016eSOV-A-K\u016eSOV\u00c9-NA-\u0160UMAV\u011a...-768x697.jpg 768w, https:\/\/zakrasnejsivimperk.cz\/wp-content\/uploads\/2021\/06\/03\/K\u016eSOV-A-K\u016eSOV\u00c9-NA-\u0160UMAV\u011a...-394x357.jpg 394w, https:\/\/zakrasnejsivimperk.cz\/wp-content\/uploads\/2021\/06\/03\/K\u016eSOV-A-K\u016eSOV\u00c9-NA-\u0160UMAV\u011a...-532x483.jpg 532w\" sizes=\"(max-width: 1024px) 100vw, 1024px\" \/><\/p>\n<p>&nbsp;<\/p>\n<h6><em>\u201eJest jedno, a\u0165 svit vych\u00e1zej\u00edc\u00edho nebo zapadaj\u00edc\u00edho slunce zlat\u00ed oblohu, vroub\u00ed lemem r\u016fznobarevn\u00e9ho sv\u011btla hory, lesy, skaln\u00ed temena i str\u00e1n\u011b; a\u0165 vystupuj\u00ed hromonosn\u00e9 mraky, p\u0159\u00ed\u0161ern\u011b hroziv\u00e9, pln\u00e9 majest\u00e1tnosti; a\u0165 val\u00ed se ohromn\u00e9 kotou\u010de co ml\u00e9ko b\u00edl\u00e9 mlhy; jest to jedno prav\u00edm; m\u00e1\u0161-li srdce citliv\u00e9, du\u0161i velebnosti p\u0159\u00edrody otev\u0159enou, vn\u00edmavou pro kr\u00e1su jej\u00ed, stane\u0161 v n\u011bm\u00e9m \u00fa\u017easu, bude\u0161 se klan\u011bt Tv\u016frci a jeho d\u00edl\u016fm; vzd\u00e1\u0161 hold sv\u016fj na\u0161\u00ed star\u00e9 \u0160umav\u011b, vydaj\u00ed ohlas struny srdce tv\u00e9ho; i p\u0159\u00ed\u0161ern\u00fd jej\u00ed r\u00e1z, jev\u00edc\u00ed se hlavn\u011b za pochmurn\u00e9ho po\u010das\u00ed, dojme t\u011b, jako doj\u00edm\u00e1 smutn\u00e1 p\u00edse\u0148; bude\u0161 se t\u011b\u017eko lou\u010diti s pohledem na hory na\u0161e a p\u0159ich\u00e1zeti budou chv\u00edle, kdy vzd\u00e1len od n\u00ed po n\u00ed zatou\u017e\u00ed\u0161.\u201c<\/em><\/h6>\n<p><strong>(Karel Klostermann)<\/strong><\/p>\n<p>Projd\u011bte kraj a pochop\u00edte, co znamenalo pro soudn\u00edho sluhu Mast\u00edlka z Ka\u0161persk\u00fdch Hor doru\u010diti obs\u00edlku jak\u00e9musi Josefu Vold\u0159ichovi ve Sta\u0161\u00edch. Najd\u011bte adres\u00e1ta tohoto jm\u00e9na bez ud\u00e1n\u00ed domovn\u00edho \u010d\u00edsla, kdy\u017e ka\u017ed\u00fd t\u0159et\u00ed \u010dlov\u011bk se tu jmenuje Vold\u0159ich nebo K\u016fs.\u00a0 &#8211; Z knihy Karla Klostermanna Odysea soudn\u00edho sluhy.<\/p>\n<p>K \u0160umav\u011b, zejm\u00e9na ke K\u016fsovu, neodmysliteln\u011b pat\u0159\u00ed rozs\u00e1hl\u00fd rod K\u016fs\u016f, kter\u00fd se podstatnou m\u011brou pod\u00edlel na os\u00eddlen\u00ed Sta\u0161ska. Na\u0161e rodina poch\u00e1z\u00ed ze staven\u00ed u Andres\u016f. Genealogie na\u0161eho rodu K\u016fs\u016f je vysledov\u00e1na a\u017e do roku 1643. Zastoupen\u00ed p\u0159\u00edjmen\u00ed K\u016fs m\u011bla na \u017divnostensk\u00e9 pokra\u010duj\u00edc\u00ed \u0161kole ve Sta\u0161\u00edch vysokou \u010detnost, nav\u00edc maj\u00ed silnou pom\u00edstn\u00ed konotaci. \u010cetn\u011bj\u0161\u00edm z t\u011bchto jmen je K\u016fs\/K\u016fsov\u00e1, kter\u00fdch bylo v pr\u016fb\u011bhu existence \u0161kol zaps\u00e1no do t\u0159\u00eddn\u00edch v\u00fdkaz\u016f 65.<\/p>\n<p>Region\u00e1ln\u00ed p\u0159\u00edslu\u0161nost tohoto jm\u00e9na osv\u011btluje mal\u00e1 vesni\u010dka le\u017e\u00edc\u00ed necel\u00e9 t\u0159i kilometry od Stach, nese n\u00e1zev K\u016fsov a 29 studuj\u00edc\u00edch se jm\u00e9nem K\u016fs\/K\u016fsov\u00e1 bydlelo p\u0159\u00edmo v t\u00e9to vesni\u010dce. Jedn\u00e1 se o 45%1019 v\u0161ech studuj\u00edc\u00edch tohoto jm\u00e9na, kte\u0159\u00ed na pokra\u010dovac\u00ed \u0161kolu chodili. Nositel\u00e9 tohoto jm\u00e9na jsou dodnes koncentrov\u00e1ni v jihoz\u00e1padn\u00edch \u010cech\u00e1ch.<\/p>\n<p>Slavn\u00e9 doby sta\u0161sk\u00e9ho skl\u00e1\u0159stv\u00ed p\u0159ipom\u00ednaj\u00ed vedle pom\u00edstn\u00edch jmen i dnes jen st\u0159epy a kusy p\u00e1nv\u00ed na stanovi\u0161t\u00edch star\u00fdch skl\u00e1ren, v\u00fdrobky hut\u00ed v muze\u00edch \u010di star\u00e9 fotografie. Pam\u00e1tek na zdej\u0161\u00ed skl\u00e1rny a skl\u00e1\u0159e se ale dochovalo jen m\u00e1lo, a tak je ka\u017ed\u00e1 z nich velmi cenn\u00fdm dokladem.<\/p>\n<p>Skl\u00e1rna v K\u016fsov\u011b byla z\u0159\u00edzena a\u017e v roce 1788 na \u00fabo\u010d\u00ed Popeln\u00e9 hory (1091 m n. m.) na tzv. Vold\u0159ichovsk\u00e9m statku. Hu\u0165 postavil Mat\u011bj Grabm\u00fcller (1724\u20131804) ze Stachova spolu s man\u017eelkou Francizkou. Ta byla dcerou hu\u0165mistra z Pockovy hut\u011b Gatermayera. O huti se mluvilo jako o Star\u00e9 huti, nebo i jako o Stachovsk\u00e9, Vold\u0159ichov\u011b nebo Eisnerov\u011b.<\/p>\n<p>Ve Star\u00e9 huti se dne 18. listopadu 1839 narodil Andreas Hartauer, autor p\u00edsn\u011b &#8220;Tam v kr\u00e1sn\u00e9 \u0160umav\u011b&#8221;. Poch\u00e1zel z osmi d\u011bt\u00ed. Jeho matka, rozen\u00e1 Gattermayerov\u00e1 poch\u00e1zela ze slavn\u00e9ho skl\u00e1\u0159sk\u00e9ho rodu Gattermayer\u016f (m\u011b\u0161\u0165an Nov\u00e9ho M\u011bsta pra\u017esk\u00e9ho, skelmistr Vav\u0159inec Gattermayer koupil od Mansfeld\u016f roku 1749 pr\u00e1\u0161ilsk\u00e9 panstv\u00ed, kde postavil dv\u011b hut\u011b; za zm\u00ednku stoj\u00ed t\u00e9\u017e, \u017ee Stachovskou hu\u0165 zalo\u017eil roku 1788 zn\u00e1m\u00fd sta\u0161sk\u00fd rycht\u00e1\u0159 (1773-1778) Mat\u011bj Grabm\u00fcller (1724-1804), zvan\u00fd Bl\u00e1ha, jen\u017e m\u011bl za \u017eenu dceru b\u00fdval\u00e9ho hu\u0165mistra Kristi\u00e1na Gattermayera. Ml\u00e1d\u00ed pro\u017eil na Zlat\u00e9 Studni, kde bydlel vedle hospody a odtud chodil do \u0161koly na Horskou Kvildu. Vyu\u010dil se v lenorsk\u00e9 skl\u00e1rn\u011b. R\u00e1d hr\u00e1val na citeru a kytaru a zp\u00edv\u00e1val s Juliem Plechingerem, jeho\u017e otec byl mal\u00ed\u0159em skla ve Vimperku.<\/p>\n<p>Skl\u00e1rna zanikla s otev\u0159en\u00edm Nov\u00e9 huti postaven\u00e9 n\u00ed\u017ee v K\u016fsov\u011b. Podle katastr\u00e1ln\u00edch map z roku 1937 zde bylo vedle velk\u00e9 budovy skl\u00e1rny je\u0161t\u011b \u0161est d\u0159ev\u011bn\u00fdch staven\u00ed. Josef Rudolf Schmid kupuje v roce 1868 pozemky pobl\u00ed\u017e K\u016fsova a v dubnu 1873 pod\u00e1v\u00e1 \u017e\u00e1dost Okresn\u00edmu hejtmanstv\u00ed v Su\u0161ici o povolen\u00ed stavby nov\u00e9 skl\u00e1rny se statkem. Jeho \u017e\u00e1dost byla p\u0159ijata a ve skl\u00e1rn\u011b nazvan\u00e9 Nov\u00e1 Hu\u0165 byl v roce 1875 poprv\u00e9 zap\u00e1len ohe\u0148. Skl\u00e1rna m\u011bla kolem 20-30 zam\u011bstnanc\u016f, kte\u0159\u00ed zde vyr\u00e1b\u011bli k\u0159i\u0161\u0165\u00e1lov\u00e9 a barevn\u00e9 sklo, p\u00e1te\u0159\u00edky, sou\u010d\u00e1sti lustr\u016f, foukan\u00e9 misky, ba\u0148ky r\u016fzn\u00fdch tvar\u016f a hranoly. Jeden z posledn\u00edch zde vyroben\u00fdch lustr\u016f v\u011bnoval skl\u00e1\u0159sk\u00fd tov\u00e1rn\u00edk Josef Rudolf Schmid stachovsk\u00e9mu kostelu. \u010c\u00e1st skla byla dekorov\u00e1na ve Stach\u00e1ch, kde byla brus\u00edrna a pozd\u011bji tak\u00e9 mal\u00edrna skla.<\/p>\n<p>V dob\u011b, kdy byla dostav\u011bna Nov\u00e1 Hu\u0165, se st\u00e1le v\u011bt\u0161\u00ed nal\u00e9havost\u00ed ukazovala krize \u0161umavsk\u00e9ho skl\u00e1\u0159stv\u00ed, kter\u00e1 souvisela s drah\u00fdmi vstupy. V t\u00e9to nep\u0159\u00edzniv\u00e9 dob\u011b byla stavba nov\u00e9 skl\u00e1rny velkou z\u00e1t\u011b\u017e\u00ed, Josef Rudolf Schmid z\u00e1hy nem\u011bl z \u010deho spl\u00e1cet dluhy, a proto v roce 1889 po 14 letech provozu svou novou skl\u00e1rnu nechal vyhasnout. Jednalo se ji\u017e o modern\u00ed hu\u0165, pec byla vyt\u00e1p\u011bna d\u0159evoplynem. Ve skl\u00e1rn\u011b se vyr\u00e1b\u011blo barevn\u00e9 a k\u0159i\u0161\u0165\u00e1lov\u00e9 sklo. P\u0159i jeho v\u00fdrob\u011b bylo zam\u011bstn\u00e1no okolo 30 lid\u00ed. Provoz skl\u00e1rny s plynovou pec\u00ed byl velmi n\u00e1kladn\u00fd.<\/p>\n<p>Zadlu\u017een\u00e1 hu\u0165 byla pot\u00e9 prod\u00e1na v soudn\u00ed dra\u017eb\u011b Dr. J. Stinglovi, m\u011bstsk\u00e9mu l\u00e9ka\u0159i v Ka\u0161persk\u00fdch Hor\u00e1ch a dlouh\u00e9 d\u011bjiny sta\u0161sk\u00e9ho skl\u00e1\u0159stv\u00ed se v roce 1889 uzav\u0159ely, ale skl\u00e1\u0159stv\u00ed zde p\u0159ipom\u00ednaj\u00ed n\u011bkter\u00e1 m\u00edstn\u00ed jm\u00e9na (k\u00fdz, puchr, flus\u00e1rna, hu\u0165, \u0161lejf\u00edrna), zbo\u0159eni\u0161t\u011b jako poz\u016fstatky cel\u00e9ho \u0159et\u011bzce skl\u00e1\u0159sk\u00e9 v\u00fdroby a origin\u00e1ln\u00ed v\u00fdrobky v muze\u00edch nebo rodinn\u00fdch sb\u00edrk\u00e1ch. Barvit\u00fd, by\u0165 m\u00edsty pon\u011bkud nep\u0159esn\u00fd, popis v\u00fdroby ve sta\u0161sk\u00e9 skl\u00e1rn\u011b z posledn\u00edch let jej\u00edho provozu se dochoval ze vzpom\u00ednek obecn\u00edho p\u00edsa\u0159e Franti\u0161ka Wold\u0159icha. I vzpom\u00ednka na n\u011bj p\u0159e\u017eila do dne\u0161n\u00ed doby jako na P\u00edsa\u0159e. D\u016fkazem toho, \u017ee zde byla d\u0159\u00edve skl\u00e1rna, je i to, \u017ee v dne\u0161n\u00ed dob\u011b se p\u0159i r\u016fzn\u00fdch ter\u00e9nn\u00edch \u00faprav\u00e1ch najdou \u00falomky barevn\u00e9ho skla. V roce 1962 se zde z\u0159izuje Domov pro seniory a od roku 1963 za\u010d\u00edn\u00e1 se sv\u00fdm provozem.<\/p>\n<p><strong>A je\u0161t\u011b pov\u011bst z K\u016fsova:<\/strong> <em>Rouha\u010d Fuker\u00fdr. V K\u016fsov\u011b, m\u00edstn\u00ed hospod\u011b, sch\u00e1z\u00edvali se v\u0161elijac\u00ed lid\u00e9. K nim pat\u0159il tak\u00e9 skl\u00e1\u0159, jemu\u017e pro jeho \u0159emeslo \u0159\u00edk\u00e1vali Fuker\u00fdr. Kdy\u017e n\u011bkdy p\u0159i\u0161la \u0159e\u010d na Divokou honbu, sm\u00e1l se tomu a pova\u017eoval v\u0161e za babsk\u00e9 tlachy. Jednou m\u011bli ve skl\u00e1rn\u011b slavnostn\u00ed noc. \u017dehnali novou pec, aby se v\u017edy jejich d\u00edlu da\u0159ilo. Tu se do \u0161epotu modliteb ozvala zvenku meluz\u00edna, zem\u011b se zachv\u011bla a lesy zast\u00e9naly. V huti nastalo ticho. Divok\u00e1 honba se bl\u00ed\u017eila. Rouha\u010d Fuker\u00fdr v\u0161ak vzdorovit\u011b vy\u0161el ven, odv\u00e1zal zdej\u0161\u00edho psa od boudy a vypustil jej do temnoty s pok\u0159ikem: \u201eHuis, huis, huis! P\u0159ines honby kus!\u201c Pes zmizel v bou\u0159i, kter\u00e1 s sebou nesla stra\u0161liv\u00e9 zvuky i ryk div\u00e9 zv\u011b\u0159e. Jak dopu\u0161t\u011bn\u00ed p\u0159i\u0161lo, tak tak\u00e9 ode\u0161lo a nad krajem se rozhostil klid. Lid\u00e9 vy\u0161li ze sv\u00fdch domov\u016f pod\u00edvat se na \u0161kody, kter\u00e9 mohla bou\u0159ka zp\u016fsobit. Tu se ze zadovsk\u00e9ho lesa ozval \u0161t\u011bkot. Za chv\u00edli se v m\u011bs\u00ed\u010dn\u00edm sv\u011btle objevilo obrovsk\u00e9 zv\u00ed\u0159e hnan\u00e9 psem. Byl to \u010dern\u00fd b\u00fdk a smetl neboh\u00e9ho Fuker\u00fdra jako p\u00e1p\u011brku. A pak zase ticho \u2013 to kdy\u017e se p\u0159\u00edzrak propadl do zem\u011b.<\/em><\/p>\n<p>&nbsp;<\/p>\n<p><strong>Zdroj:<\/strong> Rouha\u010d Fuker\u00fdr &#8211; Karel Weis, \u010cesk\u00fd jih a \u0160umava v p\u00edsni 1935<\/p>\n<p><strong>P\u0159ipravuje: Miroslav K\u016eS ANDRES<\/strong><\/p>\n<p><strong>Foto: archiv autora<\/strong><\/p>\n<hr \/>\n<p>&nbsp;<\/p>\n","protected":false},"excerpt":{"rendered":"<p>&nbsp; \u201eJest <\/p>\n","protected":false},"author":2,"featured_media":313370,"comment_status":"open","ping_status":"open","sticky":false,"template":"","format":"gallery","meta":{"footnotes":""},"categories":[111],"tags":[],"jetpack_featured_media_url":"https:\/\/zakrasnejsivimperk.cz\/wp-content\/uploads\/2024\/07\/08\/ram-kusov.jpg","_links":{"self":[{"href":"https:\/\/zakrasnejsivimperk.cz\/index.php?rest_route=\/wp\/v2\/posts\/226028"}],"collection":[{"href":"https:\/\/zakrasnejsivimperk.cz\/index.php?rest_route=\/wp\/v2\/posts"}],"about":[{"href":"https:\/\/zakrasnejsivimperk.cz\/index.php?rest_route=\/wp\/v2\/types\/post"}],"author":[{"embeddable":true,"href":"https:\/\/zakrasnejsivimperk.cz\/index.php?rest_route=\/wp\/v2\/users\/2"}],"replies":[{"embeddable":true,"href":"https:\/\/zakrasnejsivimperk.cz\/index.php?rest_route=%2Fwp%2Fv2%2Fcomments&post=226028"}],"version-history":[{"count":3,"href":"https:\/\/zakrasnejsivimperk.cz\/index.php?rest_route=\/wp\/v2\/posts\/226028\/revisions"}],"predecessor-version":[{"id":313369,"href":"https:\/\/zakrasnejsivimperk.cz\/index.php?rest_route=\/wp\/v2\/posts\/226028\/revisions\/313369"}],"wp:featuredmedia":[{"embeddable":true,"href":"https:\/\/zakrasnejsivimperk.cz\/index.php?rest_route=\/wp\/v2\/media\/313370"}],"wp:attachment":[{"href":"https:\/\/zakrasnejsivimperk.cz\/index.php?rest_route=%2Fwp%2Fv2%2Fmedia&parent=226028"}],"wp:term":[{"taxonomy":"category","embeddable":true,"href":"https:\/\/zakrasnejsivimperk.cz\/index.php?rest_route=%2Fwp%2Fv2%2Fcategories&post=226028"},{"taxonomy":"post_tag","embeddable":true,"href":"https:\/\/zakrasnejsivimperk.cz\/index.php?rest_route=%2Fwp%2Fv2%2Ftags&post=226028"}],"curies":[{"name":"wp","href":"https:\/\/api.w.org\/{rel}","templated":true}]}}