{"id":21840,"date":"2015-06-04T20:42:28","date_gmt":"2015-06-04T19:42:28","guid":{"rendered":"http:\/\/zakrasnejsivimperk.cz\/?p=21840"},"modified":"2015-06-04T21:16:36","modified_gmt":"2015-06-04T20:16:36","slug":"odpovida-pavel-pechousek-kolik-soudnich-sporu-a-v-jakych-vecech-vede-mesto-vimperk","status":"publish","type":"post","link":"https:\/\/zakrasnejsivimperk.cz\/?p=21840","title":{"rendered":"ODPOV\u00cdD\u00c1 PAVEL PECHOU\u0160EK: Kolik vede m\u011bsto soudn\u00edch spor\u016f a v jak\u00fdch v\u011bcech"},"content":{"rendered":"<p style=\"text-align: justify;\"><strong>Kolik vede m\u011bsto soudn\u00edch spor\u016f a v jak\u00fdch v\u011bcech? Zeptali jsme se pracovn\u00edka propagace vimpersk\u00e9 radnice Pavla Pechou\u0161ka. Tady je odpov\u011b\u010f:<\/strong><\/p>\n<p style=\"text-align: justify;\">Jedn\u00e1 se o velice citliv\u00e9 z\u00e1le\u017eitosti. M\u011bsto \u0159e\u0161\u00ed n\u011bkter\u00e9 exeku\u010dn\u00ed spory s\u00a0dlu\u017en\u00edky, informace o t\u011bchto sporech nen\u00ed opr\u00e1vn\u011bno nikomu sd\u011blovat. Soudn\u00ed spory s\u00a0neplati\u010di v\u00a0m\u011bstsk\u00fdch bytech \u0159e\u0161\u00ed M\u011bstsk\u00e1 spr\u00e1va dom\u016f Vimperk a i toto jsou osobn\u00ed v\u011bci, kde nejsme opr\u00e1vn\u011bni cokoliv bli\u017e\u0161\u00edho sd\u011blovat. M\u011bsto podalo kasa\u010dn\u00ed st\u00ed\u017enost na zru\u0161en\u00ed \u00fazemn\u00edho pl\u00e1nu. Existuje i soudn\u00ed spor s jedn\u00edm stavebn\u011b bytov\u00fdm dru\u017estvem o ur\u010den\u00ed majitele vlastnictv\u00ed ter\u00e9nn\u00edch \u00faprav na s\u00eddli\u0161ti M\u00edru.<\/p>\n<p style=\"text-align: justify;\"><strong>(red)<\/strong><\/p>\n<p>&nbsp;<\/p>\n<p>&nbsp;<\/p>\n<p>&nbsp;<\/p>\n<p>&nbsp;<\/p>\n","protected":false},"excerpt":{"rendered":"<p>Kolik vede <\/p>\n","protected":false},"author":2,"featured_media":0,"comment_status":"open","ping_status":"open","sticky":false,"template":"","format":"standard","meta":{"footnotes":""},"categories":[4],"tags":[],"jetpack_featured_media_url":"","_links":{"self":[{"href":"https:\/\/zakrasnejsivimperk.cz\/index.php?rest_route=\/wp\/v2\/posts\/21840"}],"collection":[{"href":"https:\/\/zakrasnejsivimperk.cz\/index.php?rest_route=\/wp\/v2\/posts"}],"about":[{"href":"https:\/\/zakrasnejsivimperk.cz\/index.php?rest_route=\/wp\/v2\/types\/post"}],"author":[{"embeddable":true,"href":"https:\/\/zakrasnejsivimperk.cz\/index.php?rest_route=\/wp\/v2\/users\/2"}],"replies":[{"embeddable":true,"href":"https:\/\/zakrasnejsivimperk.cz\/index.php?rest_route=%2Fwp%2Fv2%2Fcomments&post=21840"}],"version-history":[{"count":5,"href":"https:\/\/zakrasnejsivimperk.cz\/index.php?rest_route=\/wp\/v2\/posts\/21840\/revisions"}],"predecessor-version":[{"id":21853,"href":"https:\/\/zakrasnejsivimperk.cz\/index.php?rest_route=\/wp\/v2\/posts\/21840\/revisions\/21853"}],"wp:attachment":[{"href":"https:\/\/zakrasnejsivimperk.cz\/index.php?rest_route=%2Fwp%2Fv2%2Fmedia&parent=21840"}],"wp:term":[{"taxonomy":"category","embeddable":true,"href":"https:\/\/zakrasnejsivimperk.cz\/index.php?rest_route=%2Fwp%2Fv2%2Fcategories&post=21840"},{"taxonomy":"post_tag","embeddable":true,"href":"https:\/\/zakrasnejsivimperk.cz\/index.php?rest_route=%2Fwp%2Fv2%2Ftags&post=21840"}],"curies":[{"name":"wp","href":"https:\/\/api.w.org\/{rel}","templated":true}]}}