{"id":217567,"date":"2021-03-08T08:29:19","date_gmt":"2021-03-08T07:29:19","guid":{"rendered":"http:\/\/zakrasnejsivimperk.cz\/?p=217567"},"modified":"2021-03-08T08:29:19","modified_gmt":"2021-03-08T07:29:19","slug":"digitalni-knihovna-nasim-zenam-tomas-bata","status":"publish","type":"post","link":"https:\/\/zakrasnejsivimperk.cz\/?p=217567","title":{"rendered":"DIGIT\u00c1LN\u00cd KNIHOVNA: Na\u0161im \u017een\u00e1m (Tom\u00e1\u0161 Ba\u0165a)"},"content":{"rendered":"<h6><img loading=\"lazy\" decoding=\"async\" class=\"alignright wp-image-185886\" src=\"http:\/\/zakrasnejsivimperk.cz\/wp-content\/uploads\/2020\/02\/27\/digit\u00e1ln\u00ed-knihovna-300x300.jpg\" alt=\"\" width=\"150\" height=\"150\" srcset=\"https:\/\/zakrasnejsivimperk.cz\/wp-content\/uploads\/2020\/02\/27\/digit\u00e1ln\u00ed-knihovna-300x300.jpg 300w, https:\/\/zakrasnejsivimperk.cz\/wp-content\/uploads\/2020\/02\/27\/digit\u00e1ln\u00ed-knihovna-150x150.jpg 150w, https:\/\/zakrasnejsivimperk.cz\/wp-content\/uploads\/2020\/02\/27\/digit\u00e1ln\u00ed-knihovna-358x357.jpg 358w, https:\/\/zakrasnejsivimperk.cz\/wp-content\/uploads\/2020\/02\/27\/digit\u00e1ln\u00ed-knihovna-210x210.jpg 210w, https:\/\/zakrasnejsivimperk.cz\/wp-content\/uploads\/2020\/02\/27\/digit\u00e1ln\u00ed-knihovna.jpg 442w\" sizes=\"(max-width: 150px) 100vw, 150px\" \/>Cit\u00e1t Tom\u00e1\u0161e Bati z dopisu redakci novin Venkov z roku 1927 tolik nezest\u00e1rl. Z dne\u0161n\u00edho pohledu jsou n\u011bkter\u00e9 pas\u00e1\u017ee \u00fasm\u011bvn\u00e9 a zastaral\u00e9 a n\u011bkoho by mohly i pobou\u0159it. Stejn\u00e9 pocity v\u0161ak mohly vzbudit i v dob\u011b sv\u00e9ho vyd\u00e1n\u00ed neskr\u00fdvan\u00fdmi pob\u00eddkami k emancipaci \u017een. Co si o n\u011bm mysl\u00edte vy?<\/h6>\n<p><strong>FB \u2013\u00a0<a href=\"https:\/\/www.facebook.com\/Digitalniknihovna.cz\" target=\"_blank\" rel=\"noopener\">Digit\u00e1ln\u00ed knihovna<\/a><\/strong><\/p>\n<p>&nbsp;<\/p>\n<p><img loading=\"lazy\" decoding=\"async\" class=\"aligncenter wp-image-217568 size-full\" src=\"http:\/\/zakrasnejsivimperk.cz\/wp-content\/uploads\/2021\/03\/08\/bata-zenam.jpg\" alt=\"\" width=\"708\" height=\"960\" srcset=\"https:\/\/zakrasnejsivimperk.cz\/wp-content\/uploads\/2021\/03\/08\/bata-zenam.jpg 708w, https:\/\/zakrasnejsivimperk.cz\/wp-content\/uploads\/2021\/03\/08\/bata-zenam-221x300.jpg 221w, https:\/\/zakrasnejsivimperk.cz\/wp-content\/uploads\/2021\/03\/08\/bata-zenam-263x357.jpg 263w, https:\/\/zakrasnejsivimperk.cz\/wp-content\/uploads\/2021\/03\/08\/bata-zenam-356x483.jpg 356w\" sizes=\"(max-width: 708px) 100vw, 708px\" \/><\/p>\n<p>&nbsp;<\/p>\n<p>&nbsp;<\/p>\n<p>&nbsp;<\/p>\n<p>&nbsp;<\/p>\n","protected":false},"excerpt":{"rendered":"<p>Cit\u00e1t Tom\u00e1\u0161e <\/p>\n","protected":false},"author":2,"featured_media":217569,"comment_status":"open","ping_status":"open","sticky":false,"template":"","format":"gallery","meta":{"footnotes":""},"categories":[74],"tags":[],"jetpack_featured_media_url":"https:\/\/zakrasnejsivimperk.cz\/wp-content\/uploads\/2021\/03\/08\/r\u00e1me\u010dek-na\u0161im-\u017een\u00e1m.jpg","_links":{"self":[{"href":"https:\/\/zakrasnejsivimperk.cz\/index.php?rest_route=\/wp\/v2\/posts\/217567"}],"collection":[{"href":"https:\/\/zakrasnejsivimperk.cz\/index.php?rest_route=\/wp\/v2\/posts"}],"about":[{"href":"https:\/\/zakrasnejsivimperk.cz\/index.php?rest_route=\/wp\/v2\/types\/post"}],"author":[{"embeddable":true,"href":"https:\/\/zakrasnejsivimperk.cz\/index.php?rest_route=\/wp\/v2\/users\/2"}],"replies":[{"embeddable":true,"href":"https:\/\/zakrasnejsivimperk.cz\/index.php?rest_route=%2Fwp%2Fv2%2Fcomments&post=217567"}],"version-history":[{"count":1,"href":"https:\/\/zakrasnejsivimperk.cz\/index.php?rest_route=\/wp\/v2\/posts\/217567\/revisions"}],"predecessor-version":[{"id":217570,"href":"https:\/\/zakrasnejsivimperk.cz\/index.php?rest_route=\/wp\/v2\/posts\/217567\/revisions\/217570"}],"wp:featuredmedia":[{"embeddable":true,"href":"https:\/\/zakrasnejsivimperk.cz\/index.php?rest_route=\/wp\/v2\/media\/217569"}],"wp:attachment":[{"href":"https:\/\/zakrasnejsivimperk.cz\/index.php?rest_route=%2Fwp%2Fv2%2Fmedia&parent=217567"}],"wp:term":[{"taxonomy":"category","embeddable":true,"href":"https:\/\/zakrasnejsivimperk.cz\/index.php?rest_route=%2Fwp%2Fv2%2Fcategories&post=217567"},{"taxonomy":"post_tag","embeddable":true,"href":"https:\/\/zakrasnejsivimperk.cz\/index.php?rest_route=%2Fwp%2Fv2%2Ftags&post=217567"}],"curies":[{"name":"wp","href":"https:\/\/api.w.org\/{rel}","templated":true}]}}