{"id":21724,"date":"2015-06-03T21:32:33","date_gmt":"2015-06-03T20:32:33","guid":{"rendered":"http:\/\/zakrasnejsivimperk.cz\/?p=21724"},"modified":"2015-06-04T21:52:31","modified_gmt":"2015-06-04T20:52:31","slug":"dobra-zprava-na-velke-homolce-pribudou-lavicky-opravy-se-docka-i-vrcholovy-kriz","status":"publish","type":"post","link":"https:\/\/zakrasnejsivimperk.cz\/?p=21724","title":{"rendered":"DOBR\u00c1 ZPR\u00c1VA: Na Velk\u00e9 Homolce p\u0159ibudou lavi\u010dky, opravy se do\u010dk\u00e1 i vrcholov\u00fd k\u0159\u00ed\u017e"},"content":{"rendered":"<p style=\"text-align: justify;\">V leto\u0161n\u00edm roce usp\u011bla Z\u00e1kladn\u00ed organizace \u010cesk\u00e9ho svazu ochr\u00e1nc\u016f p\u0159\u00edrody (ZO \u010cSOP) \u0160umava s dal\u0161\u00edm projektov\u00fdm z\u00e1m\u011brem na zp\u0159\u00edstupn\u011bn\u00ed p\u0159\u00edrodov\u011bdn\u00e9ho m\u00edsta ve\u0159ejnosti v r\u00e1mci programu \u201eNET4GAS Bl\u00ed\u017e p\u0159\u00edrod\u011b\u201c. Tentokr\u00e1t se tak stane ve Vimperku na Velk\u00e9 Homolce.<\/p>\n<p style=\"text-align: justify;\">Velk\u00e1 Homolka je p\u0159\u00edrodov\u011bdn\u011b zaj\u00edmav\u00e9 m\u00edsto, kter\u00e9 je v p\u00e9\u010di ZO \u010cSOP \u0160umava. \u201eM\u00e1me zde zpracovan\u00e9 biologick\u00e9 pr\u016fzkumy se zaj\u00edmav\u00fdmi v\u00fdsledky. Vyskytuje se zde okolo 180 druh\u016f rostlin a n\u011bkolik des\u00edtek c<span class=\"text_exposed_show\">hr\u00e1n\u011bn\u00fdch druh\u016f \u017eivo\u010dich\u016f, kdy nejzaj\u00edmav\u011bj\u0161\u00ed je p\u0159edev\u0161\u00edm hmyz \u2013 mot\u00fdli modr\u00e1sci. Lokalitu m\u00e1me nav\u00edc za\u0159azenou v \u0160umavsk\u00e9m pozemkov\u00e9m spolku a ji\u017e n\u011bkolik let se zde aktivn\u011b star\u00e1me o pozemky prost\u0159ednictv\u00edm kosen\u00ed, pasen\u00ed ovcemi a prac\u00ed s n\u00e1letov\u00fdmi d\u0159evinami\u201c, \u0159\u00edk\u00e1 Jan Bedna\u0159\u00edk, p\u0159edstavitel ZO \u010cSOP \u0160umava.<\/span><\/p>\n<p style=\"text-align: justify;\"><span class=\"text_exposed_show\">Na Homolce tak v r\u00e1mci projektu budou um\u00edst\u011bny d\u0159ev\u011bn\u00e9 lavi\u010dky, na kter\u00fdch bude um\u00edst\u011bn informa\u010dn\u00ed syst\u00e9m o historii, sou\u010dasnosti a p\u0159\u00edrodov\u011bdn\u00e9m v\u00fdznamu Homolky. Bude to proto, aby se n\u00e1v\u0161t\u011bvn\u00edci lokality dozv\u011bd\u011bli v\u00edce o jej\u00edm v\u00fdznamu. Pro men\u0161\u00ed n\u00e1v\u0161t\u011bvn\u00edky dojde k um\u00edst\u011bn\u00ed interaktivn\u00edho zastaven\u00ed a k lokalit\u011b bude vyd\u00e1n i informa\u010dn\u00ed let\u00e1k s mapkou, jak se po lokalit\u011b pohybovat. Ve vrcholov\u00e9 \u010d\u00e1sti se tak\u00e9 oprav\u00ed sakr\u00e1ln\u00ed pam\u00e1tka \u2013 kamenn\u00fd k\u0159\u00ed\u017e z roku 1899. K\u0159\u00ed\u017e je v sou\u010dasn\u00e9 dob\u011b porostl\u00fd mechem a li\u0161ejn\u00edky, socha Krista a n\u00e1pis \u201eINRI\u201c je z\u010dernal\u00fd. Patrn\u011b od doby um\u00edst\u011bn\u00ed na toto m\u00edsto nebyl o\u0161et\u0159en. Z\u00e1m\u011brem bude k\u0159\u00ed\u017e \u0161etrn\u011b o\u0161et\u0159it chemickou cestou a dojde k restaurov\u00e1n\u00ed korpusu a n\u00e1pisov\u00e9ho p\u00e1sku. Sou\u010d\u00e1st\u00ed projektu jsou i n\u011bkter\u00e9 vy\u0159ez\u00e1vky d\u0159evin, kter\u00e9 ji\u017e prob\u011bhly na ja\u0159e a drobn\u00e1 \u00faprava cestn\u00edho syst\u00e9mu.<\/span><\/p>\n<p style=\"text-align: justify;\"><span class=\"text_exposed_show\">Velk\u00e1 Homolka, tak bude vedle Podle\u0161\u00e1kova jilmu, Sudslavick\u00e9ho okruhu a Bohumilick\u00e9 aleje ji\u017e \u010dtvrtou lokalitou v Po\u0161umav\u00ed, kter\u00e1 bude takto zp\u0159\u00edstupn\u011bna a p\u0159edstavena ve\u0159ejnosti. Ofici\u00e1ln\u00ed otev\u0159en\u00ed je napl\u00e1nov\u00e1no na z\u00e1\u0159\u00ed 2015.<\/span><\/p>\n<p style=\"text-align: justify;\"><strong>Text a foto:\u00a0ZO \u010cSOP \u0160umava<\/strong><\/p>\n<div id='gallery-1' class='gallery galleryid-21724 gallery-columns-3 gallery-size-medium'><figure class='gallery-item'>\n\t\t\t<div class='gallery-icon landscape'>\n\t\t\t\t<a href='https:\/\/zakrasnejsivimperk.cz\/?attachment_id=21725'><img loading=\"lazy\" decoding=\"async\" width=\"300\" height=\"225\" src=\"https:\/\/zakrasnejsivimperk.cz\/wp-content\/uploads\/2015\/06\/homolka-1-300x225.jpg\" class=\"attachment-medium size-medium\" alt=\"\" srcset=\"https:\/\/zakrasnejsivimperk.cz\/wp-content\/uploads\/2015\/06\/homolka-1-300x225.jpg 300w, https:\/\/zakrasnejsivimperk.cz\/wp-content\/uploads\/2015\/06\/homolka-1-476x357.jpg 476w, https:\/\/zakrasnejsivimperk.cz\/wp-content\/uploads\/2015\/06\/homolka-1-644x483.jpg 644w, https:\/\/zakrasnejsivimperk.cz\/wp-content\/uploads\/2015\/06\/homolka-1.jpg 960w\" sizes=\"(max-width: 300px) 100vw, 300px\" \/><\/a>\n\t\t\t<\/div><\/figure><figure class='gallery-item'>\n\t\t\t<div class='gallery-icon landscape'>\n\t\t\t\t<a href='https:\/\/zakrasnejsivimperk.cz\/?attachment_id=21726'><img loading=\"lazy\" decoding=\"async\" width=\"300\" height=\"225\" src=\"https:\/\/zakrasnejsivimperk.cz\/wp-content\/uploads\/2015\/06\/homolka-2-300x225.jpg\" class=\"attachment-medium size-medium\" alt=\"\" srcset=\"https:\/\/zakrasnejsivimperk.cz\/wp-content\/uploads\/2015\/06\/homolka-2-300x225.jpg 300w, https:\/\/zakrasnejsivimperk.cz\/wp-content\/uploads\/2015\/06\/homolka-2-476x357.jpg 476w, https:\/\/zakrasnejsivimperk.cz\/wp-content\/uploads\/2015\/06\/homolka-2-644x483.jpg 644w, https:\/\/zakrasnejsivimperk.cz\/wp-content\/uploads\/2015\/06\/homolka-2.jpg 960w\" sizes=\"(max-width: 300px) 100vw, 300px\" \/><\/a>\n\t\t\t<\/div><\/figure><figure class='gallery-item'>\n\t\t\t<div class='gallery-icon landscape'>\n\t\t\t\t<a href='https:\/\/zakrasnejsivimperk.cz\/?attachment_id=21727'><img loading=\"lazy\" decoding=\"async\" width=\"300\" height=\"225\" src=\"https:\/\/zakrasnejsivimperk.cz\/wp-content\/uploads\/2015\/06\/homolka-3-300x225.jpg\" class=\"attachment-medium size-medium\" alt=\"\" srcset=\"https:\/\/zakrasnejsivimperk.cz\/wp-content\/uploads\/2015\/06\/homolka-3-300x225.jpg 300w, https:\/\/zakrasnejsivimperk.cz\/wp-content\/uploads\/2015\/06\/homolka-3-476x357.jpg 476w, https:\/\/zakrasnejsivimperk.cz\/wp-content\/uploads\/2015\/06\/homolka-3-644x483.jpg 644w, https:\/\/zakrasnejsivimperk.cz\/wp-content\/uploads\/2015\/06\/homolka-3.jpg 960w\" sizes=\"(max-width: 300px) 100vw, 300px\" \/><\/a>\n\t\t\t<\/div><\/figure><figure class='gallery-item'>\n\t\t\t<div class='gallery-icon landscape'>\n\t\t\t\t<a href='https:\/\/zakrasnejsivimperk.cz\/?attachment_id=21728'><img loading=\"lazy\" decoding=\"async\" width=\"300\" height=\"225\" src=\"https:\/\/zakrasnejsivimperk.cz\/wp-content\/uploads\/2015\/06\/homolka-4-300x225.jpg\" class=\"attachment-medium size-medium\" alt=\"\" srcset=\"https:\/\/zakrasnejsivimperk.cz\/wp-content\/uploads\/2015\/06\/homolka-4-300x225.jpg 300w, https:\/\/zakrasnejsivimperk.cz\/wp-content\/uploads\/2015\/06\/homolka-4-476x357.jpg 476w, https:\/\/zakrasnejsivimperk.cz\/wp-content\/uploads\/2015\/06\/homolka-4-644x483.jpg 644w, https:\/\/zakrasnejsivimperk.cz\/wp-content\/uploads\/2015\/06\/homolka-4.jpg 960w\" sizes=\"(max-width: 300px) 100vw, 300px\" \/><\/a>\n\t\t\t<\/div><\/figure><figure class='gallery-item'>\n\t\t\t<div class='gallery-icon portrait'>\n\t\t\t\t<a href='https:\/\/zakrasnejsivimperk.cz\/?attachment_id=21729'><img loading=\"lazy\" decoding=\"async\" width=\"225\" height=\"300\" src=\"https:\/\/zakrasnejsivimperk.cz\/wp-content\/uploads\/2015\/06\/homolka-5-225x300.jpg\" class=\"attachment-medium size-medium\" alt=\"\" srcset=\"https:\/\/zakrasnejsivimperk.cz\/wp-content\/uploads\/2015\/06\/homolka-5-225x300.jpg 225w, https:\/\/zakrasnejsivimperk.cz\/wp-content\/uploads\/2015\/06\/homolka-5-268x357.jpg 268w, https:\/\/zakrasnejsivimperk.cz\/wp-content\/uploads\/2015\/06\/homolka-5-362x483.jpg 362w, https:\/\/zakrasnejsivimperk.cz\/wp-content\/uploads\/2015\/06\/homolka-5-150x200.jpg 150w, https:\/\/zakrasnejsivimperk.cz\/wp-content\/uploads\/2015\/06\/homolka-5.jpg 720w\" sizes=\"(max-width: 225px) 100vw, 225px\" \/><\/a>\n\t\t\t<\/div><\/figure><figure class='gallery-item'>\n\t\t\t<div class='gallery-icon landscape'>\n\t\t\t\t<a href='https:\/\/zakrasnejsivimperk.cz\/?attachment_id=21730'><img loading=\"lazy\" decoding=\"async\" width=\"300\" height=\"225\" src=\"https:\/\/zakrasnejsivimperk.cz\/wp-content\/uploads\/2015\/06\/homolka-6-300x225.jpg\" class=\"attachment-medium size-medium\" alt=\"\" srcset=\"https:\/\/zakrasnejsivimperk.cz\/wp-content\/uploads\/2015\/06\/homolka-6-300x225.jpg 300w, https:\/\/zakrasnejsivimperk.cz\/wp-content\/uploads\/2015\/06\/homolka-6-476x357.jpg 476w, https:\/\/zakrasnejsivimperk.cz\/wp-content\/uploads\/2015\/06\/homolka-6-644x483.jpg 644w, https:\/\/zakrasnejsivimperk.cz\/wp-content\/uploads\/2015\/06\/homolka-6.jpg 960w\" sizes=\"(max-width: 300px) 100vw, 300px\" \/><\/a>\n\t\t\t<\/div><\/figure><figure class='gallery-item'>\n\t\t\t<div class='gallery-icon landscape'>\n\t\t\t\t<a href='https:\/\/zakrasnejsivimperk.cz\/?attachment_id=21731'><img loading=\"lazy\" decoding=\"async\" width=\"300\" height=\"225\" src=\"https:\/\/zakrasnejsivimperk.cz\/wp-content\/uploads\/2015\/06\/homolka-7-300x225.jpg\" class=\"attachment-medium size-medium\" alt=\"\" srcset=\"https:\/\/zakrasnejsivimperk.cz\/wp-content\/uploads\/2015\/06\/homolka-7-300x225.jpg 300w, https:\/\/zakrasnejsivimperk.cz\/wp-content\/uploads\/2015\/06\/homolka-7-476x357.jpg 476w, https:\/\/zakrasnejsivimperk.cz\/wp-content\/uploads\/2015\/06\/homolka-7-644x483.jpg 644w, https:\/\/zakrasnejsivimperk.cz\/wp-content\/uploads\/2015\/06\/homolka-7.jpg 960w\" sizes=\"(max-width: 300px) 100vw, 300px\" \/><\/a>\n\t\t\t<\/div><\/figure><figure class='gallery-item'>\n\t\t\t<div class='gallery-icon landscape'>\n\t\t\t\t<a href='https:\/\/zakrasnejsivimperk.cz\/?attachment_id=21732'><img loading=\"lazy\" decoding=\"async\" width=\"300\" height=\"225\" src=\"https:\/\/zakrasnejsivimperk.cz\/wp-content\/uploads\/2015\/06\/homolka-8-300x225.jpg\" class=\"attachment-medium size-medium\" alt=\"\" srcset=\"https:\/\/zakrasnejsivimperk.cz\/wp-content\/uploads\/2015\/06\/homolka-8-300x225.jpg 300w, https:\/\/zakrasnejsivimperk.cz\/wp-content\/uploads\/2015\/06\/homolka-8-476x357.jpg 476w, https:\/\/zakrasnejsivimperk.cz\/wp-content\/uploads\/2015\/06\/homolka-8-644x483.jpg 644w, https:\/\/zakrasnejsivimperk.cz\/wp-content\/uploads\/2015\/06\/homolka-8.jpg 960w\" sizes=\"(max-width: 300px) 100vw, 300px\" \/><\/a>\n\t\t\t<\/div><\/figure>\n\t\t<\/div>\n\n","protected":false},"excerpt":{"rendered":"<p>V leto\u0161n\u00edm <\/p>\n","protected":false},"author":2,"featured_media":21725,"comment_status":"open","ping_status":"open","sticky":false,"template":"","format":"gallery","meta":{"footnotes":""},"categories":[4],"tags":[],"jetpack_featured_media_url":"https:\/\/zakrasnejsivimperk.cz\/wp-content\/uploads\/2015\/06\/homolka-1.jpg","_links":{"self":[{"href":"https:\/\/zakrasnejsivimperk.cz\/index.php?rest_route=\/wp\/v2\/posts\/21724"}],"collection":[{"href":"https:\/\/zakrasnejsivimperk.cz\/index.php?rest_route=\/wp\/v2\/posts"}],"about":[{"href":"https:\/\/zakrasnejsivimperk.cz\/index.php?rest_route=\/wp\/v2\/types\/post"}],"author":[{"embeddable":true,"href":"https:\/\/zakrasnejsivimperk.cz\/index.php?rest_route=\/wp\/v2\/users\/2"}],"replies":[{"embeddable":true,"href":"https:\/\/zakrasnejsivimperk.cz\/index.php?rest_route=%2Fwp%2Fv2%2Fcomments&post=21724"}],"version-history":[{"count":3,"href":"https:\/\/zakrasnejsivimperk.cz\/index.php?rest_route=\/wp\/v2\/posts\/21724\/revisions"}],"predecessor-version":[{"id":21862,"href":"https:\/\/zakrasnejsivimperk.cz\/index.php?rest_route=\/wp\/v2\/posts\/21724\/revisions\/21862"}],"wp:featuredmedia":[{"embeddable":true,"href":"https:\/\/zakrasnejsivimperk.cz\/index.php?rest_route=\/wp\/v2\/media\/21725"}],"wp:attachment":[{"href":"https:\/\/zakrasnejsivimperk.cz\/index.php?rest_route=%2Fwp%2Fv2%2Fmedia&parent=21724"}],"wp:term":[{"taxonomy":"category","embeddable":true,"href":"https:\/\/zakrasnejsivimperk.cz\/index.php?rest_route=%2Fwp%2Fv2%2Fcategories&post=21724"},{"taxonomy":"post_tag","embeddable":true,"href":"https:\/\/zakrasnejsivimperk.cz\/index.php?rest_route=%2Fwp%2Fv2%2Ftags&post=21724"}],"curies":[{"name":"wp","href":"https:\/\/api.w.org\/{rel}","templated":true}]}}