{"id":21666,"date":"2015-06-02T21:23:56","date_gmt":"2015-06-02T20:23:56","guid":{"rendered":"http:\/\/zakrasnejsivimperk.cz\/?p=21666"},"modified":"2015-06-04T07:27:03","modified_gmt":"2015-06-04T06:27:03","slug":"drevene-sochy-do-parku-behem-cervna-budou-podle-radnice-na-slibenych-mistech","status":"publish","type":"post","link":"https:\/\/zakrasnejsivimperk.cz\/?p=21666","title":{"rendered":"ODPOV\u00cdD\u00c1 PAVEL PECHOU\u0160EK: Kdy budou v parc\u00edch sochy z lo\u0148sk\u00e9ho setk\u00e1n\u00ed d\u0159evosocha\u0159\u016f"},"content":{"rendered":"<p style=\"text-align: justify;\">V\u00a0b\u0159eznu jsme se ptali, kdy budou do parku ve Vimperku podle p\u0159edchoz\u00edho slibu instalov\u00e1ny sochy z\u00a0lo\u0148sk\u00e9ho setk\u00e1n\u00ed d\u0159evosocha\u0159\u016f. Dostalo se n\u00e1m t\u00e9to odpov\u011bdi od vedouc\u00edho odboru \u017eivotn\u00edho prost\u0159ed\u00ed M\u011b\u00da Josefa Kot\u00e1la:<\/p>\n<p style=\"text-align: justify;\"><em><strong>\u201eDv\u011b sochy budou um\u00edst\u011bny p\u0159\u00edmo v parku, jedna socha bude um\u00edst\u011bna v nov\u00e9m Parku Nad Pek\u00e1rnou. Instalaci p\u0159edpokl\u00e1d\u00e1me v dubnu.\u201c<\/strong><\/em><\/p>\n<p style=\"text-align: justify;\">Je za\u010d\u00e1tek \u010dervna a sochy zat\u00edm nebyly um\u00edst\u011bny. <strong>Proto jsme se na radnici zeptali, co je toho p\u0159\u00ed\u010dinou a kdy se tak stane.\u00a0<\/strong>Tady je odpov\u011b\u010f pracovn\u00edka propagace Pavla Pechou\u0161ka:<\/p>\n<p style=\"text-align: justify;\"><em>K\u00a0mal\u00e9mu zdr\u017een\u00ed do\u0161lo vlivem n\u011bkolika faktor\u016f. T\u011b\u017eko \u0159\u00edct, kter\u00fd je d\u016fle\u017eit\u011bj\u0161\u00ed. Za prv\u00e9 je to vybran\u00e1 impregnace, kter\u00e1 nefungovala tak rychle, jak jsme p\u0159edpokl\u00e1dali. Pak je to de\u0161tiv\u00e9 po\u010das\u00ed. Ur\u010dit\u011b nem\u00e1 smysl instalovat sochy b\u011bhem vytrval\u00e9ho de\u0161t\u011b. A pot\u00e9 nakupen\u00ed d\u016fle\u017eit\u011bj\u0161\u00ed pr\u00e1ce na\u0161im zam\u011bstnanc\u016fm, kte\u0159\u00ed budou sochy st\u011bhovat. M\u011bs\u00ed\u010dn\u00ed zdr\u017een\u00ed, ale nen\u00ed v\u00a0tomto p\u0159\u00edpad\u011b v\u016fbec rozhoduj\u00edc\u00ed. B\u011bhem \u010dervna u\u017e budou d\u0159ev\u011bn\u00e9 sochy na sl\u00edben\u00fdch m\u00edstech, aby mohli d\u011blat radost v\u0161em m\u00edstn\u00edm i turist\u016fm.<\/em><\/p>\n<p style=\"text-align: justify;\"><strong>(red)<\/strong><\/p>\n<p style=\"text-align: justify;\">\n","protected":false},"excerpt":{"rendered":"<p>V\u00a0b\u0159eznu jsme <\/p>\n","protected":false},"author":2,"featured_media":0,"comment_status":"open","ping_status":"open","sticky":false,"template":"","format":"standard","meta":{"footnotes":""},"categories":[4],"tags":[],"jetpack_featured_media_url":"","_links":{"self":[{"href":"https:\/\/zakrasnejsivimperk.cz\/index.php?rest_route=\/wp\/v2\/posts\/21666"}],"collection":[{"href":"https:\/\/zakrasnejsivimperk.cz\/index.php?rest_route=\/wp\/v2\/posts"}],"about":[{"href":"https:\/\/zakrasnejsivimperk.cz\/index.php?rest_route=\/wp\/v2\/types\/post"}],"author":[{"embeddable":true,"href":"https:\/\/zakrasnejsivimperk.cz\/index.php?rest_route=\/wp\/v2\/users\/2"}],"replies":[{"embeddable":true,"href":"https:\/\/zakrasnejsivimperk.cz\/index.php?rest_route=%2Fwp%2Fv2%2Fcomments&post=21666"}],"version-history":[{"count":5,"href":"https:\/\/zakrasnejsivimperk.cz\/index.php?rest_route=\/wp\/v2\/posts\/21666\/revisions"}],"predecessor-version":[{"id":21785,"href":"https:\/\/zakrasnejsivimperk.cz\/index.php?rest_route=\/wp\/v2\/posts\/21666\/revisions\/21785"}],"wp:attachment":[{"href":"https:\/\/zakrasnejsivimperk.cz\/index.php?rest_route=%2Fwp%2Fv2%2Fmedia&parent=21666"}],"wp:term":[{"taxonomy":"category","embeddable":true,"href":"https:\/\/zakrasnejsivimperk.cz\/index.php?rest_route=%2Fwp%2Fv2%2Fcategories&post=21666"},{"taxonomy":"post_tag","embeddable":true,"href":"https:\/\/zakrasnejsivimperk.cz\/index.php?rest_route=%2Fwp%2Fv2%2Ftags&post=21666"}],"curies":[{"name":"wp","href":"https:\/\/api.w.org\/{rel}","templated":true}]}}