{"id":20768,"date":"2015-05-26T22:25:16","date_gmt":"2015-05-26T21:25:16","guid":{"rendered":"http:\/\/zakrasnejsivimperk.cz\/?p=20768"},"modified":"2015-05-27T12:30:27","modified_gmt":"2015-05-27T11:30:27","slug":"radnice-informuje-soutez-o-nejhezci-kvetinovou-vyzdobu-bytu-a-domu-zacina","status":"publish","type":"post","link":"https:\/\/zakrasnejsivimperk.cz\/?p=20768","title":{"rendered":"RADNICE INFORMUJE: Sout\u011b\u017e o nejhez\u010d\u00ed kv\u011btinovou v\u00fdzdobu byt\u016f a dom\u016f za\u010d\u00edn\u00e1"},"content":{"rendered":"<p style=\"text-align: justify;\"><strong>M\u011bsto Vimperk &#8211; odbor \u017eivotn\u00edho prost\u0159ed\u00ed, vyhla\u0161uje dal\u0161\u00ed ro\u010dn\u00edk sout\u011b\u017ee o nejkr\u00e1sn\u011bj\u0161\u00ed kv\u011btinovou v\u00fdzdobu bytu a domu pro rok 2015.<\/strong><\/p>\n<p style=\"text-align: justify;\"><strong><em>\u201eJedn\u00e1 se ji\u017e o t\u0159in\u00e1ct\u00fd ro\u010dn\u00edk t\u00e9to sout\u011b\u017ee, kter\u00e9 se ka\u017ed\u00fd rok z\u00fa\u010dastn\u00ed des\u00edtky milovn\u00edk\u016f kv\u011btin. Radost maj\u00ed jak p\u011bstitel\u00e9, tak ti, kte\u0159\u00ed se na kv\u011btiny d\u00edvaj\u00ed,\u201c<\/em><\/strong> uv\u00e1d\u00ed Jaroslava Martanov\u00e1, starostka Vimperka.<\/p>\n<p style=\"text-align: justify;\">Porotci by nezvl\u00e1dli hodnotit rozkvetl\u00e1 okna v\u00a0cel\u00e9m Vimperku, proto ka\u017ed\u00fd rok do sout\u011b\u017ee za\u0159ad\u00ed ulice z\u00a0jedn\u00e9 \u010d\u00e1sti m\u011bsta.<\/p>\n<p style=\"text-align: justify;\"><strong><em>\u201eLetos jsou to ulice Sadov\u00e1, Kapl\u00ed\u0159ova, Ro\u017embersk\u00e1, Pasovsk\u00e1, Inocencova, Jirch\u00e1\u0159sk\u00e1, Na Ba\u0161t\u011b, U L\u00e1zn\u00ed, Kosteln\u00ed, Steinbrenerova. V\u00a0lo\u0148sk\u00e9m roce to byla ulice Pivovarsk\u00e1 a 1. m\u00e1je,\u201c<\/em><\/strong> jmenuje organiz\u00e1torka sout\u011b\u017ee Eva Mikulov\u00e1 z odboru \u017eivotn\u00edho prost\u0159ed\u00ed M\u011bsta Vimperk.<\/p>\n<p style=\"text-align: justify;\"><strong>V\u00fdherce sout\u011b\u017ee obdr\u017e\u00ed p\u0159\u00edsp\u011bvek ve v\u00fd\u0161i 2000 korun,<\/strong> <strong>druh\u00fd v po\u0159ad\u00ed 1500 korun, t\u0159et\u00ed v po\u0159ad\u00ed 1000 korun a \u010dtvrt\u00fd a p\u00e1t\u00fd v\u00a0po\u0159ad\u00ed 500 korun.<\/strong><\/p>\n<p><strong>Podm\u00ednky sout\u011b\u017ee: <\/strong><\/p>\n<ul>\n<li>hodnot\u00ed se byty, domy s\u00a0adresou v\u00fd\u0161e uveden\u00fdch ulic<\/li>\n<li>hodnot\u00ed se v\u00fdzdoba viditeln\u00e1 z\u00a0ve\u0159ejn\u00e9ho prostranstv\u00ed<\/li>\n<li>hodnot\u00ed se kv\u011btinov\u00e1 v\u00fdzdoba v\u00a0n\u00e1dob\u00e1ch um\u00edst\u011bn\u00e1 vn\u011b\u00a0oken i p\u0159i vstupech do dom\u016f<\/li>\n<li>hodnotit bude porota slo\u017een\u00e1 ze z\u00e1stupc\u016f m\u011bsta a odborn\u00e9 firmy<\/li>\n<li>hodnocen\u00ed prob\u011bhne minim\u00e1ln\u011b 2 kr\u00e1t v\u00a0n\u00e1hodn\u011b zvolen\u00fdch term\u00ednech<\/li>\n<li>zah\u00e1jen\u00ed sout\u011b\u017ee je <strong>6.2015<\/strong> a ukon\u010den\u00ed <strong>31.8.2015<\/strong><\/li>\n<\/ul>\n<p style=\"text-align: justify;\"><strong><em>\u201eV\u00fdhodou je, \u017ee do sout\u011b\u017ee se nemus\u00ed nikdo<\/em><\/strong><strong><em> p\u0159ihla\u0161ovat, odborn\u00e1 porota provede v\u00a0uveden\u00fdch ulic\u00edch hodnotitelskou exkurzi a v\u00edt\u011bze pak oslov\u00ed z\u00e1stupci m\u011bsta,\u201c <\/em><\/strong>uzav\u00edr\u00e1 Eva Mikulov\u00e1.<\/p>\n<p style=\"text-align: justify;\"><strong>Pavel PECHOU\u0160EK, propaga\u010dn\u00ed pracovn\u00edk m\u011bsta<\/strong><\/p>\n<p style=\"text-align: justify;\">Foto: (v\u00edt\u011bzn\u00e1 v\u00fdzdoba z minul\u00fdch let) archiv m\u011bstsk\u00e9ho \u00fa\u0159adu<\/p>\n<div id='gallery-1' class='gallery galleryid-20768 gallery-columns-3 gallery-size-medium'><figure class='gallery-item'>\n\t\t\t<div class='gallery-icon landscape'>\n\t\t\t\t<a href='https:\/\/zakrasnejsivimperk.cz\/?attachment_id=20778'><img loading=\"lazy\" decoding=\"async\" width=\"300\" height=\"169\" src=\"https:\/\/zakrasnejsivimperk.cz\/wp-content\/uploads\/2015\/05\/kytky-mesta1-300x169.jpg\" class=\"attachment-medium size-medium\" alt=\"\" srcset=\"https:\/\/zakrasnejsivimperk.cz\/wp-content\/uploads\/2015\/05\/kytky-mesta1-300x169.jpg 300w, https:\/\/zakrasnejsivimperk.cz\/wp-content\/uploads\/2015\/05\/kytky-mesta1-635x357.jpg 635w, https:\/\/zakrasnejsivimperk.cz\/wp-content\/uploads\/2015\/05\/kytky-mesta1.jpg 800w\" sizes=\"(max-width: 300px) 100vw, 300px\" \/><\/a>\n\t\t\t<\/div><\/figure><figure class='gallery-item'>\n\t\t\t<div class='gallery-icon landscape'>\n\t\t\t\t<a href='https:\/\/zakrasnejsivimperk.cz\/?attachment_id=20779'><img loading=\"lazy\" decoding=\"async\" width=\"300\" height=\"200\" src=\"https:\/\/zakrasnejsivimperk.cz\/wp-content\/uploads\/2015\/05\/kytky-mesta-21-300x200.jpg\" class=\"attachment-medium size-medium\" alt=\"\" srcset=\"https:\/\/zakrasnejsivimperk.cz\/wp-content\/uploads\/2015\/05\/kytky-mesta-21-300x200.jpg 300w, https:\/\/zakrasnejsivimperk.cz\/wp-content\/uploads\/2015\/05\/kytky-mesta-21-535x357.jpg 535w, https:\/\/zakrasnejsivimperk.cz\/wp-content\/uploads\/2015\/05\/kytky-mesta-21-724x483.jpg 724w, https:\/\/zakrasnejsivimperk.cz\/wp-content\/uploads\/2015\/05\/kytky-mesta-21-570x380.jpg 570w, https:\/\/zakrasnejsivimperk.cz\/wp-content\/uploads\/2015\/05\/kytky-mesta-21-375x250.jpg 375w, https:\/\/zakrasnejsivimperk.cz\/wp-content\/uploads\/2015\/05\/kytky-mesta-21-276x184.jpg 276w, https:\/\/zakrasnejsivimperk.cz\/wp-content\/uploads\/2015\/05\/kytky-mesta-21-180x120.jpg 180w, https:\/\/zakrasnejsivimperk.cz\/wp-content\/uploads\/2015\/05\/kytky-mesta-21-480x320.jpg 480w, https:\/\/zakrasnejsivimperk.cz\/wp-content\/uploads\/2015\/05\/kytky-mesta-21.jpg 800w\" sizes=\"(max-width: 300px) 100vw, 300px\" \/><\/a>\n\t\t\t<\/div><\/figure><figure class='gallery-item'>\n\t\t\t<div class='gallery-icon portrait'>\n\t\t\t\t<a href='https:\/\/zakrasnejsivimperk.cz\/?attachment_id=20780'><img loading=\"lazy\" decoding=\"async\" width=\"225\" height=\"300\" src=\"https:\/\/zakrasnejsivimperk.cz\/wp-content\/uploads\/2015\/05\/kytky-mesta-31-225x300.jpg\" class=\"attachment-medium size-medium\" alt=\"\" srcset=\"https:\/\/zakrasnejsivimperk.cz\/wp-content\/uploads\/2015\/05\/kytky-mesta-31-225x300.jpg 225w, https:\/\/zakrasnejsivimperk.cz\/wp-content\/uploads\/2015\/05\/kytky-mesta-31-268x357.jpg 268w, https:\/\/zakrasnejsivimperk.cz\/wp-content\/uploads\/2015\/05\/kytky-mesta-31-362x483.jpg 362w, https:\/\/zakrasnejsivimperk.cz\/wp-content\/uploads\/2015\/05\/kytky-mesta-31-150x200.jpg 150w, https:\/\/zakrasnejsivimperk.cz\/wp-content\/uploads\/2015\/05\/kytky-mesta-31.jpg 600w\" sizes=\"(max-width: 225px) 100vw, 225px\" \/><\/a>\n\t\t\t<\/div><\/figure><figure class='gallery-item'>\n\t\t\t<div class='gallery-icon landscape'>\n\t\t\t\t<a href='https:\/\/zakrasnejsivimperk.cz\/?attachment_id=20781'><img loading=\"lazy\" decoding=\"async\" width=\"300\" height=\"225\" src=\"https:\/\/zakrasnejsivimperk.cz\/wp-content\/uploads\/2015\/05\/kytky-mesta-41-300x225.jpg\" class=\"attachment-medium size-medium\" alt=\"\" srcset=\"https:\/\/zakrasnejsivimperk.cz\/wp-content\/uploads\/2015\/05\/kytky-mesta-41-300x225.jpg 300w, https:\/\/zakrasnejsivimperk.cz\/wp-content\/uploads\/2015\/05\/kytky-mesta-41-476x357.jpg 476w, https:\/\/zakrasnejsivimperk.cz\/wp-content\/uploads\/2015\/05\/kytky-mesta-41-644x483.jpg 644w, https:\/\/zakrasnejsivimperk.cz\/wp-content\/uploads\/2015\/05\/kytky-mesta-41.jpg 800w\" sizes=\"(max-width: 300px) 100vw, 300px\" \/><\/a>\n\t\t\t<\/div><\/figure><figure class='gallery-item'>\n\t\t\t<div class='gallery-icon landscape'>\n\t\t\t\t<a href='https:\/\/zakrasnejsivimperk.cz\/?attachment_id=20782'><img loading=\"lazy\" decoding=\"async\" width=\"300\" height=\"225\" src=\"https:\/\/zakrasnejsivimperk.cz\/wp-content\/uploads\/2015\/05\/kytky-mesta-51-300x225.jpg\" class=\"attachment-medium size-medium\" alt=\"\" srcset=\"https:\/\/zakrasnejsivimperk.cz\/wp-content\/uploads\/2015\/05\/kytky-mesta-51-300x225.jpg 300w, https:\/\/zakrasnejsivimperk.cz\/wp-content\/uploads\/2015\/05\/kytky-mesta-51-476x357.jpg 476w, https:\/\/zakrasnejsivimperk.cz\/wp-content\/uploads\/2015\/05\/kytky-mesta-51-644x483.jpg 644w, https:\/\/zakrasnejsivimperk.cz\/wp-content\/uploads\/2015\/05\/kytky-mesta-51.jpg 800w\" sizes=\"(max-width: 300px) 100vw, 300px\" \/><\/a>\n\t\t\t<\/div><\/figure><figure class='gallery-item'>\n\t\t\t<div class='gallery-icon landscape'>\n\t\t\t\t<a href='https:\/\/zakrasnejsivimperk.cz\/?attachment_id=20783'><img loading=\"lazy\" decoding=\"async\" width=\"300\" height=\"225\" src=\"https:\/\/zakrasnejsivimperk.cz\/wp-content\/uploads\/2015\/05\/kytky-mesta-61-300x225.jpg\" class=\"attachment-medium size-medium\" alt=\"\" srcset=\"https:\/\/zakrasnejsivimperk.cz\/wp-content\/uploads\/2015\/05\/kytky-mesta-61-300x225.jpg 300w, https:\/\/zakrasnejsivimperk.cz\/wp-content\/uploads\/2015\/05\/kytky-mesta-61-476x357.jpg 476w, https:\/\/zakrasnejsivimperk.cz\/wp-content\/uploads\/2015\/05\/kytky-mesta-61-644x483.jpg 644w, https:\/\/zakrasnejsivimperk.cz\/wp-content\/uploads\/2015\/05\/kytky-mesta-61.jpg 800w\" sizes=\"(max-width: 300px) 100vw, 300px\" \/><\/a>\n\t\t\t<\/div><\/figure><figure class='gallery-item'>\n\t\t\t<div class='gallery-icon landscape'>\n\t\t\t\t<a href='https:\/\/zakrasnejsivimperk.cz\/?attachment_id=20784'><img loading=\"lazy\" decoding=\"async\" width=\"300\" height=\"208\" src=\"https:\/\/zakrasnejsivimperk.cz\/wp-content\/uploads\/2015\/05\/kytky-mesta-71-300x208.jpg\" class=\"attachment-medium size-medium\" alt=\"\" srcset=\"https:\/\/zakrasnejsivimperk.cz\/wp-content\/uploads\/2015\/05\/kytky-mesta-71-300x208.jpg 300w, https:\/\/zakrasnejsivimperk.cz\/wp-content\/uploads\/2015\/05\/kytky-mesta-71-516x357.jpg 516w, https:\/\/zakrasnejsivimperk.cz\/wp-content\/uploads\/2015\/05\/kytky-mesta-71-697x483.jpg 697w, https:\/\/zakrasnejsivimperk.cz\/wp-content\/uploads\/2015\/05\/kytky-mesta-71.jpg 800w\" sizes=\"(max-width: 300px) 100vw, 300px\" \/><\/a>\n\t\t\t<\/div><\/figure><figure class='gallery-item'>\n\t\t\t<div class='gallery-icon landscape'>\n\t\t\t\t<a href='https:\/\/zakrasnejsivimperk.cz\/?attachment_id=20785'><img loading=\"lazy\" decoding=\"async\" width=\"300\" height=\"200\" src=\"https:\/\/zakrasnejsivimperk.cz\/wp-content\/uploads\/2015\/05\/kytky-mesta-81-300x200.jpg\" class=\"attachment-medium size-medium\" alt=\"\" srcset=\"https:\/\/zakrasnejsivimperk.cz\/wp-content\/uploads\/2015\/05\/kytky-mesta-81-300x200.jpg 300w, https:\/\/zakrasnejsivimperk.cz\/wp-content\/uploads\/2015\/05\/kytky-mesta-81-537x357.jpg 537w, https:\/\/zakrasnejsivimperk.cz\/wp-content\/uploads\/2015\/05\/kytky-mesta-81-726x483.jpg 726w, https:\/\/zakrasnejsivimperk.cz\/wp-content\/uploads\/2015\/05\/kytky-mesta-81-570x380.jpg 570w, https:\/\/zakrasnejsivimperk.cz\/wp-content\/uploads\/2015\/05\/kytky-mesta-81-375x250.jpg 375w, https:\/\/zakrasnejsivimperk.cz\/wp-content\/uploads\/2015\/05\/kytky-mesta-81-276x184.jpg 276w, https:\/\/zakrasnejsivimperk.cz\/wp-content\/uploads\/2015\/05\/kytky-mesta-81-180x120.jpg 180w, https:\/\/zakrasnejsivimperk.cz\/wp-content\/uploads\/2015\/05\/kytky-mesta-81-480x320.jpg 480w, https:\/\/zakrasnejsivimperk.cz\/wp-content\/uploads\/2015\/05\/kytky-mesta-81.jpg 800w\" sizes=\"(max-width: 300px) 100vw, 300px\" \/><\/a>\n\t\t\t<\/div><\/figure>\n\t\t<\/div>\n\n<p>&nbsp;<\/p>\n<p>&nbsp;<\/p>\n","protected":false},"excerpt":{"rendered":"<p>M\u011bsto Vimperk <\/p>\n","protected":false},"author":2,"featured_media":20779,"comment_status":"open","ping_status":"open","sticky":false,"template":"","format":"gallery","meta":{"footnotes":""},"categories":[4],"tags":[],"jetpack_featured_media_url":"https:\/\/zakrasnejsivimperk.cz\/wp-content\/uploads\/2015\/05\/kytky-mesta-21.jpg","_links":{"self":[{"href":"https:\/\/zakrasnejsivimperk.cz\/index.php?rest_route=\/wp\/v2\/posts\/20768"}],"collection":[{"href":"https:\/\/zakrasnejsivimperk.cz\/index.php?rest_route=\/wp\/v2\/posts"}],"about":[{"href":"https:\/\/zakrasnejsivimperk.cz\/index.php?rest_route=\/wp\/v2\/types\/post"}],"author":[{"embeddable":true,"href":"https:\/\/zakrasnejsivimperk.cz\/index.php?rest_route=\/wp\/v2\/users\/2"}],"replies":[{"embeddable":true,"href":"https:\/\/zakrasnejsivimperk.cz\/index.php?rest_route=%2Fwp%2Fv2%2Fcomments&post=20768"}],"version-history":[{"count":3,"href":"https:\/\/zakrasnejsivimperk.cz\/index.php?rest_route=\/wp\/v2\/posts\/20768\/revisions"}],"predecessor-version":[{"id":20933,"href":"https:\/\/zakrasnejsivimperk.cz\/index.php?rest_route=\/wp\/v2\/posts\/20768\/revisions\/20933"}],"wp:featuredmedia":[{"embeddable":true,"href":"https:\/\/zakrasnejsivimperk.cz\/index.php?rest_route=\/wp\/v2\/media\/20779"}],"wp:attachment":[{"href":"https:\/\/zakrasnejsivimperk.cz\/index.php?rest_route=%2Fwp%2Fv2%2Fmedia&parent=20768"}],"wp:term":[{"taxonomy":"category","embeddable":true,"href":"https:\/\/zakrasnejsivimperk.cz\/index.php?rest_route=%2Fwp%2Fv2%2Fcategories&post=20768"},{"taxonomy":"post_tag","embeddable":true,"href":"https:\/\/zakrasnejsivimperk.cz\/index.php?rest_route=%2Fwp%2Fv2%2Ftags&post=20768"}],"curies":[{"name":"wp","href":"https:\/\/api.w.org\/{rel}","templated":true}]}}