{"id":205364,"date":"2025-11-15T22:32:15","date_gmt":"2025-11-15T21:32:15","guid":{"rendered":"http:\/\/zakrasnejsivimperk.cz\/?p=205364"},"modified":"2025-11-15T22:32:15","modified_gmt":"2025-11-15T21:32:15","slug":"stara-sumava-a-posumavi-obec-podmokly","status":"publish","type":"post","link":"https:\/\/zakrasnejsivimperk.cz\/?p=205364","title":{"rendered":"STAR\u00c1 \u0160UMAVA A PO\u0160UMAV\u00cd: Obec Podmokly"},"content":{"rendered":"<p><img loading=\"lazy\" decoding=\"async\" class=\"aligncenter wp-image-205365 size-full\" src=\"http:\/\/zakrasnejsivimperk.cz\/wp-content\/uploads\/2020\/10\/12\/PODMOKLY-U-SU\u0160ICE....jpg\" alt=\"\" width=\"2040\" height=\"1134\" srcset=\"https:\/\/zakrasnejsivimperk.cz\/wp-content\/uploads\/2020\/10\/12\/PODMOKLY-U-SU\u0160ICE....jpg 2040w, https:\/\/zakrasnejsivimperk.cz\/wp-content\/uploads\/2020\/10\/12\/PODMOKLY-U-SU\u0160ICE...-300x167.jpg 300w, https:\/\/zakrasnejsivimperk.cz\/wp-content\/uploads\/2020\/10\/12\/PODMOKLY-U-SU\u0160ICE...-768x427.jpg 768w, https:\/\/zakrasnejsivimperk.cz\/wp-content\/uploads\/2020\/10\/12\/PODMOKLY-U-SU\u0160ICE...-1024x569.jpg 1024w, https:\/\/zakrasnejsivimperk.cz\/wp-content\/uploads\/2020\/10\/12\/PODMOKLY-U-SU\u0160ICE...-642x357.jpg 642w, https:\/\/zakrasnejsivimperk.cz\/wp-content\/uploads\/2020\/10\/12\/PODMOKLY-U-SU\u0160ICE...-869x483.jpg 869w\" sizes=\"(max-width: 2040px) 100vw, 2040px\" \/><\/p>\n<p>&nbsp;<\/p>\n<h6>Podmokly pat\u0159\u00ed do oblasti Podles\u00ed, odkud od nepam\u011bti odch\u00e1zeli obyvatel\u00e9 za prac\u00ed do cel\u00e9ho sv\u011bta jako \u0159emesln\u00edci, hudebn\u00edci, cirkus\u00e1ci&#8230; \u201eP\u016fvodn\u00ed jm\u00e9no bylo Podmoky, pravd\u011bpodobn\u011b od slova \u00b4podmokati\u00b4, nebo\u0165 od lesa Katov st\u00e9k\u00e1 ku obci mnoho vody,\u201c do\u010dteme se v Pam\u011btn\u00ed knize t\u00e9to obce.<\/h6>\n<p>Je pravda, \u017ee p\u0159\u00edmo v Podmoklech vyv\u011br\u00e1 \u00fadajn\u011b ji\u017e p\u0159es t\u0159i sta let siln\u00fd pramen, kter\u00fd je vyveden do mal\u00e9 kamenn\u00e9 ka\u0161ny u silnice. N\u011bkde se dokonce m\u016f\u017eete do\u010d\u00edst, \u017ee jeho objeven\u00ed se pr\u00fd v\u00e1\u017ee k m\u00edstn\u00edmu \u017eidovsk\u00e9mu os\u00eddlen\u00ed. \u201eVe 30. letech 19. stolet\u00ed lemovaly \u017eidovsk\u00e9 domy t\u00e9m\u011b\u0159 celou hlavn\u00ed cestu severoz\u00e1padn\u011b od mostu p\u0159es podmokelsk\u00fd potok a\u017e na samotn\u00fd kraj obce ve sm\u011bru na Su\u0161ici. P\u0159ev\u00e1\u017en\u011b se jednalo o drobn\u00e1 obytn\u00e1 staven\u00ed&#8230; V t\u00e9 dob\u011b ji\u017e v Podmoklech existovala po\u010detn\u00e1 n\u00e1bo\u017eensk\u00e1 obec, disponuj\u00edc\u00ed nejen vlastn\u00edm h\u0159bitovem, ale tak\u00e9 synagogou, ritu\u00e1ln\u00ed l\u00e1zn\u00ed a \u0161kolou,\u201c do\u010dteme se v knize \u017didovsk\u00e9 komunity na Su\u0161icku.<\/p>\n<p>Podmokelsk\u00e1 synagoga je spolu se synagogou dlouhoveskou prvn\u011b jmenov\u00e1na v soupisu \u017did\u016f, \u017eij\u00edc\u00edch koncem roku 1723 na tehdy sjednocen\u00fdch statc\u00edch Dlouh\u00e1 Ves a Podmokly. Ve vztahu k Podmokl\u016fm tehdej\u0161\u00ed spr\u00e1vce panstv\u00ed v soupisu uvedl, \u017ee zdej\u0161\u00ed \u017did\u00e9 \u201everrichten ihre Gebeth auf dem Boden und haben auch ein Begrebnis\u201c. Jak o tom referuj\u00ed zpr\u00e1vy o\u010dit\u00fdch sv\u011bdk\u016f z roku 1820, podlehla kolem roku 1782 synagoga spolu s dal\u0161\u00edmi 16, vesm\u011bs d\u0159ev\u011bn\u00fdmi domky, plamen\u016fm. A\u010dkoliv byl z\u00e1pis po\u0159\u00edzen z\u0159ejm\u011b a\u017e po z\u0159\u00edzen\u00ed nov\u00e9 synagogy, je mo\u017en\u00e9 p\u0159edpokl\u00e1dat, \u017ee ji\u017e v 80. letech 18. stolet\u00ed disponovala podmokelsk\u00e1 n\u00e1bo\u017eensk\u00e1 obec synagogou \/ modlitebnou v samostatn\u00e9m dom\u011b.<\/p>\n<p>Bezprost\u0159edn\u011b po po\u017e\u00e1ru nechal tehdej\u0161\u00ed majitel statku Johann von Puteani obnovit nejen synagogu, ale pro poho\u0159el\u00e9 \u017eidovsk\u00e9 obyvatele vystav\u011bl tak\u00e9 jednolit\u00fd trakt \u0159adov\u00fdch domk\u016f, p\u0159il\u00e9haj\u00edc\u00edch k synagoze a lemuj\u00edc\u00edch hlavn\u00ed cestu ve sm\u011bru na Su\u0161ici. Tak se domky spolu se synagogou ocitly v majetku vrchnosti. Ta ji v\u0161ak kr\u00e1tce pot\u00e9, smlouvou z 23. \u0159\u00edjna 1794, odprodala \u017eidovsk\u00e9 n\u00e1bo\u017eensk\u00e9 obci v Podmoklech. Synagoga tehdy nesla \u010d. p. 12. N\u00e1bo\u017eensk\u00e1 obec se za ni zav\u00e1zala zaplatit kupn\u00ed cenu 300 zlat\u00fdch, ka\u017edoro\u010dn\u011b odv\u00e1d\u011bt dal\u0161\u00edch 7 zlat\u00fdch za byt pro u\u010ditele (ozna\u010den\u00fd \u010d. p. 10) a 13 zlat\u00fdch za byt pro kantora.<\/p>\n<p>Kr\u00e1tce po roce 1820 p\u0159ipadla synagoga spolu s dal\u0161\u00edmi \u017eidovsk\u00fdmi domy v obci Josefu \u0160ebestovi. Na rozd\u00edl od dal\u0161\u00edch kupn\u00edch smluv, jejich\u017e platnost byla nov\u00fdm majitelem napadena, z\u016fstal kontrakt na synagogu z roku 1794 v platnosti a p\u0159i zakl\u00e1d\u00e1n\u00ed nov\u00e9 pozemkov\u00e9 knihy pro obec Podmokly byl na jej\u00edm z\u00e1klad\u011b proveden vklad vlastnick\u00e9ho pr\u00e1va pr\u00e1v\u011b pro \u201eJudengemeinde zu Podmok\u201c. V roce 1837 se synagoga, tentokr\u00e1te ji\u017e bez \u010d\u00edsla popisn\u00e9ho, nach\u00e1zela na stavebn\u00ed parcele \u010d. 35 o v\u00fdm\u011b\u0159e 30 \u010dtvere\u010dn\u00fdch s\u00e1h\u016f (v\u00edce ne\u017e 108 m2). Obdobn\u011b, jako p\u0159ilehl\u00e9 domky \u010d. p. VI a VII byla tak\u00e9 budova synagogy \u010d\u00e1ste\u010dn\u011b obytn\u00fdm staven\u00edm s minim\u00e1ln\u011b dv\u011bma odd\u011blen\u00fdmi byty v p\u0159\u00edzemn\u00edch prostor\u00e1ch. Vyjma podmokelsk\u00fdch \u010dlen\u016f n\u00e1bo\u017eensk\u00e9 obce v\u0161ak synagogu nav\u0161t\u011bvovali tak\u00e9 \u017did\u00e9 z dal\u0161\u00edch p\u0159idru\u017een\u00fdch obc\u00ed.<\/p>\n<p>V roce 1873 za doposud nejasn\u00fdch okolnost\u00ed podlehla podmokelsk\u00e1 synagoga plamen\u016fm podruh\u00e9. Zcela zni\u010den nebyl pouze mobili\u00e1\u0159 spolu s matri\u010dn\u00edmi knihami, ale tak\u00e9 samotn\u00e1 budova, kter\u00e1 \u00fadajn\u011b vyho\u0159ela t\u00e9m\u011b\u0159 a\u017e do z\u00e1klad\u016f. Z budovy se dochovalo pouze zdivo a dva svitky T\u00f3ry. Tehdej\u0161\u00ed p\u0159edstaven\u00fd obce, \u017eichovick\u00fd rod\u00e1k Leopold Steiner vyvinul v t\u00e9 dob\u011b zna\u010dn\u00e9 \u00fasil\u00ed, aby obci zajistil pot\u0159ebn\u00e9 finan\u010dn\u00ed prost\u0159edky. Na znovuobnoven\u00ed synagogy p\u0159isp\u011bli nejen \u010dlenov\u00e9 m\u00edstn\u00edho n\u00e1bo\u017eensk\u00e9ho spolku, ale tak\u00e9 n\u00e1bo\u017eensk\u00e9 obce v Hora\u017e\u010fovic\u00edch a Nepomuku. \u017didovsk\u00e1 n\u00e1bo\u017eensk\u00e1 obec v Plzni v\u011bnovala podmokelsk\u00fdm souv\u011brc\u016fm st\u0159e\u0161n\u00ed krytinu v hodnot\u011b t\u00e9m\u011b\u0159 devades\u00e1ti zlat\u00fdch. I p\u0159esto v\u0161ak nepo\u010detn\u00e1 \u017eidovsk\u00e1 komunita v Podmoklech trp\u011bla nedostatkem finan\u010dn\u00edch prost\u0159edk\u016f.<\/p>\n<p>Na z\u00e1klad\u011b cenov\u00e9ho odhadu, kter\u00fd dodali V\u00e1clav Schwarz z Mokrosuk a Jan Mirvald ze Su\u0161ice, byla o t\u0159i roky pozd\u011bji stavba za 800 zlat\u00fdch zad\u00e1na su\u0161ick\u00e9mu stavebn\u00edku Josefu Schwarzovi. Ten v\u0161ak kr\u00e1tce na to zem\u0159el a i kdy\u017e se jeho poz\u016fstal\u00e1 \u017eena zav\u00e1zala stavbu dokon\u010dit, obecn\u00ed pokladna byla ji\u017e ve schodku a tak se pr\u00e1ce v polovin\u011b roku 1878 z\u0159ejm\u011b zcela zastavily. Nov\u00fd p\u0159estaven\u00fd tehdy ji\u017e n\u00e1bo\u017eensk\u00e9ho spolku Samuel Kohn se i p\u0159esto sna\u017eil stavbu dokon\u010dit a v b\u0159eznu t\u00e9ho\u017e roku se skrze dvorskou rab\u00ednskou kancel\u00e1\u0159 obr\u00e1til p\u0159\u00edmo k c\u00edsa\u0159sk\u00e9mu dvoru do V\u00eddn\u011b, kde \u017e\u00e1dal o p\u0159\u00edsp\u011bvek 100 zlat\u00fdch, kter\u00e9 k dokon\u010den\u00ed pot\u0159ebn\u00fdch prac\u00ed na synagoze chyb\u011bly. Z dochovan\u00fdch materi\u00e1l\u016f nen\u00ed zcela z\u0159ejm\u00e9, v jak\u00e9m rozsahu se Samuelu Kohnovi poda\u0159ilo obnovu realizovat. Koncem 70. let ji\u017e podmokelsk\u00fd n\u00e1bo\u017eensk\u00fd spolek nedisponoval ani dostate\u010dn\u00fdm po\u010dtem \u010dlen\u016f, kte\u0159\u00ed by se mohli \u00fa\u010dastnit na bohoslu\u017eb\u00e1ch a nen\u00ed proto p\u0159\u00edli\u0161 pravd\u011bpodobn\u00e9, \u017ee by se po roce 1878 liturgick\u00fd \u017eivot do synagogy na del\u0161\u00ed dobu navr\u00e1til.<\/p>\n<p>V dob\u011b zm\u00edn\u011bn\u00e9ho po\u017e\u00e1ru se v\u0161ak ve vlastnictv\u00ed zdej\u0161\u00edho spolku nenach\u00e1zela cel\u00e1 budova, ale pouze prvn\u00ed patro. Kr\u00e1tce p\u0159ed n\u00edm koupili \u010d\u00e1st p\u0159\u00edzemn\u00edch prostor domu man\u017eel\u00e9 Josef a Ludmila Hole\u010dkovi. Druh\u00e1 \u010d\u00e1st p\u0159\u00edzem\u00ed p\u0159e\u0161la v roce 1877 do vlastnictv\u00ed Ond\u0159eje a Josefy Caisov\u00fdch. Po rozpu\u0161t\u011bn\u00ed podmokelsk\u00e9ho n\u00e1bo\u017eensk\u00e9ho spolku a p\u0159i\u010dlen\u011bn\u00ed zb\u00fdvaj\u00edc\u00edch \u010dlen\u016f pod obvod \u017dNO v Su\u0161ici v letech 1890 \u2013 1893, p\u0159e\u0161lo do majetku su\u0161ick\u00e9 obce tak\u00e9 horn\u00ed patro synagogy. Dne 12. \u00fanora 1900 pak p\u0159edstaven\u00fd \u017didovsk\u00e9 n\u00e1bo\u017eensk\u00e9 obce v Su\u0161ici JUDr. Ludv\u00edk F\u00fcrth odprodal za 510 rakousko-uhersk\u00fdch korun zb\u00fdvaj\u00edc\u00ed \u010d\u00e1st synagogy op\u011bt man\u017eel\u016fm Caisov\u00fdm. Nejpozd\u011bji v t\u00e9to dob\u011b obdr\u017eela synagoga tak\u00e9 nov\u00e9 \u010d. p. 55. P\u0159\u00edzemn\u00ed prostory byly postupn\u011b prom\u011bn\u011bny v chl\u00e9vy a v dal\u0161\u00edch letech pro\u0161ly \u010d\u00e1ste\u010dnou adaptac\u00ed tak\u00e9 prostory v prvn\u00edm pat\u0159e.<\/p>\n<p>&nbsp;<\/p>\n<p><strong>Zdroj:<\/strong> Michal Chmelensk\u00fd Judaismus &#8211; \u010cesk\u00e1 republika, Federace \u017eidovsk\u00fdch obc\u00ed v \u010cesk\u00e9 republice, Podmokly u Su\u0161ice &#8211; synag\u00f3ga, Z\u00e1pado\u010desk\u00e9 muzeum v Plzni<\/p>\n<p><strong>P\u0159ipravuje: Miroslav K\u016eS ANDRES<\/strong><\/p>\n<p><strong>Foto: archiv autora<\/strong><\/p>\n<hr \/>\n<p>&nbsp;<\/p>\n","protected":false},"excerpt":{"rendered":"<p>&nbsp; Podmokly <\/p>\n","protected":false},"author":2,"featured_media":361821,"comment_status":"open","ping_status":"open","sticky":false,"template":"","format":"gallery","meta":{"footnotes":""},"categories":[111],"tags":[],"jetpack_featured_media_url":"https:\/\/zakrasnejsivimperk.cz\/wp-content\/uploads\/2025\/11\/15\/ram-podmokly.jpg","_links":{"self":[{"href":"https:\/\/zakrasnejsivimperk.cz\/index.php?rest_route=\/wp\/v2\/posts\/205364"}],"collection":[{"href":"https:\/\/zakrasnejsivimperk.cz\/index.php?rest_route=\/wp\/v2\/posts"}],"about":[{"href":"https:\/\/zakrasnejsivimperk.cz\/index.php?rest_route=\/wp\/v2\/types\/post"}],"author":[{"embeddable":true,"href":"https:\/\/zakrasnejsivimperk.cz\/index.php?rest_route=\/wp\/v2\/users\/2"}],"replies":[{"embeddable":true,"href":"https:\/\/zakrasnejsivimperk.cz\/index.php?rest_route=%2Fwp%2Fv2%2Fcomments&post=205364"}],"version-history":[{"count":3,"href":"https:\/\/zakrasnejsivimperk.cz\/index.php?rest_route=\/wp\/v2\/posts\/205364\/revisions"}],"predecessor-version":[{"id":361822,"href":"https:\/\/zakrasnejsivimperk.cz\/index.php?rest_route=\/wp\/v2\/posts\/205364\/revisions\/361822"}],"wp:featuredmedia":[{"embeddable":true,"href":"https:\/\/zakrasnejsivimperk.cz\/index.php?rest_route=\/wp\/v2\/media\/361821"}],"wp:attachment":[{"href":"https:\/\/zakrasnejsivimperk.cz\/index.php?rest_route=%2Fwp%2Fv2%2Fmedia&parent=205364"}],"wp:term":[{"taxonomy":"category","embeddable":true,"href":"https:\/\/zakrasnejsivimperk.cz\/index.php?rest_route=%2Fwp%2Fv2%2Fcategories&post=205364"},{"taxonomy":"post_tag","embeddable":true,"href":"https:\/\/zakrasnejsivimperk.cz\/index.php?rest_route=%2Fwp%2Fv2%2Ftags&post=205364"}],"curies":[{"name":"wp","href":"https:\/\/api.w.org\/{rel}","templated":true}]}}