{"id":205258,"date":"2025-11-02T20:19:48","date_gmt":"2025-11-02T19:19:48","guid":{"rendered":"http:\/\/zakrasnejsivimperk.cz\/?p=205258"},"modified":"2025-11-02T20:19:48","modified_gmt":"2025-11-02T19:19:48","slug":"stara-sumava-a-posumavi-obec-drazovice","status":"publish","type":"post","link":"https:\/\/zakrasnejsivimperk.cz\/?p=205258","title":{"rendered":"STAR\u00c1 \u0160UMAVA A PO\u0160UMAV\u00cd: Obec Dra\u017eovice"},"content":{"rendered":"<p><img loading=\"lazy\" decoding=\"async\" class=\"aligncenter wp-image-205259 size-full\" src=\"http:\/\/zakrasnejsivimperk.cz\/wp-content\/uploads\/2020\/10\/10\/DRA\u017dOVICE-V-PO\u0160UMAV\u00cd....jpg\" alt=\"\" width=\"2040\" height=\"1134\" srcset=\"https:\/\/zakrasnejsivimperk.cz\/wp-content\/uploads\/2020\/10\/10\/DRA\u017dOVICE-V-PO\u0160UMAV\u00cd....jpg 2040w, https:\/\/zakrasnejsivimperk.cz\/wp-content\/uploads\/2020\/10\/10\/DRA\u017dOVICE-V-PO\u0160UMAV\u00cd...-300x167.jpg 300w, https:\/\/zakrasnejsivimperk.cz\/wp-content\/uploads\/2020\/10\/10\/DRA\u017dOVICE-V-PO\u0160UMAV\u00cd...-768x427.jpg 768w, https:\/\/zakrasnejsivimperk.cz\/wp-content\/uploads\/2020\/10\/10\/DRA\u017dOVICE-V-PO\u0160UMAV\u00cd...-1024x569.jpg 1024w, https:\/\/zakrasnejsivimperk.cz\/wp-content\/uploads\/2020\/10\/10\/DRA\u017dOVICE-V-PO\u0160UMAV\u00cd...-642x357.jpg 642w, https:\/\/zakrasnejsivimperk.cz\/wp-content\/uploads\/2020\/10\/10\/DRA\u017dOVICE-V-PO\u0160UMAV\u00cd...-869x483.jpg 869w\" sizes=\"(max-width: 2040px) 100vw, 2040px\" \/><\/p>\n<p>&nbsp;<\/p>\n<p><em>M\u00e1m r\u00e1d ten kraj<\/em><br \/>\n<em>kde ve sn\u011bn\u00ed ti\u0161e zp\u00edv\u00e1 les,<\/em><br \/>\n<em>kde se skl\u00e1n\u00ed pln\u00e9 klasy<\/em><br \/>\n<em>l\u00e9tem nad rozkvetlou mez<\/em>\u00a0 <strong>J.\u0160t\u011bdronsk\u00fd<\/strong><\/p>\n<h6>Vesni\u010dky pod \u0160umavou, synonymum zaduman\u00e9 p\u0159\u00edrody, zrcadel rybn\u00edk\u016f i poetiky selsk\u00e9ho baroka, krajina p\u0159ekypuj\u00edc\u00ed historick\u00fdmi pam\u00e1tkami a r\u00e1j turist\u016f, vod\u00e1k\u016f i chalup\u00e1\u0159\u016f. Jak\u00fd je ale pro ty, kdo zde \u017eij\u00ed trvale, narodili se tu, nebo je sem zavedl osud \u010di vlastn\u00ed rozhodnut\u00ed? Ti asi potvrd\u00ed, \u017ee \u017eivot tady nen\u00ed jednoduch\u00fd a leccos by mohlo b\u00fdt lep\u0161\u00ed.<\/h6>\n<p>Vesnice jako \u017eiv\u00e9 spole\u010denstv\u00ed se vr\u00e1t\u00ed do historie, kdy b\u011bh \u017eivota obce i rodiny ur\u010dovaly pravideln\u011b se opakuj\u00edc\u00ed sv\u00e1tky a ritu\u00e1ly prov\u00e1zej\u00edc\u00ed \u010dlov\u011bka od kol\u00e9bky po hrob a nab\u00eddne zamy\u0161len\u00ed o jejich smyslu v sou\u010dasn\u00e9 dob\u011b.<br \/>\nPrvn\u00ed p\u00edsemn\u00e1 zpr\u00e1va o vsi Dra\u017eovice poch\u00e1z\u00ed z roku 1356, \/to ji\u017e na n\u00e1vr\u0161\u00ed nad lev\u00fdm b\u0159ehem potoka sm\u011br \u010cimice st\u00e1la gotick\u00e1 tvrz\/ ve kter\u00e9m jsou zm\u00edn\u011bny jako majetek M\u00edky z Dra\u017eovic. Na konci 14. stolet\u00ed pat\u0159ily Dra\u017eovice Budenovi z Dra\u017eovic, po n\u011bm\u017e p\u0159i\u0161li Vojt\u011bch, Janek a Mikul\u00e1\u0161 z Dra\u017eovic. Posledn\u011b jmenovan\u00fd, zmi\u0148ovan\u00fd je\u0161t\u011b roku 1430 se stal zakladatelem rodu Cerhensk\u00fdch z Dra\u017eovic. Posledn\u00ed zm\u00ednka dokl\u00e1daj\u00edc\u00ed vlastnictv\u00ed p\u016fvodn\u00edch vladyk\u016f v Dra\u017eovic\u00edch je z roku 1445 a vztahuje se na Dluhomila z Dra\u017eovic.<\/p>\n<p>Dra\u017eovi\u010dt\u00ed zemani pak z Dra\u017eovic ode\u0161li do jin\u00fdch \u010d\u00e1st\u00ed \u010cech a jejich statek byl pot\u00e9 p\u0159ipojen k n\u011bkter\u00e9mu ze sousedn\u00edch drobn\u00fdch statk\u016f. Dal\u0161\u00ed zpr\u00e1va pak poch\u00e1z\u00ed a z roku 1548, kdy Dra\u017eovice dr\u017eel Jan Kalenice z Kalenic. Ten onoho l\u00e9ta prodal tvrz Dra\u017eovice s dvorem a vs\u00ed B\u0159etislavu \u0160vihovsk\u00e9mu z R\u00fdzmberka a proto\u017ee v t\u00e9 dob\u011b st\u00e1la ji\u017e asi v Dra\u017eovic\u00edch nov\u00e1 tvrz, p\u0159edpokl\u00e1d\u00e1 se, \u017ee star\u00e1 tvrz ji\u017e neexistovala. R\u00fdzmberk prodal Dra\u017eovice Janu \u0160\u0165astn\u00e9mu z \u0158\u00ed\u010dan. Asi v roce 1556 se utopil a je pochov\u00e1n v Bukovn\u00edku.<\/p>\n<p>V roce 1581 prod\u00e1v\u00e1 Mariana Dubansk\u00e1 z \u0158\u00ed\u010dan, kter\u00e1 snad byla dcerou Jana \u0160\u0165asn\u00e9ho, Janu Markvartu Kocovi z Dobr\u0161e, kter\u00fd m\u011bl bratra Adama. V roce 1585 si rozd\u011blili sv\u016fj rodov\u00fd majetek a Adamovi p\u0159ipadly Dra\u017eovice. Odbob\u00ed za vl\u00e1dy spad\u00e1 do historicky velmi slo\u017eit\u00e9 doby b\u011blohorsk\u00e9. Pro pana Koce v\u0161ak v\u0161echno dob\u0159e dopadlo. Podle c\u00eds. resol. 21.kv\u011btna 1621 byl pardonov\u00e1n , pro\u010d statek jeho Dra\u017eovice od c\u00eds. vojska p\u0159ed bitvou b\u011blohorskou moc\u00ed jat\u00fd \u2026. Kocovi navr\u00e1cen byl. Dra\u017eovickou tvrz, postavenou ve 30. a\u017e 40. letech 16. stolet\u00ed v reneza\u010dn\u00edm slohu na\u0161el sice pobo\u0159enou, ale majetek mu z\u016fstal. Jeho dcera Veronika se provdala za hrab\u011bte z Thurnu, kter\u00fd z\u0159ejm\u011b zem\u0159el, proto\u017ee v roce 1636 se provdala za hrab\u011bte Bohuslava Ji\u0159\u00edho Krakovsk\u00e9ho z Kolovrat na Mokrosuku.<\/p>\n<p>V roce 1652 byla z\u0159ejm\u011b majitelkou Dra\u017eovice Anna Kate\u0159ina Kolovratov\u00e1 roz. Kapl\u00ed\u0159ka ze Sulevic. O \u010dty\u0159i roky pozd\u011bji prod\u00e1v\u00e1 Kry\u0161tov Jaroslav Krakovsk\u00fd z Kolovrat Dra\u017eovice Michalovi, markrab\u011bti z Klavesany a jeho man\u017eelce. V roce 1668 se Dra\u017eovice st\u00e1vaj\u00ed sou\u010d\u00e1st\u00ed panstv\u00ed \u017dichovice pat\u0159\u00edc\u00edmu Albrechtu Vil\u00e9mu Krakovsk\u00e9mu z Kolovrat. Posledn\u00edm kolovratsk\u00fdm majitelem byl Jan Franti\u0161ek Krakovsk\u00fd z Kolovrat.<\/p>\n<p>V roce 1707 se majitelem st\u00e1v\u00e1 kn\u00ed\u017ee Jan Filip z Lamberku, kardin\u00e1l a biskup Pasovsk\u00fd. Panstv\u00ed se poprv\u00e9 uj\u00edm\u00e1 cizinec. Ten d\u00e1le kupuje m\u011bste\u010dko a hrad Rab\u00ed a panstv\u00ed \u017dihobeck\u00e9. V t\u00e9to velikosti z\u016fstalo panstv\u00ed a\u017e do dvac\u00e1t\u00fdch let dvac\u00e1t\u00e9ho stolet\u00ed. v Dra\u017eovic\u00edch bylo jeho sou\u010d\u00e1st\u00ed 50ha les\u016f, rybn\u00edky, pr\u00e1vo rybolovu v Nezdick\u00e9m potoce a dv\u016fr se 78ha p\u016fdy. Pomn\u00edk padl\u00fdch byl postaven 4 roky po skon\u010den\u00ed v\u00e1lky na m\u00edst\u011b b\u00fdval\u00fdch Bo\u017e\u00edch muk. V z\u00e1kladech pomn\u00edku je vlo\u017eena dubov\u00e1 sk\u0159\u00ed\u0148ka s informacemi o v\u0161ech patn\u00e1cti padl\u00fdch. Pomn\u00edk byl a v\u017edy bude znakem pospolitosti obce a m\u00edstem posledn\u00edho zastaven\u00ed a modlitby na cest\u011b zem\u0159el\u00fdch z Dra\u017eovic na \u017eihobeck\u00fd h\u0159bitov.<\/p>\n<p>&nbsp;<\/p>\n<p><strong>Zdroj:<\/strong> Obec Dra\u017eovice<\/p>\n<p><strong>P\u0159ipravuje: Miroslav K\u016eS ANDRES<\/strong><\/p>\n<p><strong>Foto: archiv autora<\/strong><\/p>\n<hr \/>\n<p>&nbsp;<\/p>\n","protected":false},"excerpt":{"rendered":"<p>&nbsp; M\u00e1m <\/p>\n","protected":false},"author":2,"featured_media":360614,"comment_status":"open","ping_status":"open","sticky":false,"template":"","format":"gallery","meta":{"footnotes":""},"categories":[111],"tags":[],"jetpack_featured_media_url":"https:\/\/zakrasnejsivimperk.cz\/wp-content\/uploads\/2025\/11\/02\/ram-drazovice.jpg","_links":{"self":[{"href":"https:\/\/zakrasnejsivimperk.cz\/index.php?rest_route=\/wp\/v2\/posts\/205258"}],"collection":[{"href":"https:\/\/zakrasnejsivimperk.cz\/index.php?rest_route=\/wp\/v2\/posts"}],"about":[{"href":"https:\/\/zakrasnejsivimperk.cz\/index.php?rest_route=\/wp\/v2\/types\/post"}],"author":[{"embeddable":true,"href":"https:\/\/zakrasnejsivimperk.cz\/index.php?rest_route=\/wp\/v2\/users\/2"}],"replies":[{"embeddable":true,"href":"https:\/\/zakrasnejsivimperk.cz\/index.php?rest_route=%2Fwp%2Fv2%2Fcomments&post=205258"}],"version-history":[{"count":2,"href":"https:\/\/zakrasnejsivimperk.cz\/index.php?rest_route=\/wp\/v2\/posts\/205258\/revisions"}],"predecessor-version":[{"id":360615,"href":"https:\/\/zakrasnejsivimperk.cz\/index.php?rest_route=\/wp\/v2\/posts\/205258\/revisions\/360615"}],"wp:featuredmedia":[{"embeddable":true,"href":"https:\/\/zakrasnejsivimperk.cz\/index.php?rest_route=\/wp\/v2\/media\/360614"}],"wp:attachment":[{"href":"https:\/\/zakrasnejsivimperk.cz\/index.php?rest_route=%2Fwp%2Fv2%2Fmedia&parent=205258"}],"wp:term":[{"taxonomy":"category","embeddable":true,"href":"https:\/\/zakrasnejsivimperk.cz\/index.php?rest_route=%2Fwp%2Fv2%2Fcategories&post=205258"},{"taxonomy":"post_tag","embeddable":true,"href":"https:\/\/zakrasnejsivimperk.cz\/index.php?rest_route=%2Fwp%2Fv2%2Ftags&post=205258"}],"curies":[{"name":"wp","href":"https:\/\/api.w.org\/{rel}","templated":true}]}}