{"id":205167,"date":"2025-10-24T16:51:59","date_gmt":"2025-10-24T15:51:59","guid":{"rendered":"http:\/\/zakrasnejsivimperk.cz\/?p=205167"},"modified":"2025-10-24T16:51:59","modified_gmt":"2025-10-24T15:51:59","slug":"stara-sumava-a-posumavi-knezna-kaca-ze-zihobec","status":"publish","type":"post","link":"https:\/\/zakrasnejsivimperk.cz\/?p=205167","title":{"rendered":"STAR\u00c1 \u0160UMAVA A PO\u0160UMAV\u00cd: Kn\u011b\u017ena K\u00e1\u010da ze \u017dihobec"},"content":{"rendered":"<p><img loading=\"lazy\" decoding=\"async\" class=\"aligncenter wp-image-205168 size-full\" src=\"http:\/\/zakrasnejsivimperk.cz\/wp-content\/uploads\/2020\/10\/09\/KN\u011a\u017dNA-K\u00c1\u010cA-ZE-\u017dIHOBEC-V-PO\u0160UMAV\u00cd...jpg\" alt=\"\" width=\"960\" height=\"534\" srcset=\"https:\/\/zakrasnejsivimperk.cz\/wp-content\/uploads\/2020\/10\/09\/KN\u011a\u017dNA-K\u00c1\u010cA-ZE-\u017dIHOBEC-V-PO\u0160UMAV\u00cd...jpg 960w, https:\/\/zakrasnejsivimperk.cz\/wp-content\/uploads\/2020\/10\/09\/KN\u011a\u017dNA-K\u00c1\u010cA-ZE-\u017dIHOBEC-V-PO\u0160UMAV\u00cd..-300x167.jpg 300w, https:\/\/zakrasnejsivimperk.cz\/wp-content\/uploads\/2020\/10\/09\/KN\u011a\u017dNA-K\u00c1\u010cA-ZE-\u017dIHOBEC-V-PO\u0160UMAV\u00cd..-768x427.jpg 768w, https:\/\/zakrasnejsivimperk.cz\/wp-content\/uploads\/2020\/10\/09\/KN\u011a\u017dNA-K\u00c1\u010cA-ZE-\u017dIHOBEC-V-PO\u0160UMAV\u00cd..-642x357.jpg 642w, https:\/\/zakrasnejsivimperk.cz\/wp-content\/uploads\/2020\/10\/09\/KN\u011a\u017dNA-K\u00c1\u010cA-ZE-\u017dIHOBEC-V-PO\u0160UMAV\u00cd..-868x483.jpg 868w\" sizes=\"(max-width: 960px) 100vw, 960px\" \/><\/p>\n<p>&nbsp;<\/p>\n<h6>Zdej\u0161\u00ed kraj l\u00e1k\u00e1 k vyj\u00ed\u017e\u010fk\u00e1m romantiky, kte\u0159\u00ed hledaj\u00ed tajemn\u00e1 m\u00edsta op\u0159eden\u00e1 legendami. M\u00edsta zasazen\u00e1 do kr\u00e1sn\u00e9 p\u0159\u00edrody or\u00e1movan\u00e1 z jedn\u00e9 strany \u0160umavou, z druh\u00e9 Svatoborskou vrchovinou, kde pod romantickou z\u0159\u00edceninou hradu Rab\u00ed prot\u00e9k\u00e1 temn\u011b zbarven\u00e1 voda zlatonosn\u00e9 Otavy.<\/h6>\n<p>Kdy\u017e se vyslov\u00ed n\u00e1zev obce \u017dihobce, tak zasv\u011bcen\u00fdm se v pam\u011bti vybav\u00ed jm\u00e9no Gustava Joachima Lamberga (1812 \u2013 1862). Ten p\u0159evzal roku 1834 cel\u00fd kn\u00ed\u017eec\u00ed majetek a m\u011bl \u201enalajnovanou\u201c bezprobl\u00e9movou cesti\u010dku \u017eivota bohat\u00e9ho \u0161lechtice. Jen\u017ee do jeho srdce se trefily Amorovy \u0161\u00edpy a l\u00e1ska mu zm\u011bnila cel\u00fd \u017eivot. Je zaj\u00edmav\u00e9, \u017ee \u017eivot ve\u0159ejn\u00fd byl pro n\u011bho t\u011b\u017e\u0161\u00ed a sam\u00e9 starosti, av\u0161ak \u017eivot osobn\u00ed byl nadm\u00edru \u0161\u0165astn\u00fd.<\/p>\n<p>A jak to v\u016fbec v\u0161echno za\u010dalo? Jak \u0159\u00edk\u00e1m, l\u00e1skou. Na jedn\u00e9 hostin\u011b, kter\u00e1 zakon\u010dovala jeden z mnoha hon\u016f (Gustav byl cel\u00fd \u017eivot n\u00e1ru\u017eiv\u00fdm lovcem) uvid\u011bl ve \u0161pal\u00edru pozoruj\u00edc\u00edho slu\u017eebnictva kr\u00e1snou sn\u011bdou mladou d\u00edvku. Padla mu do oka, nebo\u0165 si vzpomn\u011bl, \u017ee v l\u00e9t\u011b na do\u017e\u00ednk\u00e1ch mu p\u0159ed\u00e1vala slavnostn\u00ed v\u011bnec. Vstal od stolu, kde se bavil s baronem Sturmfederem a r\u00e1zem se ocitnul p\u0159ed touto krasavic\u00ed. Ani nev\u011bd\u011bl jak. Sotva ji po\u017e\u00e1dal o tanec, byli v jednom kole. Tan\u010dili s takov\u00fdm nasazen\u00edm, \u017ee ostatn\u00ed p\u00e1ry jim vyklidily \u201eplac\u201c (m\u00edsto) v s\u00e1le.<\/p>\n<p>Na tom by nebylo nic zvl\u00e1\u0161tn\u00edho, \u0161lechtici si nejednou vyhodili \u201ez kopejtka\u201c na plese s tane\u010dnic\u00ed z \u201evenkovsk\u00e9ho lidu\u201c, ale v tomto p\u0159\u00edpad\u011b p\u0159i\u0161lo n\u011bco ne\u010dekan\u00e9ho. Mezi tan\u010d\u00edc\u00edm p\u00e1rem, mezi 27let\u00fdm kn\u00ed\u017eetem a mladi\u010dkou 15letou dcerou \u017eichovick\u00e9ho \u0161af\u00e1\u0159e Kate\u0159inou Hr\u00e1dkovou, p\u0159esko\u010dila jiskra. Tan\u010dili \u201etleskanou\u201c a p\u0159i ka\u017ed\u00e9m dotyku jejich dlan\u00ed jiskra doutnala a doutnala. Kdy\u017e hudba za\u010dala hr\u00e1t pomalej\u0161\u00ed val\u010d\u00edk a on ji vzal kolem pasu, jiskra okouzlen\u00ed vzpl\u00e1la v plam\u00ednek. Koukali se na sebe, o\u010di se jim sm\u00e1ly a jej\u00ed tv\u00e1\u0159 byla pro n\u011bho and\u011blsk\u00fdm \u00fasm\u011bvem. Kouzeln\u00e9 t\u00f3ny hudby proudily v rytmu jejich t\u011bl a jejich du\u0161e se spojily. To ji\u017e tan\u010dili na chodb\u011b a ve v\u0161ech z\u00e1meck\u00fdch pokoj\u00edch. Sv\u011bt pro n\u011b p\u0159estal existovat a pojem \u010dasu byl v tu chv\u00edli \u201ev\u011b\u010dn\u00fd\u201c. Oba byli v \u201etransu\u201c, kter\u00fd p\u0159edt\u00edm nikdy neza\u017eili, byli \u201espalov\u00e1ni\u201c \u017e\u00e1rem vz\u00e1jemn\u00e9 v\u00e1\u0161n\u011b. C\u00edtili, \u017ee jejich bla\u017eenost jde do ext\u00e1ze. Protan\u010dili se do posledn\u00ed komnaty, kn\u00ed\u017eec\u00ed lo\u017enice, a tam se za nimi zav\u0159ely dve\u0159e&#8230;<\/p>\n<p>Takhle ve\u0159ejn\u011b ud\u011blat \u201eskand\u00e1l\u201c bylo ve vy\u0161\u0161\u00edch kruz\u00edch spole\u010densky netolerov\u00e1no. Nebyl to rom\u00e1nek na jednu noc, jejich zamilovanost pokra\u010dovala, ale \u0161lechtick\u00e1 \u201e\u017eensk\u00e1 smet\u00e1nka\u201c jim, hlavn\u011b j\u00ed, d\u00e1vala v\u017edy najevo, \u017ee \u201evona\u201c byla neurozen\u00e1, ni\u017e\u0161\u00edho stavu, \u017ee byla husopaska smrd\u00edc\u00ed hnojem a dali ji p\u0159ezd\u00edvku \u201e\u010cern\u00e1 K\u00e1\u010da\u201c. Paradoxn\u011b i z\u00e1vist jejich soused\u016f, u\u0161t\u011bpa\u010dn\u00e9 pozn\u00e1mky oby\u010dejn\u00fdch lid\u00ed, zlomysln\u00e9 v\u00fdtky a pohledy n\u011bkter\u00fdch slou\u017e\u00edc\u00edch na z\u00e1mku ji vnit\u0159n\u011b deprimovaly. O to v\u00edc se milenci v\u011bnovali sami sob\u011b a sv\u00e9 l\u00e1sce. Pova\u017ete, \u017ee \u201eplody l\u00e1sky\u201c nedaly na sebe dlouho \u010dekat. Za 15 let m\u011bli dev\u011bt d\u011bt\u00ed a teprve des\u00e1t\u00e9 bylo man\u017eelsk\u00e9.<\/p>\n<p>Svatbu m\u011bli ve stra\u0161\u00ednsk\u00e9m kostele a\u017e 16. ledna 1855. Pt\u00e1te se, jak je to mo\u017en\u00e9? Hned vysv\u011btl\u00edm. Kn\u00ed\u017ee Gustav se coby nerozv\u00e1\u017en\u00fd 19let\u00fd mlad\u00edk zapletl do p\u0159\u00edprav atent\u00e1tu na c\u00edsa\u0159e Ferdinanda I. Z d\u016fvodu urozen\u00e9ho p\u016fvodu (Lambergov\u00e9 byli starou rakouskou \u0161lechtou) dostal m\u00edrn\u011bj\u0161\u00ed trest ne\u017e ostatn\u00ed. Musel nosit na krku zelenou \u0161n\u016frku, co\u017e zna\u010dilo, \u017ee m\u011bl b\u00fdt popraven. D\u00e1le nesm\u011bl pob\u00fdvat na sv\u00e9m panstv\u00ed v\u00edce ne\u017eli t\u0159i m\u011bs\u00edce a tak\u00e9 se nesm\u011bl nikdy o\u017eenit.<\/p>\n<p>Z ostudn\u00e9 \u0161n\u016frky se \u010dasem stal nev\u0161edn\u00ed \u201etalisman\u201c a z\u00e1kaz pobytu vy\u0159e\u0161il jednodu\u0161e. Proto\u017ee dr\u017eel \u017eichoveck\u00e9, rabsk\u00e9 a \u017eihobsk\u00e9 panstv\u00ed, tak ka\u017ed\u00e9 t\u0159i m\u011bs\u00edce jezdil mezi \u017dichovicemi a \u017dihobcemi. Vzd\u00e1lenost nepatrn\u00e1, tak\u017ee vlastn\u011b byl st\u00e1le doma ve sv\u00e9m kraji. Tak\u017ee jedin\u00e9, co by st\u00e1lo za trest, byl z\u00e1kaz \u017eenitby. P\u0159i dlouhodob\u00e9m vztahu s Kate\u0159inou si to uv\u011bdomoval a sna\u017eil se o n\u00e1pravu. Po dlouh\u00fdch letech dostal od nov\u00e9ho mlad\u00e9ho c\u00edsa\u0159e Franti\u0161ka Josefa I. milost a svolen\u00ed ke svatb\u011b. Jen s tou podm\u00ednkou, \u017ee d\u011bti z tohoto \u201enerovn\u00e9ho\u201c svazku nebudou br\u00e1ny jako legitimn\u00ed, tud\u00ed\u017e nemaj\u00ed n\u00e1rok na rodov\u00e9 d\u011bdictv\u00ed. Gustav jako ob\u011b\u0165 sv\u00e9 l\u00e1sky ke Kate\u0159in\u011b i toto p\u0159ijal.<\/p>\n<p>A jak ke zlomu do\u0161lo? Tento romantick\u00fd p\u0159\u00edb\u011bh se donesl a\u017e na v\u00edde\u0148sk\u00fd c\u00edsa\u0159sk\u00fd dv\u016fr, kde \u201ehlavn\u00ed\u201c slovo m\u011bla mlad\u00e1, kr\u00e1sn\u00e1 a inteligentn\u00ed c\u00edsa\u0159ovna Al\u017eb\u011bta Bavorsk\u00e1. V\u0161ak kdo by neznal romantickou \u201eSisi\u201c. Ta za\u0159\u00eddila v\u0161e pot\u0159ebn\u00e9. C\u00edsa\u0159 p\u0159i audienci pov\u00fd\u0161il Kate\u0159inu do \u0161lechtick\u00e9ho stavu. Tak to vid\u00edte, p\u0159ece jenom kn\u00ed\u017ee Gustav Lamberg vyhr\u00e1l sv\u016fj nejt\u011b\u017e\u0161\u00ed \u017eivotn\u00ed souboj o \u010dest. I d\u00edky tomu byl lidmi br\u00e1n a jeho v\u00e1\u017enost a \u00facta k n\u011bmu je\u0161t\u011b vzrostla. Byl v\u017edycky u venkovsk\u00e9ho lidu velmi obl\u00edben, nebo\u0165 se sna\u017eil ka\u017ed\u00e9mu v p\u0159\u00edpad\u011b nouze n\u011bjak pomoci a lid se m\u011bl pod jeho spr\u00e1vou hospod\u00e1\u0159sky dob\u0159e. \u0160koda, \u017ee mu nebylo dop\u0159\u00e1no na tomto sv\u011bt\u011b v\u00edce \u010dasu. Zem\u0159el sedm let po svatb\u011b 3. ledna 1862 ve v\u011bku nedo\u017eit\u00fdch 50 let.<\/p>\n<p>Kate\u0159ina ho p\u0159e\u017eila o pln\u00fdch 27 let a zem\u0159ela 10. 12. 1889 ve sv\u00fdch 65 letech. Oba jsou s n\u011bkter\u00fdmi sv\u00fdmi d\u011btmi poh\u0159beni v rodinn\u00e9 hrobce sv. Erazima na nezamyslick\u00e9m h\u0159bitov\u011b. Tento dojemn\u00fd a pro po\u0161umavsk\u00fd lid posiluj\u00edc\u00ed p\u0159\u00edb\u011bh kni\u017en\u011b sepsal profesor su\u0161ick\u00e9ho gymn\u00e1zia Franti\u0161ek Proch\u00e1zka. A je\u0161t\u011b jeden odkaz tato l\u00e1ska lidem dala. Uk\u00e1zala ostatn\u00edm zamilovan\u00fdm jejich cestu. Proto v\u00edce mlad\u00fdch lid\u00ed ze statkov\u00e9ho, ale hlavn\u011b z m\u011b\u0161\u0165ansk\u00e9ho prost\u0159ed\u00ed si bralo nemajetnou \u010di m\u00e9n\u011b majetnou d\u00edvku za \u017eivotn\u00ed partnerku. Pro dne\u0161n\u00ed \u010das jsou praktiky 19. stolet\u00ed mnohdy nemysliteln\u00e9. Je to tak\u00e9 o svobod\u011b \u010dlov\u011bka, jeho n\u00e1zor\u016f a rozhodov\u00e1n\u00ed. A v\u011b\u0159te, \u017ee l\u00e1ska v tom hraje velkou roli.<\/p>\n<p>&nbsp;<\/p>\n<p><strong>Zdroj:<\/strong> Cyklist\u016fv pr\u016fvodce \u0160umavou<\/p>\n<p><strong>P\u0159ipravuje: Miroslav K\u016eS ANDRES<\/strong><\/p>\n<p><strong>Foto: archiv autora<\/strong><\/p>\n<hr \/>\n<p>&nbsp;<\/p>\n","protected":false},"excerpt":{"rendered":"<p>&nbsp; Zdej\u0161\u00ed <\/p>\n","protected":false},"author":2,"featured_media":359984,"comment_status":"open","ping_status":"open","sticky":false,"template":"","format":"gallery","meta":{"footnotes":""},"categories":[111],"tags":[],"jetpack_featured_media_url":"https:\/\/zakrasnejsivimperk.cz\/wp-content\/uploads\/2025\/10\/24\/ram-knezna.jpg","_links":{"self":[{"href":"https:\/\/zakrasnejsivimperk.cz\/index.php?rest_route=\/wp\/v2\/posts\/205167"}],"collection":[{"href":"https:\/\/zakrasnejsivimperk.cz\/index.php?rest_route=\/wp\/v2\/posts"}],"about":[{"href":"https:\/\/zakrasnejsivimperk.cz\/index.php?rest_route=\/wp\/v2\/types\/post"}],"author":[{"embeddable":true,"href":"https:\/\/zakrasnejsivimperk.cz\/index.php?rest_route=\/wp\/v2\/users\/2"}],"replies":[{"embeddable":true,"href":"https:\/\/zakrasnejsivimperk.cz\/index.php?rest_route=%2Fwp%2Fv2%2Fcomments&post=205167"}],"version-history":[{"count":2,"href":"https:\/\/zakrasnejsivimperk.cz\/index.php?rest_route=\/wp\/v2\/posts\/205167\/revisions"}],"predecessor-version":[{"id":359985,"href":"https:\/\/zakrasnejsivimperk.cz\/index.php?rest_route=\/wp\/v2\/posts\/205167\/revisions\/359985"}],"wp:featuredmedia":[{"embeddable":true,"href":"https:\/\/zakrasnejsivimperk.cz\/index.php?rest_route=\/wp\/v2\/media\/359984"}],"wp:attachment":[{"href":"https:\/\/zakrasnejsivimperk.cz\/index.php?rest_route=%2Fwp%2Fv2%2Fmedia&parent=205167"}],"wp:term":[{"taxonomy":"category","embeddable":true,"href":"https:\/\/zakrasnejsivimperk.cz\/index.php?rest_route=%2Fwp%2Fv2%2Fcategories&post=205167"},{"taxonomy":"post_tag","embeddable":true,"href":"https:\/\/zakrasnejsivimperk.cz\/index.php?rest_route=%2Fwp%2Fv2%2Ftags&post=205167"}],"curies":[{"name":"wp","href":"https:\/\/api.w.org\/{rel}","templated":true}]}}