{"id":204933,"date":"2025-10-07T18:51:06","date_gmt":"2025-10-07T17:51:06","guid":{"rendered":"http:\/\/zakrasnejsivimperk.cz\/?p=204933"},"modified":"2025-10-07T18:51:53","modified_gmt":"2025-10-07T17:51:53","slug":"stara-sumava-a-posumavi-zapomenuta-vesnicka-vestin","status":"publish","type":"post","link":"https:\/\/zakrasnejsivimperk.cz\/?p=204933","title":{"rendered":"STAR\u00c1 \u0160UMAVA A PO\u0160UMAV\u00cd: Zapomenut\u00e1 vesni\u010dka V\u011b\u0161t\u00edn"},"content":{"rendered":"<p><img loading=\"lazy\" decoding=\"async\" class=\"aligncenter wp-image-204934 size-full\" src=\"http:\/\/zakrasnejsivimperk.cz\/wp-content\/uploads\/2020\/10\/06\/ZAPOMENUT\u00c1-\u0160UMAVSK\u00c1-VESNI\u010cKA-V\u011a\u0160T\u00cdN..jpg\" alt=\"\" width=\"960\" height=\"534\" srcset=\"https:\/\/zakrasnejsivimperk.cz\/wp-content\/uploads\/2020\/10\/06\/ZAPOMENUT\u00c1-\u0160UMAVSK\u00c1-VESNI\u010cKA-V\u011a\u0160T\u00cdN..jpg 960w, https:\/\/zakrasnejsivimperk.cz\/wp-content\/uploads\/2020\/10\/06\/ZAPOMENUT\u00c1-\u0160UMAVSK\u00c1-VESNI\u010cKA-V\u011a\u0160T\u00cdN.-300x167.jpg 300w, https:\/\/zakrasnejsivimperk.cz\/wp-content\/uploads\/2020\/10\/06\/ZAPOMENUT\u00c1-\u0160UMAVSK\u00c1-VESNI\u010cKA-V\u011a\u0160T\u00cdN.-768x427.jpg 768w, https:\/\/zakrasnejsivimperk.cz\/wp-content\/uploads\/2020\/10\/06\/ZAPOMENUT\u00c1-\u0160UMAVSK\u00c1-VESNI\u010cKA-V\u011a\u0160T\u00cdN.-642x357.jpg 642w, https:\/\/zakrasnejsivimperk.cz\/wp-content\/uploads\/2020\/10\/06\/ZAPOMENUT\u00c1-\u0160UMAVSK\u00c1-VESNI\u010cKA-V\u011a\u0160T\u00cdN.-868x483.jpg 868w\" sizes=\"(max-width: 960px) 100vw, 960px\" \/><\/p>\n<p>&nbsp;<\/p>\n<h6>V malebn\u00e9 krajin\u011b s p\u0159ekr\u00e1sn\u00fdm v\u00fdhledem nejen na \u0161umavsk\u00e9 vrcholy Sedlo, \u017dd\u00e1nov a Javorn\u00edk, ale i do vnitrozem\u00ed k hradu Rab\u00ed, le\u017e\u00ed vesni\u010dka V\u011b\u0161t\u00edn, kter\u00e1 m\u011bla v d\u00e1vn\u00e9 minulosti sehr\u00e1vat v\u00fdznamnou \u00falohu p\u0159i ochran\u011b \u010desk\u00e9 zem\u011b.<\/h6>\n<p>Do V\u011b\u0161t\u00edna, kter\u00fd se nach\u00e1z\u00ed necel\u00fd kilometr od Stra\u0161\u00edna, vede \u00fazk\u00e1 asfaltov\u00e1 silni\u010dka, obklopen\u00e1 loukami s pasouc\u00edm se dobytkem. M\u00edrn\u00e9 a velice zvl\u00e1\u0161tn\u00ed pahorky v jej\u00edm bezprost\u0159edn\u00edm okol\u00ed pak dotv\u00e1\u0159ej\u00ed tajemnou atmosf\u00e9ru t\u00e9to lokality. Kdy\u017e se \u0159ekne slovo v\u011b\u0161tec, ka\u017ed\u00e9ho hned napadne osoba, kter\u00e1 je schopna pomoc\u00ed r\u016fzn\u00fdch metod a praktik hled\u011bt do budoucnosti. Ve V\u011b\u0161t\u00edn\u011b ale m\u011bli v\u011b\u0161tci jinou \u00falohu \u2013 str\u00e1\u017en\u00ed. Lid\u00e9 se \u017eivili p\u0159edev\u0161\u00edm zem\u011bd\u011blstv\u00edm, ov\u0161em p\u016fda zde nebyla tak dobr\u00e1 jako v ni\u017e\u0161\u00edch poloh\u00e1ch. T\u011b\u017ek\u00e9 bylo pokr\u00fdt \u017eivotn\u00ed n\u00e1klady, kdy\u017e se nedost\u00e1valo pr\u00e1ce ani p\u0159\u00edjm\u016f. Proto lid\u00e9 \u0161li za prac\u00ed do sv\u011bta. N\u011bkte\u0159\u00ed odch\u00e1zeli jen p\u0159es l\u00e9to, jin\u00ed na cel\u00fd \u017eivot. Obl\u00edbenou destinac\u00ed se stala nap\u0159\u00edklad V\u00edde\u0148, Bavorsko a p\u0159edev\u0161\u00edm Amerika. Nej\u010dast\u011bji se uplat\u0148ovali jako zedn\u00edci \u010di pomocn\u00edci na stavb\u011b, ov\u0161em po polovin\u011b 19. stolet\u00ed se objevila nov\u00e1 p\u0159\u00edle\u017eitost, cirkusy.<\/p>\n<p>\u201eV pol\u00edch nad V\u011b\u0161t\u00ednem, kde se dodnes \u0159\u00edk\u00e1 Na Rovin\u00e1ch, je rozhled k hradu Rab\u00ed i k hradu Ka\u0161perk. Proto byla v t\u011bchto m\u00edstech v\u017edy p\u0159ipravena vysok\u00e1 hranice d\u0159\u00edv\u00ed a mu\u017ei z bl\u00edzk\u00e9 osady tam dr\u017eeli hl\u00eddky. \u0158\u00edkalo se jim v\u011b\u0161tci. Jakmile zpozorovali v bl\u00edzkosti hradu Rab\u00ed nebo Ka\u0161perku nebezpe\u010d\u00ed, zap\u00e1lili hranici,&#8221; uv\u00e1d\u00ed se v publikaci Z podh\u016f\u0159\u00ed \u0160umavy.<\/p>\n<p>Stejn\u011b tak by bylo mo\u017en\u00e9 mezi zm\u00edn\u011bn\u00fdmi hrady p\u0159ed\u00e1vat pomoc\u00ed p\u0159edem domluven\u00fdch sign\u00e1l\u016f zpr\u00e1vy, kdy V\u011b\u0161t\u00edn by sehr\u00e1l \u00falohu jak\u00e9si mezistanice. Pokud trochu pust\u00edme uzdu na\u0161\u00ed fantazie a p\u0159ihl\u00e9dneme k poloze V\u011b\u0161t\u00edna a r\u00e1zu okoln\u00ed krajiny, nelze zcela vylou\u010dit ani variantu, \u017ee zde v d\u00e1vn\u00e9 a d\u00e1vn\u00e9 minulosti mohl s\u00eddlit n\u011bjak\u00fd v\u011b\u0161tec nebo t\u0159eba i druid. Podle jedn\u00e9 z pov\u011bst\u00ed existovala tajn\u00e1 chodba, kter\u00e1 spojovala zdej\u0161\u00ed oblast s deset kilometr\u016f vzd\u00e1len\u00fdm hradem Rab\u00ed. Vchod se m\u011bl nach\u00e1zet n\u011bkde v m\u00edst\u011b stra\u0161\u00ednsk\u00e9 jeskyn\u011b, kter\u00e1 je asi jeden kilometr pod V\u011b\u0161t\u00ednem. Uvnit\u0159 jeskyn\u011b je jez\u00edrko. P\u016fvod vody z\u016fst\u00e1v\u00e1 z\u00e1hadou, dosavadn\u00ed pokusy zjistit, odkud voda p\u0159it\u00e9k\u00e1, skon\u010dily nezdarem.<\/p>\n<p><strong>K V\u011b\u0161t\u00ednu se v\u00e1\u017ee jedna ze stra\u0161ideln\u00fdch pov\u011bst\u00ed:<\/strong> <em>O p\u016flnoci se na cest\u011b mezi Stra\u0161\u00ednem a V\u011b\u0161t\u00ednem objevovala \u010dern\u011b od\u011bn\u00e1 postava na \u010dern\u00e9m koni. M\u00edstn\u00ed poznali, \u017ee jde o ducha zem\u0159el\u00e9ho stavitele ze \u017dichovic, kter\u00fd p\u0159i stavb\u011b stra\u0161\u00ednsk\u00e9ho kostela tr\u00fdznil a bil lidi. O vysvobozen\u00ed se zaslou\u017eila a\u017e jeho man\u017eelka, kter\u00e1 poprosila ve stra\u0161\u00ednsk\u00e9m kostele o pomoc Pannu Marii.\u201ePak spat\u0159ila na kamenn\u00e9 dla\u017eb\u011b pohyb modr\u00e9ho st\u00ednu a od \u017eulov\u00e9 k\u0159titelnice usly\u0161ela jemn\u00fd \u0161elest. Ten j\u00ed napov\u011bd\u011bl, aby v bl\u00edzkosti m\u00edsta, kde m\u011bl kostel p\u016fvodn\u011b st\u00e1t a kde se nyn\u00ed na p\u011b\u0161in\u011b zjevuje jej\u00ed mu\u017e, dala postavit malou kapli\u010dku,&#8221; uv\u00e1d\u00ed pov\u011bst.<\/em> Vdova samoz\u0159ejm\u011b uposlechla a od t\u00e9 doby se pr\u00fd z\u00e1hadn\u00fd jezdec na cest\u011b neobjevuje. Nev\u011b\u0159\u00edte? M\u016f\u017eete se klidn\u011b p\u0159esv\u011bd\u010dit. Na \u010dern\u00e9ho jezdce t\u0159eba nenaraz\u00edte, ale mo\u017en\u00e1 zde objev\u00edte jin\u00e9 z\u00e1hady a tajemn\u00e9 s\u00edly, kter\u00fdch je tu bezpo\u010det.<\/p>\n<p>&nbsp;<\/p>\n<p><strong>Zdroj:<\/strong> Jan Ka\u0161e, O V\u011b\u0161t\u00ednsk\u00e9 kapli\u010dce (Such\u00e1\u010dov\u00e1, J., Hrom\u00e1dkov\u00e1, L.: Z podh\u016f\u0159\u00ed \u0160umavy).<\/p>\n<p><strong>P\u0159ipravuje: Miroslav K\u016eS ANDRES<\/strong><\/p>\n<p><strong>Foto: archiv autora<\/strong><\/p>\n<hr \/>\n<p>&nbsp;<\/p>\n","protected":false},"excerpt":{"rendered":"<p>&nbsp; V <\/p>\n","protected":false},"author":2,"featured_media":358549,"comment_status":"open","ping_status":"open","sticky":false,"template":"","format":"gallery","meta":{"footnotes":""},"categories":[111],"tags":[],"jetpack_featured_media_url":"https:\/\/zakrasnejsivimperk.cz\/wp-content\/uploads\/2025\/10\/07\/ram-vestin.jpg","_links":{"self":[{"href":"https:\/\/zakrasnejsivimperk.cz\/index.php?rest_route=\/wp\/v2\/posts\/204933"}],"collection":[{"href":"https:\/\/zakrasnejsivimperk.cz\/index.php?rest_route=\/wp\/v2\/posts"}],"about":[{"href":"https:\/\/zakrasnejsivimperk.cz\/index.php?rest_route=\/wp\/v2\/types\/post"}],"author":[{"embeddable":true,"href":"https:\/\/zakrasnejsivimperk.cz\/index.php?rest_route=\/wp\/v2\/users\/2"}],"replies":[{"embeddable":true,"href":"https:\/\/zakrasnejsivimperk.cz\/index.php?rest_route=%2Fwp%2Fv2%2Fcomments&post=204933"}],"version-history":[{"count":3,"href":"https:\/\/zakrasnejsivimperk.cz\/index.php?rest_route=\/wp\/v2\/posts\/204933\/revisions"}],"predecessor-version":[{"id":358551,"href":"https:\/\/zakrasnejsivimperk.cz\/index.php?rest_route=\/wp\/v2\/posts\/204933\/revisions\/358551"}],"wp:featuredmedia":[{"embeddable":true,"href":"https:\/\/zakrasnejsivimperk.cz\/index.php?rest_route=\/wp\/v2\/media\/358549"}],"wp:attachment":[{"href":"https:\/\/zakrasnejsivimperk.cz\/index.php?rest_route=%2Fwp%2Fv2%2Fmedia&parent=204933"}],"wp:term":[{"taxonomy":"category","embeddable":true,"href":"https:\/\/zakrasnejsivimperk.cz\/index.php?rest_route=%2Fwp%2Fv2%2Fcategories&post=204933"},{"taxonomy":"post_tag","embeddable":true,"href":"https:\/\/zakrasnejsivimperk.cz\/index.php?rest_route=%2Fwp%2Fv2%2Ftags&post=204933"}],"curies":[{"name":"wp","href":"https:\/\/api.w.org\/{rel}","templated":true}]}}