{"id":20432,"date":"2015-05-26T05:54:47","date_gmt":"2015-05-26T04:54:47","guid":{"rendered":"http:\/\/zakrasnejsivimperk.cz\/?p=20432"},"modified":"2015-05-26T13:36:20","modified_gmt":"2015-05-26T12:36:20","slug":"vimperske-kino-nadeje-na-digitalizaci-pohasla-pripadna-dotace-je-prilis-nizka","status":"publish","type":"post","link":"https:\/\/zakrasnejsivimperk.cz\/?p=20432","title":{"rendered":"VIMPERSK\u00c9 KINO: Nad\u011bje na digitalizaci pohasla, p\u0159\u00edpadn\u00e1 finan\u010dn\u00ed dotace je p\u0159\u00edli\u0161 n\u00edzk\u00e1"},"content":{"rendered":"<p style=\"text-align: justify;\"><strong>Kino ve vimpersk\u00e9m M\u011bstsk\u00e9m kulturn\u00edm st\u0159edisku z\u016fstane i nad\u00e1le se starou technologi\u00ed, kter\u00e1 neumo\u017e\u0148uje prom\u00edtat v\u011bt\u0161inu celost\u00e1tn\u011b distribuovan\u00fdch film\u016f. Digitalizace nen\u00ed st\u00e1le v dohledu. Nad\u011bje, \u017ee by se tak mohlo st\u00e1t v brzk\u00e9 dob\u011b, op\u011bt vzala za sv\u00e9.<\/strong><\/p>\n<p style=\"text-align: justify;\">M\u011bsto toti\u017e nereflektovalo na v\u00fdzvu k podpo\u0159e digitalizace \u010desk\u00fdch kin v letech 2015 &#8211; 2016 vyhl\u00e1\u0161enou St\u00e1tn\u00edm fondem kinematografie, kter\u00fd na jednotliv\u00e9 projekty m\u011bst a obc\u00ed rozd\u011bl\u00ed \u0161est milion\u016f korun.<\/p>\n<p style=\"text-align: justify;\">Radnice o mo\u017enosti p\u0159ihl\u00e1sit se do ve\u0159ejn\u00e9 sout\u011b\u017ee uva\u017eovala. Za\u010d\u00e1tkem kv\u011btna to na\u0161\u00ed redakci potvrdil propaga\u010dn\u00ed pracovn\u00edk m\u011bsta <strong><a href=\"http:\/\/zakrasnejsivimperk.cz\/?p=17488\" target=\"_blank\">Pavel Pechou\u0161ek:<\/a><\/strong>\u00a0<em>\u201eAno o v\u00fdzv\u011b v\u00edme a zva\u017eujeme i tuto mo\u017enost z\u00edsk\u00e1n\u00ed pen\u011bz na rekonstrukci a zlep\u0161en\u00ed komfortu pro n\u00e1v\u0161t\u011bvn\u00edky vimpersk\u00e9ho kina,\u201c<\/em>\u00a0uvedl tehdy.<\/p>\n<p style=\"text-align: justify;\"><strong>Nakonec v\u0161ak \u00fa\u0159edn\u00edci radnice rozhodli v neprosp\u011bch mo\u017en\u00e9 digitalizace m\u011bstsk\u00e9ho kina. Vysv\u011btlen\u00ed op\u011bt sd\u011blil pracovn\u00edk propagace Pavel Pechou\u0161ek:<\/strong> &#8220;Digit\u00e1ln\u00ed technologie stoj\u00ed kolem \u010dty\u0159 milion\u016f a k\u00a0dispozici je v tomto grantov\u00e9m \u0159\u00edzen\u00ed \u0161est milion\u016f pro v\u0161echny projekty. V\u00fd\u0161e dotace by byla\u00a0minim\u00e1ln\u00ed, spolu\u00fa\u010dast p\u0159\u00edli\u0161 vysok\u00e1. Takovou investici si m\u011bsto Vimperk moment\u00e1ln\u011b nem\u016f\u017ee dovolit. Budeme \u010dekat na lep\u0161\u00ed grantovou v\u00fdzvu.&#8221;<\/p>\n<p style=\"text-align: justify;\">Nezb\u00fdv\u00e1 ne\u017e v\u011b\u0159it, \u017ee zmi\u0148ovan\u00e1 lep\u0161\u00ed grantov\u00e1 v\u00fdzva skute\u010dn\u011b v brzk\u00e9 dob\u011b p\u0159ijde, \u017ee radnice bude p\u0159ipravena na ni zareagovat a jej\u00ed p\u0159ihl\u00e1\u0161ka bude \u00fasp\u011b\u0161n\u00e1.<\/p>\n<p style=\"text-align: justify;\"><strong>(zj)<\/strong><\/p>\n<p style=\"text-align: justify;\">\n","protected":false},"excerpt":{"rendered":"<p>Kino ve <\/p>\n","protected":false},"author":2,"featured_media":0,"comment_status":"open","ping_status":"open","sticky":false,"template":"","format":"standard","meta":{"footnotes":""},"categories":[4],"tags":[],"jetpack_featured_media_url":"","_links":{"self":[{"href":"https:\/\/zakrasnejsivimperk.cz\/index.php?rest_route=\/wp\/v2\/posts\/20432"}],"collection":[{"href":"https:\/\/zakrasnejsivimperk.cz\/index.php?rest_route=\/wp\/v2\/posts"}],"about":[{"href":"https:\/\/zakrasnejsivimperk.cz\/index.php?rest_route=\/wp\/v2\/types\/post"}],"author":[{"embeddable":true,"href":"https:\/\/zakrasnejsivimperk.cz\/index.php?rest_route=\/wp\/v2\/users\/2"}],"replies":[{"embeddable":true,"href":"https:\/\/zakrasnejsivimperk.cz\/index.php?rest_route=%2Fwp%2Fv2%2Fcomments&post=20432"}],"version-history":[{"count":10,"href":"https:\/\/zakrasnejsivimperk.cz\/index.php?rest_route=\/wp\/v2\/posts\/20432\/revisions"}],"predecessor-version":[{"id":20728,"href":"https:\/\/zakrasnejsivimperk.cz\/index.php?rest_route=\/wp\/v2\/posts\/20432\/revisions\/20728"}],"wp:attachment":[{"href":"https:\/\/zakrasnejsivimperk.cz\/index.php?rest_route=%2Fwp%2Fv2%2Fmedia&parent=20432"}],"wp:term":[{"taxonomy":"category","embeddable":true,"href":"https:\/\/zakrasnejsivimperk.cz\/index.php?rest_route=%2Fwp%2Fv2%2Fcategories&post=20432"},{"taxonomy":"post_tag","embeddable":true,"href":"https:\/\/zakrasnejsivimperk.cz\/index.php?rest_route=%2Fwp%2Fv2%2Ftags&post=20432"}],"curies":[{"name":"wp","href":"https:\/\/api.w.org\/{rel}","templated":true}]}}