{"id":204220,"date":"2024-11-13T23:50:11","date_gmt":"2024-11-13T22:50:11","guid":{"rendered":"http:\/\/zakrasnejsivimperk.cz\/?p=204220"},"modified":"2024-11-13T23:50:11","modified_gmt":"2024-11-13T22:50:11","slug":"stara-sumava-a-posumavi-obec-strasin","status":"publish","type":"post","link":"https:\/\/zakrasnejsivimperk.cz\/?p=204220","title":{"rendered":"STAR\u00c1 \u0160UMAVA A PO\u0160UMAV\u00cd: Obec Stra\u0161\u00edn"},"content":{"rendered":"<p><img loading=\"lazy\" decoding=\"async\" class=\"aligncenter wp-image-204222 size-full\" src=\"http:\/\/zakrasnejsivimperk.cz\/wp-content\/uploads\/2020\/09\/27\/O-STRA\u0160\u00cdNU-NA-\u0160UMAV\u011a....-1.jpg\" alt=\"\" width=\"2040\" height=\"1134\" srcset=\"https:\/\/zakrasnejsivimperk.cz\/wp-content\/uploads\/2020\/09\/27\/O-STRA\u0160\u00cdNU-NA-\u0160UMAV\u011a....-1.jpg 2040w, https:\/\/zakrasnejsivimperk.cz\/wp-content\/uploads\/2020\/09\/27\/O-STRA\u0160\u00cdNU-NA-\u0160UMAV\u011a....-1-300x167.jpg 300w, https:\/\/zakrasnejsivimperk.cz\/wp-content\/uploads\/2020\/09\/27\/O-STRA\u0160\u00cdNU-NA-\u0160UMAV\u011a....-1-768x427.jpg 768w, https:\/\/zakrasnejsivimperk.cz\/wp-content\/uploads\/2020\/09\/27\/O-STRA\u0160\u00cdNU-NA-\u0160UMAV\u011a....-1-1024x569.jpg 1024w, https:\/\/zakrasnejsivimperk.cz\/wp-content\/uploads\/2020\/09\/27\/O-STRA\u0160\u00cdNU-NA-\u0160UMAV\u011a....-1-642x357.jpg 642w, https:\/\/zakrasnejsivimperk.cz\/wp-content\/uploads\/2020\/09\/27\/O-STRA\u0160\u00cdNU-NA-\u0160UMAV\u011a....-1-869x483.jpg 869w\" sizes=\"(max-width: 2040px) 100vw, 2040px\" \/><\/p>\n<p>&nbsp;<\/p>\n<h6>Os\u00eddlen\u00ed zdej\u0161\u00ed oblasti se datuje a\u017e do dob mlad\u0161\u00ed doby \u017eelezn\u00e9, tehdy sem p\u0159i\u0161el kmen Kelt\u016f. Trval\u00e9 os\u00eddlen\u00ed kraje pak za\u010d\u00edn\u00e1 v 6. \u2013 10. stolet\u00ed, kdy se zde usazuj\u00ed slovansk\u00e9 kmeny. Stra\u0161\u00ednsk\u00e1 obec p\u016fvodn\u011b vznikla ze samot, kter\u00e9 se postupem \u010dasu roz\u0161i\u0159ovaly a sbli\u017eovaly se. Prvn\u00ed dochovan\u00e1 p\u00edsemn\u00e1 zm\u00ednka o vsi samotn\u00e9 poch\u00e1z\u00ed z roku 1254.<\/h6>\n<p>Z dochovan\u00e9 zpr\u00e1vy vypl\u00fdv\u00e1, \u017ee zdej\u0161\u00ed faru spravovali strakoni\u010dt\u00ed johanit\u00e9. Ves ji\u017e tehdy pravd\u011bpodobn\u011b pat\u0159ila V\u00edtkovc\u016fm, p\u0159edch\u016fdc\u016fm Ro\u017emberk\u016f. Ve 13. stolet\u00ed se tak\u00e9 datuje vznik hr\u00e1dku v bl\u00edzkosti Stra\u0161\u00edna na skalnat\u00e9m h\u0159betu Na v\u00fd\u0161k\u00e1ch. O vzniku n\u00e1zvu obce existuje n\u011bkolik domn\u011bnek. Podle jedn\u00e9 je jm\u00e9no \u201eStra\u0161\u00edn\u201c odvozeno z osobn\u00edho jm\u00e9na \u201eStr\u00e1\u0161a\u201c (Str\u00e1\u0161\u016fv dv\u016fr, s\u00eddlo). Jin\u00e1 teorie n\u00e1zev odvozuje od z\u00e1kladu \u201estr\u00e1\u017e\u201c, poch\u00e1zej\u00edc\u00edho od str\u00e1\u017en\u00ed funkce vsi u stezky z bavorsk\u00e9ho Pasova. Nab\u00edz\u00ed se tak\u00e9 teorie, podle kter\u00e9 zde v minulosti do\u0161lo k n\u011bjak\u00e9 stra\u0161n\u00e9 nebo stra\u0161ideln\u00e9 ud\u00e1losti.<\/p>\n<p>Dokonce se traduje, \u017ee ve star\u00e9 knize, kter\u00e1 byla ulo\u017eena v \u017eihobeck\u00e9m kostele, je latinsky zaps\u00e1no: \u201eStra\u0161e\u0148 locus horribilis\u201c \u2013 Stra\u0161e\u0148 m\u00edsto hr\u016fzn\u00e9. A\u0165 u\u017e je p\u016fvod jm\u00e9na obce jak\u00fdkoliv, musel n\u00e1zev v pr\u016fb\u011bhu let proj\u00edt dlouhou cestou, ne\u017e dos\u00e1hl dne\u0161n\u00ed podoby. V roce 1254 se tak v dochovan\u00fdch materi\u00e1lech objevuje tvar Strahen, r. 1274 Strazen, r. 1380 in Strassin, r. 1405 Strassin, na po\u010d\u00e1tku 17. stolet\u00ed Strassen, po roce 1617 Strassyn a do roku 1924 pak Stra\u0161e\u0148. V roce 1924 je \u00fa\u0159edn\u00ed n\u00e1zev obce zm\u011bn\u011bn na dne\u0161n\u00ed tvar Stra\u0161\u00edn.<\/p>\n<p>Roku 1274 prod\u00e1v\u00e1 V\u00edtek z Krumlova Stra\u0161\u00edn se dv\u011bma ml\u00fdny a pozemky strakonick\u00e9mu p\u0159evoru. Dal\u0161\u00edmi majiteli obce se st\u00e1vaj\u00ed p\u00e1nov\u00e9 na Rab\u00ed. K roku 1369 je zdej\u0161\u00ed kostel uv\u00e1d\u011bn jako farn\u00ed a poutnick\u00fd. Kostel byl s histori\u00ed obce \u00fazce spjat &#8211; to, \u017ee se zde n\u011bkolikr\u00e1t v roce setk\u00e1vali lid\u00e9 z cel\u00e9ho okol\u00ed, m\u011blo na rozvoj Stra\u0161\u00edna pozitivn\u00ed vliv. O um\u00edst\u011bn\u00ed kostela na vysok\u00e9 sk\u00e1le uprost\u0159ed \u00fadol\u00ed vypr\u00e1v\u00ed n\u011bkolik legend. Podle jedn\u00e9 bylo p\u016fvodn\u00ed m\u00edsto v\u00fdstavby jinde, nadp\u0159irozen\u00e1 s\u00edla v\u0161ak postaven\u00e9 bourala a p\u0159emis\u0165ovala na H\u016frku. Kdy\u017e zah\u0159m\u011blo a nebe se otev\u0159elo, v\u0161ichni tvrdili, \u017ee uvid\u011bli Pannu Marii, jak kameny p\u0159en\u00e1\u0161\u00ed. Po t\u0159ech dnech a noc\u00edch tak nezb\u00fdvalo ne\u017e jej\u00ed p\u0159\u00e1n\u00ed splnit a za\u010d\u00edt stav\u011bt na H\u016frce. Dal\u0161\u00ed legenda tak\u00e9 mluv\u00ed o pokynu z nebes. Panna Marie se se syn\u00e1\u010dkem v n\u00e1ru\u010d\u00ed zjevila kn\u011bzi na sk\u00e1le za kostelem. Na znamen\u00ed sv\u00e9ho zjeven\u00ed utvo\u0159ila ve sk\u00e1le d\u016flek, ze kter\u00e9ho ihned \u201evyprej\u0161tila voda\u201c. Skute\u010dn\u011b d\u016fstojn\u00fdm poutn\u00edm m\u00edstem se Stra\u0161\u00edn stal za spr\u00e1vy pana P\u016fty ze Sk\u00e1ly a na Rab\u00ed, kter\u00fd byl velk\u00fdm stra\u0161\u00ednsk\u00fdm mecen\u00e1\u0161em.<\/p>\n<p>V dob\u00e1ch husitsk\u00fdch v\u00e1lek se ve Stra\u0161\u00edn\u011b pod\u00e1valo \u201epodoboj\u00ed\u201c, ves se tedy p\u0159ipojila ke stran\u011b kalichu (husitsk\u00e9mu hnut\u00ed), a to i p\u0159es snahu kn\u011b\u017e\u00ed udr\u017eet zde katolick\u00fd vliv. Husitsk\u00fd spr\u00e1vce v\u0161ak nep\u0159\u00e1l zdej\u0161\u00edm hojn\u011b nav\u0161t\u011bvovan\u00fdm mari\u00e1nsk\u00fdm pout\u00edm a kostel nechal zamknout. Husitsk\u00e1 pos\u00e1dka pak dohl\u00ed\u017eela, aby se proces\u00ed nekonalo. Po p\u00e1nech na Rab\u00ed se ves dost\u00e1v\u00e1 do majetku rodu \u0160vihovsk\u00fdch. Rodina se v\u0161ak postupem \u010dasu dostala do velk\u00fdch dluh\u016f, kv\u016fli kter\u00fdm za\u010dala sv\u00e1 panstv\u00ed rozprod\u00e1vat. Roku 1545 tak Jind\u0159ich \u0160vihovsk\u00fd z Reisenberka a B\u0159etislav \u0160vihovsk\u00fd prodali sv\u00e9 d\u00edly Stra\u0161\u00edna Bernartovi Kocovi z Dobr\u0161e. Oba p\u00e1nov\u00e9 obec sice z\u00e1hy vykoupili zp\u011bt, hned v roce 1547 ji v\u0161ak byli nuceni prodat znovu, tentokr\u00e1t Kry\u0161tofu Kocovi z Dobr\u0161e.<\/p>\n<p>Po smrti V\u00e1clava Koce v roce 1609 se Stra\u0161\u00edn dostal do rukou Ludmily Kocov\u00e9. Ves pak byla spr\u00e1vn\u011b p\u0159i\u010dlen\u011bna k \u017dihobc\u016fm, se kter\u00fdmi pak nad\u00e1le sd\u00edlela sv\u00e9 osudy. Nov\u00fdm majitelem obce se stal roku 1616 Jaroslav Bukovansk\u00fd Pinta. Ten se v\u0161ak b\u011bhem stavovsk\u00e9ho povst\u00e1n\u00ed p\u0159idal na stranu stav\u016f a po por\u00e1\u017ece na B\u00edl\u00e9 ho\u0159e mu byl majetek zkonfiskov\u00e1n. B\u011bhem t\u0159icetilet\u00e9 v\u00e1lky obyvatelstvo muselo sn\u00e1\u0161et \u0159adu v\u00e1le\u010dn\u00fdch \u00fatrap. Usedlosti ve Stra\u0161\u00edn\u011b v\u0161ak v\u00e1lka p\u0159\u00edmo nepostihla, p\u0159esto\u017ee se zde odehr\u00e1la jedna dramatick\u00e1 ud\u00e1lost &#8211; v roce 1619 u Stra\u0161\u00edna p\u0159epadlo stavovsk\u00e9 vojsko \u010d\u00e1st drancuj\u00edc\u00edho odd\u00edlu c\u00edsa\u0159sk\u00e9ho vojska a Uhr\u016f a v\u0161echny c\u00edsa\u0159sk\u00e9 pobilo.<\/p>\n<p>\u017dihobeck\u00fd statek spolu se Stra\u0161\u00ednem z\u00edskal v\u00e1le\u010dn\u00fd dobrodruh don Martin de Huerta, po jeho smrti majetek p\u0159e\u0161el na dal\u0161\u00edho vojensk\u00e9ho p\u00e1na Anton\u00edna Lopeze de Gradina a nakonec se dostal do vlastnictv\u00ed svobodn\u00e9ho p\u00e1na Iselina z Lanna. K roku 1677 se v\u00e1\u017ee prvn\u00ed dochovan\u00e1 zm\u00ednka o stra\u0161\u00ednsk\u00e9 \u0161kole. Kantor se dr\u017eel p\u0159i zdej\u0161\u00edm kostele a p\u0159i\u017eivoval se tkalcovstv\u00edm. Roku 1710 Stra\u0161\u00edn spolu s dal\u0161\u00edm majetkem koupil pasovsk\u00fd biskup Filip hrab\u011b z Lamberku, jeho rodu pak ves pat\u0159ila a\u017e do zru\u0161en\u00ed poddanstv\u00ed v roce 1848. V letech 1754 \u2013 1756 byla ve Stra\u0161\u00edn\u011b postavena nov\u00e1 budova fary.<\/p>\n<p>Terezi\u00e1nsk\u00fd katastr ve vsi k roku 1757 ud\u00e1v\u00e1 23 hospod\u00e1\u0159\u016f, v\u00fdm\u011bra pol\u00ed byla ud\u00e1v\u00e1na 350 strych\u016f, d\u00e1le je uv\u00e1d\u011bno 60 strych\u016f obecn\u00edch pastvin a sena z luk na 121 voz\u016f. Ve vsi byli podle z\u00e1znamu dva mlyn\u00e1\u0159i a kov\u00e1\u0159. V roce 1778 byla zdej\u0161\u00ed \u0161kola jednot\u0159\u00eddn\u00ed a doch\u00e1zelo do n\u00ed celkem 131 \u017e\u00e1k\u016f. Koncem 18. stolet\u00ed se ve Stra\u0161\u00edn\u011b za\u010dala rozv\u00edjet \u0159emesla a \u017eivnosti. Za\u010dala tak\u00e9 v\u00fdstavba nov\u00fdch dom\u016f, zakl\u00e1daly se spolky a politick\u00e9 strany. K roku 1849 je v obci uv\u00e1d\u011bno 560 obyvatel, Stra\u0161\u00edn tehdy \u010d\u00edtal 62 popisn\u00fdch \u010d\u00edsel. Hospoda\u0159ilo tu 5 mlyn\u00e1\u0159\u016f, \u0161enk\u00fd\u0159, bedn\u00e1\u0159, tkadlec, pernik\u00e1\u0159, kamn\u00e1\u0159, tesa\u0159, krej\u010d\u00ed, \u0161vec, kupec, kov\u00e1\u0159, pazdern\u00edk a valch\u00e1\u0159, d\u00e1le tu svou \u010dinnost vykon\u00e1val far\u00e1\u0159, kosteln\u00edk, u\u010ditel, rev\u00edrn\u00edk, adjunkt, slouha a pastevec. Od roku 1850 za\u010d\u00ednaj\u00ed v doln\u00ed \u010d\u00e1sti obce na vyk\u00e1cen\u00fdch myt\u00edch pod lesem vznikat nov\u00e9 domy. Z nich se postupn\u011b zrodila nov\u00e1 \u010d\u00e1st Stra\u0161\u00edna s n\u00e1zvem Lazna (od staro\u010desk\u00e9ho slova \u201el\u00e1z\u201c \u2013 pozemek na samot\u011b u lesa).<\/p>\n<p>Roku 1853 byla na zdej\u0161\u00ed n\u00e1vsi postavena ka\u0161na. M\u00edstn\u00ed \u0161kola, kter\u00e1 byla um\u00edst\u011bna v dom\u011b \u010d.p. 17, v t\u00e9to dob\u011b p\u0159estala vyhovovat st\u00e1le nar\u016fstaj\u00edc\u00edmu po\u010dtu d\u011bt\u00ed. V letech 1854 \u2013 1856 proto prob\u011bhla v\u00fdstavba nov\u00e9 \u0161koln\u00ed budovy. V dob\u011b jej\u00edho uveden\u00ed do provozu byla \u0161kola dvojt\u0159\u00eddn\u00ed a doch\u00e1zelo do n\u00ed na 286 d\u011bt\u00ed. Po\u010det \u017e\u00e1k\u016f i nad\u00e1le stoupal, \u0161kola tak byla nakonec v roce 1875 roz\u0161\u00ed\u0159ena na trojt\u0159\u00eddn\u00ed, v roce 1883 na \u010dty\u0159t\u0159\u00eddn\u00ed a o dal\u0161\u00edch p\u011bt let pozd\u011bji dokonce na p\u011btit\u0159\u00eddn\u00ed. Mezit\u00edm v lednu roku 1884 zalo\u017eil u\u010ditelsk\u00fd sbor ve Stra\u0161\u00edn\u011b knihovnu.<\/p>\n<p>V roce 1908 byl na prav\u00e9 stran\u011b u cesty vedouc\u00ed ze Stra\u0161\u00edna ke kostelu zalo\u017een nov\u00fd h\u0159bitov. K roku 1910 \u017eilo v obci na 829 obyvatel, svou \u017eivnost tu vykon\u00e1vali mlyn\u00e1\u0159, peka\u0159, hra\u010dk\u00e1\u0159 a truhl\u00e1\u0159, kol\u00e1\u0159, kram\u00e1\u0159, zedn\u00edk, truhl\u00e1\u0159sk\u00fd mistr, soustru\u017en\u00edk a \u0159ezb\u00e1\u0159. V tomto roce byla ve Stra\u0161\u00edn\u011b z\u0159\u00edzena \u017eivnostensk\u00e1 pokra\u010dovac\u00ed \u0161kola. Od po\u010d\u00e1tku 20. stolet\u00ed se v obci tak\u00e9 intenzivn\u011b rozv\u00edj\u00ed spolkov\u00fd \u017eivot. V roce 1903 tu byl zalo\u017een Sbor dobrovoln\u00fdch hasi\u010d\u016f, v roce 1904 Ochotnick\u00fd spolek Koll\u00e1r, v n\u00e1sleduj\u00edc\u00edm roce Vzd\u011bl\u00e1vac\u00ed sbor a N\u00e1rodn\u00ed Jednota Po\u0161umavsk\u00e1, v roce 1909 Kampeli\u010dka, spo\u0159iteln\u00ed a z\u00e1lo\u017en\u00ed spolek a v roce 1912 Sdru\u017een\u00ed chovatel\u016f, na kter\u00fd postupn\u011b nav\u00e1zal spolek V\u010dela\u0159\u016f.<\/p>\n<p>Do poklidn\u00e9ho \u017eivota obce zas\u00e1hl v roce 1914 p\u0159\u00edchod prvn\u00ed sv\u011btov\u00e9 v\u00e1lky. Ze Stra\u0161\u00edna bylo na frontu povol\u00e1no 33 branc\u016f, 7 nov\u00e1\u010dk\u016f a nastoupilo 8 domobranc\u016f. B\u011bhem v\u00e1lky v\u0161ichni trp\u011bli velk\u00fdm nedostatkem, potraviny a dal\u0161\u00ed zbo\u017e\u00ed byly k dost\u00e1n\u00ed pouze na p\u0159\u00edd\u011bl, lid\u00e9 museli odv\u00e1d\u011bt povinn\u00e9 d\u00e1vky pro pot\u0159eby arm\u00e1dy. B\u00edda se st\u00e1le stup\u0148ovala a do konce v\u00e1lky obyvatelstvo nejednou poznalo i hlad. K\u00fd\u017een\u00fd m\u00edr zavl\u00e1dl a\u017e v roce 1918. Na boji\u0161t\u00edch padlo 14 stra\u0161ick\u00fdch mu\u017e\u016f. T\u011bm byl ve vsi roku 1924 odhalen pomn\u00edk.<\/p>\n<p>Po v\u00e1lce se \u017eivot v obci postupn\u011b vr\u00e1til do star\u00fdch kolej\u00ed. Ve 20. letech \u017eilo v obci na 971 obyvatel, z \u017eivnost\u00ed tu bylo vedle n\u011bkolika obchod\u016f, trafik a hostinc\u016f tak\u00e9 \u0159eznictv\u00ed, peka\u0159stv\u00ed, ml\u00fdny, pily, truhl\u00e1\u0159stv\u00ed, kov\u00e1\u0159stv\u00ed, klemp\u00ed\u0159stv\u00ed, kol\u00e1\u0159stv\u00ed, krej\u010dovstv\u00ed, obuvnictv\u00ed, zednictv\u00ed a svou \u010dinnost tu vykon\u00e1vala i porodn\u00ed asistentka. Stra\u0161\u00edn byl v dob\u011b prvn\u00ed republiky obchodn\u00edm, hospod\u00e1\u0159sk\u00fdm a kulturn\u00edm centrem pro \u0161irok\u00e9 okol\u00ed. Po v\u00e1lce se v obci za\u010dal rozv\u00edjet spole\u010densk\u00fd \u017eivot, hned v roce 1918 tu byla zalo\u017eena TJ Sokol, o dva roky pozd\u011bji D\u011blnick\u00e1 t\u011blov\u00fdchovn\u00e1 jednota a v roce 1921 Obec \u010dsl. legi\u00ed. V roce 1928 na vr\u0161ku Stra\u0161\u00edna vznik\u00e1 nov\u00e1 \u010dtvr\u0165 zvan\u00e1 Vesel\u00ed\u010dko (pojmenovan\u00e1 podle jmen prvn\u00edch osadn\u00edk\u016f).<\/p>\n<p><strong>A je\u0161t\u011b pov\u011bst:<\/strong> <em>O mnoha d\u016fkazech nebesk\u00e9 milosti sv\u011bd\u010d\u00ed ve vep\u0159ovici v\u00e1zan\u00e1 pam\u011btn\u00ed kniha stra\u0161\u00ednsk\u00e9 fary. Jsou v n\u00ed v\u0161ak zaznamen\u00e1ny i mnoh\u00e9 zpr\u00e1vy o tom, jak zle se vedlo t\u011bm, kdo si snad o tomto poutn\u00edm m\u00edst\u011b dovolili tropit pocm\u011bch. Brzy je m\u011bl stihnout Bo\u017e\u00ed trest. Jeden takov\u00fd p\u0159\u00edb\u011bh se za m\u00fdch \u010das\u016f vypr\u00e1v\u00edval za dlouh\u00fdch zimn\u00edch ve\u010der\u016f. \u0160lo v n\u011bm o dva sousedy, \u017eij\u00edc\u00ed ve vsi p\u0159\u00edslu\u0161ej\u00edc\u00ed ke stra\u0161\u00ednsk\u00e9 farnosti. Jeden z nich byl bohat\u00fd a lakom\u00fd velk\u00fd sedl\u00e1k, ten druh\u00fd naopak chud\u00fd mal\u00fd chalupn\u00edk. A pr\u00e1v\u011b on si jednou v nouzi vyp\u016fj\u010dil dv\u011b st\u011b zlat\u00fdch od sv\u00e9ho bohat\u00e9ho souseda. Pon\u011bvad\u017e nemohl hned zaplatit, narostly pen\u00edze n\u00e1sledkem \u00farok\u016f a \u00farok\u016f t\u011bchto \u00farok\u016f na p\u011bkn\u00fd kapit\u00e1l. Ten uboh\u00fd chalupn\u00edk prodal polovinu sv\u00fdch pozemk\u016f a lichv\u00e1\u0159i zaplatil. Nedal si bohu\u017eel vystavit nijak\u00fd p\u00edsemn\u00fd doklad a toho ten bezosty\u0161n\u00fd vyd\u0159iduch ov\u0161em vyu\u017eil. Cht\u011bl cel\u00fd dlu\u017en\u00fd obnos podruh\u00e9 a \u017ealoval souseda p\u0159ed soudem v Su\u0161ici. Ba p\u0159\u00edsahal tam dokonce, \u017ee je\u0161t\u011b nedostal zp\u00e1tky ze sv\u00fdch pen\u011bz ani krejcar. A je\u0161t\u011b si p\u0159isadil slovy: &#8220;Jako \u017ee je pravda, \u017ee ten poutn\u00ed kostel ve Stra\u0161\u00edn\u011b stoj\u00ed, tak je pravda pravdouc\u00ed i to, \u017ee jsem je\u0161t\u011b nedostal \u017e\u00e1dn\u00e9 pen\u00edze, co mn\u011b pat\u0159\u00ed.&#8221; Ten chud\u00fd domk\u00e1\u0159 se jen klidn\u011b zvedne, pokro\u010d\u00ed k n\u011bmu a pov\u00edd\u00e1: &#8220;A stejn\u011b tak je pravda, \u017ee je\u0161t\u011b dneska bude\u0161 st\u00e1t p\u0159ed jedn\u00edm jina\u010d\u00edm soudcem.&#8221; Sedl\u00e1k se jen sm\u00e1l, ud\u011blal v hospod\u011b p\u011bknou \u00fatratu a v n\u00e1lad\u011b vyjel dom\u016f do sv\u00e9 vsi. Po cest\u011b ho p\u0159epadl v\u010del\u00ed roj, k\u016f\u0148 se spla\u0161il, shodil jezdce ze sedla a kopyty mu rozbil lebku. &#8220;Bo\u017e\u00ed soud,&#8221; \u0159\u00edkali lid\u00e9, kdy\u017e se o tom dov\u011bd\u011bli.<\/em><\/p>\n<p>&nbsp;<\/p>\n<p>Zdroj: Such\u00e1\u010dov\u00e1, J., Ing. Hel\u00ed\u0161kov\u00e1, J., Mgr. Hrom\u00e1dkov\u00e1, L.: Stra\u0161\u00edn ze starobyl\u00fdch kon\u010din \u0160umavy. O\u00da Stra\u0161\u00edn 2004, Tief drin im B\u00f6hmerwald, s. 28-30 Josef Pscheidl, autor p\u0159eklad\u016f a \u010desk\u00fdch text\u016f Jan Mare\u0161, Jiho\u010desk\u00e1 v\u011bdeck\u00e1 knihovna v \u010cesk\u00fdch Bud\u011bjovic\u00edch<\/p>\n<p><strong>P\u0159ipravuje: Miroslav K\u016eS ANDRES<\/strong><\/p>\n<p><strong>Foto: archiv autora<\/strong><\/p>\n<hr \/>\n<p>&nbsp;<\/p>\n","protected":false},"excerpt":{"rendered":"<p>&nbsp; Os\u00eddlen\u00ed <\/p>\n","protected":false},"author":2,"featured_media":328579,"comment_status":"open","ping_status":"open","sticky":false,"template":"","format":"gallery","meta":{"footnotes":""},"categories":[111],"tags":[],"jetpack_featured_media_url":"https:\/\/zakrasnejsivimperk.cz\/wp-content\/uploads\/2024\/11\/13\/ram-strasin.jpg","_links":{"self":[{"href":"https:\/\/zakrasnejsivimperk.cz\/index.php?rest_route=\/wp\/v2\/posts\/204220"}],"collection":[{"href":"https:\/\/zakrasnejsivimperk.cz\/index.php?rest_route=\/wp\/v2\/posts"}],"about":[{"href":"https:\/\/zakrasnejsivimperk.cz\/index.php?rest_route=\/wp\/v2\/types\/post"}],"author":[{"embeddable":true,"href":"https:\/\/zakrasnejsivimperk.cz\/index.php?rest_route=\/wp\/v2\/users\/2"}],"replies":[{"embeddable":true,"href":"https:\/\/zakrasnejsivimperk.cz\/index.php?rest_route=%2Fwp%2Fv2%2Fcomments&post=204220"}],"version-history":[{"count":2,"href":"https:\/\/zakrasnejsivimperk.cz\/index.php?rest_route=\/wp\/v2\/posts\/204220\/revisions"}],"predecessor-version":[{"id":328578,"href":"https:\/\/zakrasnejsivimperk.cz\/index.php?rest_route=\/wp\/v2\/posts\/204220\/revisions\/328578"}],"wp:featuredmedia":[{"embeddable":true,"href":"https:\/\/zakrasnejsivimperk.cz\/index.php?rest_route=\/wp\/v2\/media\/328579"}],"wp:attachment":[{"href":"https:\/\/zakrasnejsivimperk.cz\/index.php?rest_route=%2Fwp%2Fv2%2Fmedia&parent=204220"}],"wp:term":[{"taxonomy":"category","embeddable":true,"href":"https:\/\/zakrasnejsivimperk.cz\/index.php?rest_route=%2Fwp%2Fv2%2Fcategories&post=204220"},{"taxonomy":"post_tag","embeddable":true,"href":"https:\/\/zakrasnejsivimperk.cz\/index.php?rest_route=%2Fwp%2Fv2%2Ftags&post=204220"}],"curies":[{"name":"wp","href":"https:\/\/api.w.org\/{rel}","templated":true}]}}