{"id":204154,"date":"2024-11-14T19:58:43","date_gmt":"2024-11-14T18:58:43","guid":{"rendered":"http:\/\/zakrasnejsivimperk.cz\/?p=204154"},"modified":"2024-11-18T20:59:30","modified_gmt":"2024-11-18T19:59:30","slug":"stara-sumava-a-posumavi-nahoranky-u-strasina","status":"publish","type":"post","link":"https:\/\/zakrasnejsivimperk.cz\/?p=204154","title":{"rendered":"STAR\u00c1 \u0160UMAVA A PO\u0160UMAV\u00cd: Naho\u0159\u00e1nky u Stra\u0161\u00edna"},"content":{"rendered":"<p><img loading=\"lazy\" decoding=\"async\" class=\"aligncenter wp-image-204155 size-full\" src=\"http:\/\/zakrasnejsivimperk.cz\/wp-content\/uploads\/2020\/09\/26\/O-NAHO\u0158\u00c1NK\u00c1CH-U-STRA\u0160\u00cdNA-NA-\u0160UMAV\u011a.jpg\" alt=\"\" width=\"960\" height=\"534\" srcset=\"https:\/\/zakrasnejsivimperk.cz\/wp-content\/uploads\/2020\/09\/26\/O-NAHO\u0158\u00c1NK\u00c1CH-U-STRA\u0160\u00cdNA-NA-\u0160UMAV\u011a.jpg 960w, https:\/\/zakrasnejsivimperk.cz\/wp-content\/uploads\/2020\/09\/26\/O-NAHO\u0158\u00c1NK\u00c1CH-U-STRA\u0160\u00cdNA-NA-\u0160UMAV\u011a-300x167.jpg 300w, https:\/\/zakrasnejsivimperk.cz\/wp-content\/uploads\/2020\/09\/26\/O-NAHO\u0158\u00c1NK\u00c1CH-U-STRA\u0160\u00cdNA-NA-\u0160UMAV\u011a-768x427.jpg 768w, https:\/\/zakrasnejsivimperk.cz\/wp-content\/uploads\/2020\/09\/26\/O-NAHO\u0158\u00c1NK\u00c1CH-U-STRA\u0160\u00cdNA-NA-\u0160UMAV\u011a-642x357.jpg 642w, https:\/\/zakrasnejsivimperk.cz\/wp-content\/uploads\/2020\/09\/26\/O-NAHO\u0158\u00c1NK\u00c1CH-U-STRA\u0160\u00cdNA-NA-\u0160UMAV\u011a-868x483.jpg 868w\" sizes=\"(max-width: 960px) 100vw, 960px\" \/><\/p>\n<p>&nbsp;<\/p>\n<h6>Necel\u00e9 dva kilometry od obce Stra\u0161\u00edn se mezi horsk\u00fdmi pastvinami a pod ochranou skaln\u00edho masivu rozprost\u00edr\u00e1 v nadmo\u0159sk\u00e9 v\u00fd\u0161ce p\u0159es 700 metr\u016f dal\u0161\u00ed ze zapomenut\u00fdch \u0161umavsk\u00fdch vesni\u010dek. Do malebn\u00e9 \u0161umavsk\u00e9 krajiny, v n\u00ed\u017e st\u0159\u00eddaj\u00edc\u00ed se louky a lesy zanech\u00e1vaj\u00ed v \u010dlov\u011bku ty nejhlub\u0161\u00ed dojmy, je zasazena mal\u00e1 vesni\u010dka Naho\u0159\u00e1nky.<\/h6>\n<p>Chud\u00fd kraj a drsn\u00e1 p\u0159\u00edroda. \u017divot na \u0160umav\u011b nebyl nikdy lehk\u00fd a jednoduch\u00fd. Mnohdy se podobal sp\u00ed\u0161e boji o p\u0159e\u017eit\u00ed <span class=\"text_exposed_show\">&#8211; m\u00e1lo \u00farodn\u00e1 pole, ze kter\u00fdch m\u00edstn\u00ed lid\u00e9 jen n\u00e1ro\u010dnou a trp\u011blivou prac\u00ed vydob\u00fdvali alespo\u0148 trochu ke sv\u00e9 ob\u017eiv\u011b, dlouh\u00e1 a obvykle i krut\u00e1 zima a k tomu v\u0161emu nedostatek pracovn\u00edch p\u0159\u00edle\u017eitost\u00ed. P\u0159ekr\u00e1sn\u00e1 \u010d\u00e1st na\u0161\u00ed zem\u011b byla tak ve skute\u010dnosti drsn\u00fdm a nemilosrdn\u00fdm m\u00edstem pro \u017eivot.<\/span><\/p>\n<p><span class=\"text_exposed_show\"><em>\u201eZat\u00edmco jsme s maminkou doma pracovali, otec, nemoha sehnat doma zam\u011bstn\u00e1n\u00ed, jeliko\u017e v cel\u00e9m okol\u00ed nebylo pr\u016fmyslu, musel, tak jako des\u00edtky a stovky jin\u00fdch, hledat pr\u00e1ci za hranicemi. Tak, n\u00e1\u0161 otec, jako jeho otec a bratr, byli hudebn\u00edci, \u017eivili n\u00e1s sedm d\u011bt\u00ed a sv\u00e9ho otce tak\u00e9 hudbou. Ka\u017ed\u00e9 jaro odjel do sv\u011bta k cirkusu,<\/em>&#8221; popsal ve sv\u00fdch pam\u011btech V\u00e1clav Barto\u0161 situaci v Naho\u0159\u00e1nk\u00e1ch koncem 19. stolet\u00ed. <\/span><\/p>\n<p><span class=\"text_exposed_show\">Brambory a zel\u00ed. Chudoba t\u00e9to krajiny se samoz\u0159ejm\u011b odr\u00e1\u017eela i v pestrosti a mno\u017estv\u00ed stravy, kterou m\u011bli lid\u00e9 k dispozici. \u201e<em>R\u00e1no pol\u00e9vka a brambory na loupa\u010dku, pol\u00e9vka z kysel\u00e9ho ml\u00e9ka, zeln\u00e1 nebo z pra\u017een\u00e9 mouky,\u00a0 v poledne ob\u011bd ze sam\u00fdch brambor\u2026\u00a0 Jak\u00e9koliv j\u00eddlo obsahovalo brambory, zel\u00ed, l\u00edvance, knedl\u00edky, placky atd. V ned\u011bli r\u00e1no k\u00e1va. Maso jenom o pout\u00edch a ve sv\u00e1tky\u2026\u00a0 A p\u0159itom n\u00e1s ani nenapadlo, \u017ee by mohlo b\u00fdt l\u00e9pe. V\u017edy\u0165 v\u0161ude bylo to sam\u00e9. Mouka byla jen \u017eitn\u00e1 a je\u010dmenn\u00e1. P\u0161eni\u010dn\u00e1 na v\u00fdznamn\u00e9 dni jenom,&#8221;<\/em> popsal zdej\u0161\u00ed stravu V\u00e1clav Barto\u0161.<\/span><\/p>\n<p><span class=\"text_exposed_show\"> Kr\u00e1sn\u00fdm m\u00edstem je naho\u0159\u00e1nsk\u00e1 kapli\u010dka,kde se sch\u00e1z\u00ed lid\u00e9 m\u00edsto pout\u011b a kterou postavil vedle sv\u00e9ho gruntu Tom\u00e1\u0161 Ka\u0161\u00e1k. Splnil tak p\u0159\u00e1n\u00ed sv\u00e9 zem\u0159el\u00e9 \u017eeny. 18.6.1854 ji kn\u011bz zasv\u011btil Pann\u011b Marii Bolestn\u00e9. Pomn\u00edk Ob\u011btem 1. sv\u011btov\u00e9 v\u00e1lky, t\u011bm, kte\u0159\u00ed se nevr\u00e1tili z v\u00e1lky. Pomn\u00edk byl postaven p\u00e9\u010d\u00ed starosty Vold\u0159icha. Byl odhalen 28. \u0159\u00edjna 1928. Slavnostn\u00ed pr\u016fvod vych\u00e1zel ze Stra\u0161\u00edna, pro\u0161el slavobr\u00e1nou u vsi. Pr\u016fvod \u010d\u00edtal cca 300 osob, tvo\u0159ila ho selsk\u00e1 j\u00edzda, jednota legion\u00e1\u0159\u016f ze Stra\u0161\u00edna, Sbor hasi\u010d\u016f ze Stra\u0161\u00edna a d\u011bv\u010data v kroj\u00edch. Slavnost u pomn\u00edku zah\u00e1jil starosta a slovo p\u0159edal hlavn\u00edmu \u0159e\u010dn\u00edkovi, u\u010diteli K\u016fsovi ze \u017dihobec. Po slavnosti se konal koncert ve Stra\u0161\u00edn\u011b v hostinci u Trnky.<\/span><\/p>\n<p><span class=\"text_exposed_show\"><strong>A je\u0161t\u011b krati\u010dk\u00e1 pov\u011bst:<\/strong><em> Podle jedn\u00e9 z pov\u011bst\u00ed bloud\u00ed v noci kolem Naho\u0159\u00e1nek modrav\u00e9 sv\u011bt\u00fdlko. \u00dadajn\u011b se tak d\u011bje od doby, co zde byl zavra\u017ed\u011bn a oloupen kantor z Lazen. \u201eKantor byl hodnej a poctivej \u010dlov\u011bk. Na znamen\u00ed toho, \u017ee byl velk\u00fd h\u0159\u00edch zab\u00edt hodn\u00e9ho \u010dlov\u011bka, blik\u00e1 v noci kolem k\u0159\u00ed\u017eku modrav\u00e9 sv\u011bt\u00fdlko,&#8221; uv\u00e1d\u00ed se v pov\u011bsti Bloud\u00edc\u00ed sv\u011bt\u00fdlko.<\/em><\/span><\/p>\n<p>&nbsp;<\/p>\n<p><span class=\"text_exposed_show\"><br \/>\n<strong>Zdroj:<\/strong> Jan Ka\u0161e J. Such\u00e1\u010dov\u00e1, L. Hrom\u00e1dkov\u00e1: Z podh\u016f\u0159\u00ed \u0160umavy<\/span><\/p>\n<p><strong>P\u0159ipravuje: Miroslav K\u016eS ANDRES<\/strong><\/p>\n<p><strong>Foto: archiv autora<\/strong><\/p>\n<hr \/>\n<p>&nbsp;<\/p>\n","protected":false},"excerpt":{"rendered":"<p>&nbsp; Necel\u00e9 <\/p>\n","protected":false},"author":2,"featured_media":328695,"comment_status":"open","ping_status":"open","sticky":false,"template":"","format":"gallery","meta":{"footnotes":""},"categories":[111],"tags":[],"jetpack_featured_media_url":"https:\/\/zakrasnejsivimperk.cz\/wp-content\/uploads\/2024\/11\/14\/ram-nahoranky.jpg","_links":{"self":[{"href":"https:\/\/zakrasnejsivimperk.cz\/index.php?rest_route=\/wp\/v2\/posts\/204154"}],"collection":[{"href":"https:\/\/zakrasnejsivimperk.cz\/index.php?rest_route=\/wp\/v2\/posts"}],"about":[{"href":"https:\/\/zakrasnejsivimperk.cz\/index.php?rest_route=\/wp\/v2\/types\/post"}],"author":[{"embeddable":true,"href":"https:\/\/zakrasnejsivimperk.cz\/index.php?rest_route=\/wp\/v2\/users\/2"}],"replies":[{"embeddable":true,"href":"https:\/\/zakrasnejsivimperk.cz\/index.php?rest_route=%2Fwp%2Fv2%2Fcomments&post=204154"}],"version-history":[{"count":3,"href":"https:\/\/zakrasnejsivimperk.cz\/index.php?rest_route=\/wp\/v2\/posts\/204154\/revisions"}],"predecessor-version":[{"id":328694,"href":"https:\/\/zakrasnejsivimperk.cz\/index.php?rest_route=\/wp\/v2\/posts\/204154\/revisions\/328694"}],"wp:featuredmedia":[{"embeddable":true,"href":"https:\/\/zakrasnejsivimperk.cz\/index.php?rest_route=\/wp\/v2\/media\/328695"}],"wp:attachment":[{"href":"https:\/\/zakrasnejsivimperk.cz\/index.php?rest_route=%2Fwp%2Fv2%2Fmedia&parent=204154"}],"wp:term":[{"taxonomy":"category","embeddable":true,"href":"https:\/\/zakrasnejsivimperk.cz\/index.php?rest_route=%2Fwp%2Fv2%2Fcategories&post=204154"},{"taxonomy":"post_tag","embeddable":true,"href":"https:\/\/zakrasnejsivimperk.cz\/index.php?rest_route=%2Fwp%2Fv2%2Ftags&post=204154"}],"curies":[{"name":"wp","href":"https:\/\/api.w.org\/{rel}","templated":true}]}}