{"id":203564,"date":"2024-10-22T22:04:13","date_gmt":"2024-10-22T21:04:13","guid":{"rendered":"http:\/\/zakrasnejsivimperk.cz\/?p=203564"},"modified":"2024-10-27T10:24:15","modified_gmt":"2024-10-27T09:24:15","slug":"stara-sumava-a-posumavi-lovecky-zamecek-zaluzi","status":"publish","type":"post","link":"https:\/\/zakrasnejsivimperk.cz\/?p=203564","title":{"rendered":"STAR\u00c1 \u0160UMAVA A PO\u0160UMAV\u00cd: Loveck\u00fd z\u00e1me\u010dek Z\u00e1lu\u017e\u00ed"},"content":{"rendered":"<p><img loading=\"lazy\" decoding=\"async\" class=\"aligncenter wp-image-203565 size-full\" src=\"http:\/\/zakrasnejsivimperk.cz\/wp-content\/uploads\/2020\/09\/20\/LOVECK\u00dd-Z\u00c1ME\u010cEK-Z\u00c1LU\u017d\u00cd-U-POHORSKA-NA-\u0160UMAV\u011a...jpg\" alt=\"\" width=\"960\" height=\"534\" srcset=\"https:\/\/zakrasnejsivimperk.cz\/wp-content\/uploads\/2020\/09\/20\/LOVECK\u00dd-Z\u00c1ME\u010cEK-Z\u00c1LU\u017d\u00cd-U-POHORSKA-NA-\u0160UMAV\u011a...jpg 960w, https:\/\/zakrasnejsivimperk.cz\/wp-content\/uploads\/2020\/09\/20\/LOVECK\u00dd-Z\u00c1ME\u010cEK-Z\u00c1LU\u017d\u00cd-U-POHORSKA-NA-\u0160UMAV\u011a..-300x167.jpg 300w, https:\/\/zakrasnejsivimperk.cz\/wp-content\/uploads\/2020\/09\/20\/LOVECK\u00dd-Z\u00c1ME\u010cEK-Z\u00c1LU\u017d\u00cd-U-POHORSKA-NA-\u0160UMAV\u011a..-768x427.jpg 768w, https:\/\/zakrasnejsivimperk.cz\/wp-content\/uploads\/2020\/09\/20\/LOVECK\u00dd-Z\u00c1ME\u010cEK-Z\u00c1LU\u017d\u00cd-U-POHORSKA-NA-\u0160UMAV\u011a..-642x357.jpg 642w, https:\/\/zakrasnejsivimperk.cz\/wp-content\/uploads\/2020\/09\/20\/LOVECK\u00dd-Z\u00c1ME\u010cEK-Z\u00c1LU\u017d\u00cd-U-POHORSKA-NA-\u0160UMAV\u011a..-868x483.jpg 868w\" sizes=\"(max-width: 960px) 100vw, 960px\" \/><\/p>\n<p>&nbsp;<\/p>\n<h6>Karel Klostermann v Pr\u00e1zdnin\u00e1ch na \u0160umav\u011b: <em>&#8220;Vizme myslivnu z\u00e1lu\u017eskou, je\u017e le\u017e\u00ed jako rud\u00fd karneol v zelen\u00e9m obrouben\u00ed&#8230; Bydl\u00ed tu pan rev\u00edrn\u00edk Moravec. Snad se nedopust\u00edm neopatrnosti \u0159eknu-li, \u017ee pan rev\u00edrn\u00edk je nejkr\u00e1sn\u011bj\u0161\u00edm mu\u017eem, jak\u00e9ho jsem kdy vid\u011bl. R\u00e1d bych si p\u0159edstavil efekt, jak\u00fd by u\u010dinil, kdyby kr\u00e1\u010del po pra\u017esk\u00fdch P\u0159\u00edkopech nebo bulv\u00e1rech pa\u0159\u00ed\u017esk\u00fdch&#8230;&#8221;<\/em><\/h6>\n<p>Rev\u00edrn\u00edk Moravec zde vybudoval proslulou l\u00edhe\u0148 s chovem pstruh\u016f a siven\u016f. Byl i mil\u00fdm hostitelem; naproti myslivn\u011b m\u011bl skl\u00edpek se soudky piva, v\u00ednem a jable\u010dn\u00fdm mo\u0161tem vlastn\u00ed v\u00fdroby. N\u00e1kupy platil pansk\u00fdm d\u0159\u00edv\u00edm \u2013 mohl si to dovolit, u vrchnosti byl velmi obl\u00edben. Mo\u017en\u00e1 ho tu je\u0161t\u011b n\u011bkdy zahl\u00e9dnete, ale jen v pozdn\u00edch no\u010dn\u00edch hodin\u00e1ch, jak si to uh\u00e1n\u00ed ve sv\u00e9 bry\u010dce ta\u017een\u00e9 kon\u00edkem Frickem..<\/p>\n<p>Zanikl\u00e1 v\u00edska Z\u00e1lu\u017e\u00ed, kter\u00e1 se nach\u00e1zela asi 5 km v\u00fdchodn\u011b od Ka\u0161persk\u00fdch Hor a jeden kilometr ji\u017en\u011b od vesnice Pohorsko. Jak upozor\u0148uje archiv\u00e1\u0159 Ji\u0159\u00ed \u00dalovec, Z\u00e1lu\u017e\u00ed v\u016fbec nebylo mal\u00fdm s\u00eddlem, je\u0161t\u011b koncem 18.stolet\u00ed \u010d\u00edtalo sedmdes\u00e1t popisn\u00fdch \u010d\u00edsel. \u010casem v\u0161ak bylo toto m\u00edsto opu\u0161t\u011bno, tak\u017ee tu z\u016fstala jen myslivna s poplu\u017en\u00edm dvorem. Vesni\u010dka pat\u0159\u00edvala k \u017eichovick\u00e9mu panstv\u00ed, kter\u00e9 od po\u010d\u00e1tku 18.stolet\u00ed dr\u017eel rod Lamberk\u016f.<\/p>\n<p>Po polovin\u011b 19.stolet\u00ed zde pobl\u00ed\u017e myslivny Lamberkov\u00e9 vystav\u011bli novogotick\u00fd z\u00e1me\u010dek, kter\u00fd slou\u017eil jejich ob\u010dasn\u00fdm n\u00e1v\u0161t\u011bv\u00e1m, zejm\u00e9na v dob\u011b kon\u00e1n\u00ed mnohdy velkolep\u00fdch hon\u016f v okoln\u00edch les\u00edch. Snad nejv\u00edce z\u00e1me\u010dek vyu\u017e\u00edval kn\u00ed\u017ee Gustav J\u00e1chym, zn\u00e1m\u00fd svou loveckou v\u00e1\u0161n\u00ed. T\u00e9to sv\u00e9 n\u00e1ru\u017eivosti pr\u00fd pod\u0159izoval v\u0161e i sv\u016fj \u017eivotn\u00ed styl. V\u017edy\u0165 jeho nejobvyklej\u0161\u00edm od\u011bvem byl mysliveck\u00fd \u0161at. St\u00e1valo se tak\u00e9, \u017ee pokud lov nedopadl podle jeho p\u0159edstav, pokud se nest\u0159elilo dost koroptv\u00ed, srnc\u016f \u010di li\u0161ek, byl kn\u00ed\u017ee p\u0159ipraven bez slitov\u00e1n\u00ed propustit rev\u00edrn\u00edka, by\u0165 t\u0159eba byl \u017eivitelem po\u010detn\u00e9 rodiny\u2026<\/p>\n<p>Dov\u00edd\u00e1me se o tom v barvit\u00e9m l\u00ed\u010den\u00ed ji\u017e zm\u00edn\u011bn\u00e9 pov\u00eddky Karla Klostermanna Pansk\u00fd sport. Hned za loveck\u00fdm z\u00e1me\u010dkem, kter\u00fd \u010dasem slou\u017eil jako myslivna, se zved\u00e1 strm\u00fd svah mohutn\u00e9ho \u017d\u010f\u00e1nova, p\u0159edstavuj\u00edc\u00ed j\u00e1dro n\u011bkdej\u0161\u00edho loveck\u00e9ho rev\u00edru Lamberk\u016f, protkan\u00fd hustou s\u00edt\u00ed lesn\u00edch cest. Jedna z nich m\u016f\u017ee zav\u00e9st zasv\u011bcen\u00e9ho n\u00e1v\u0161t\u011bvn\u00edka a\u017e k nevelk\u00e9 sk\u00e1le, do jej\u00ed\u017e ploch\u00e9 st\u011bny byl v obd\u00e9ln\u00edkov\u00e9m r\u00e1mu vytes\u00e1n n\u011bmeck\u00fd n\u00e1pis \u201eWAIDMANNS HEIL\u201c (Lovu zdar) dopln\u011bn\u00fd p\u011bti monogramy a letopo\u010dtem 1870. Tato pozoruhodn\u00e1 epigrafick\u00e1 pam\u00e1tka nepochybn\u011b upom\u00edn\u00e1 na n\u011bkter\u00fd ze slavn\u00fdch lambersk\u00fdch hon\u016f, kter\u00e9 byly dostaven\u00ed\u010dkem \u0161lechty z bl\u00edzka a daleka i jin\u00e9 honorace.<\/p>\n<p>Kn\u00ed\u017ee Gustav J\u00e1chym se \u010dasto a r\u00e1d toulal sv\u00fdmi lesy, jak dosv\u011bd\u010duje i Karel Klostermann (\u0160umavsk\u00e9 Podles\u00ed a typy z n\u011bho, 1890), snad nejrad\u011bji tr\u00e1vil dlouh\u00e9 hodiny \u201ev \u00fahledn\u00e9 d\u0159ev\u011bn\u00e9 bes\u00eddce\u201c na vrcholu \u017d\u010f\u00e1nova. Ov\u0161em ne v\u017edy b\u00fdval lov ve \u017e\u010f\u00e1novsk\u00e9 divo\u010din\u011b pohodovou idylou. Star\u00e1 pov\u011bst z Pohorska vypr\u00e1v\u00ed o dramatick\u00fdch okolnostech lovu na medv\u011bda, kdy se v nebezpe\u010d\u00ed ocitl \u017eivot mlad\u00e9ho kn\u00ed\u017eec\u00edho syna Jana. Jak pov\u011bst d\u00e1le uv\u00e1d\u00ed, na pam\u00e1tku \u0161\u0165astn\u00e9ho vyv\u00e1znut\u00ed a skolen\u00ed medv\u011bda dal Jan\u016fv otec na m\u00edst\u011b ud\u00e1losti, v m\u011blk\u00e9m sedle mezi \u017d\u010f\u00e1novem a Kr\u00e1lovsk\u00fdm kamenem, postavit kapli sv. Jana.<\/p>\n<p>Vypr\u00e1v\u011bn\u00ed by se mohlo vztahovat k osob\u011b kn\u00ed\u017eete Jana Bed\u0159icha Lamberga (+ 1797) a k jeho otci kn\u00ed\u017eeti Franti\u0161ku Anton\u00ednu (+ 1759). Dne\u0161n\u00ed kapli\u010dka sv. Jana Nepomuck\u00e9ho je ov\u0161em mlad\u0161\u00ed, dal ji vystav\u011bt rev\u00edrn\u00edk Josef Duben roku 1836. Podle tvrzen\u00ed n\u011bkter\u00fdch Podles\u00e1k\u016f, p\u0159\u00edhoda s medv\u011bdem by se m\u011bla snad t\u00fdkat kn\u00ed\u017eete Gustava J\u00e1chyma Lamberka. P\u0159ipom\u00edn\u00e1 se ale tak\u00e9 tvrzen\u00ed n\u011bkdej\u0161\u00edho hostinsk\u00e9ho Blahota v Pohorsku, \u017ee medv\u011bd vypla\u0161il mlad\u00e9ho kn\u00ed\u017eete Lamberka v kv\u011btnu 1873\u2026 Loveck\u00fd z\u00e1me\u010dek v Z\u00e1lu\u017e\u00ed, pozd\u011bj\u0161\u00ed myslivna, je obd\u00e9ln\u00e1 patrov\u00e1 budova se dv\u011bma n\u00e1ro\u017en\u00edmi \u0161estibok\u00fdmi v\u011b\u017eemi. Romantick\u00fd vzhled stavb\u011b dod\u00e1vaj\u00ed hrotit\u00e9 oblouky nad okny a cimbu\u0159\u00ed, skr\u00fdvaj\u00edc\u00ed n\u00edzkou plochou st\u0159echu. Do okol\u00ed dnes budova sv\u00edt\u00ed b\u011blost\u00ed sv\u00fdch zd\u00ed.<\/p>\n<p>V minulosti za \u010das\u016f Karla Klostermanna ji v\u0161ak charakterizoval \u010dervenav\u00fd n\u00e1t\u011br: \u201eVid\u00edme myslivnu z\u00e1lu\u017eskou, je\u017e le\u017e\u00ed jako rud\u00fd karneol v zelen\u00e9m obrouben\u00ed, k n\u011bmu\u017e se t\u00e1hnou m\u00e9 vzpom\u00ednky z mladosti.\u201c (K.Klostermann Pr\u00e1zdniny na \u0160umav\u011b) \u201eV\u0161echno pohltil \u010das, co lid\u00e9 vystav\u011bli v Z\u00e1lu\u017e\u00ed pod Pohorskem, jen myslivna je tam je\u0161t\u011b, ale nov\u00e1 p\u011bkn\u00e1, jako rozmil\u00fd letohr\u00e1dek, trochu do \u010dervena nat\u0159en\u00fd; kdy\u017e jsem ji op\u011bt spat\u0159il v obnoven\u00e9m tvaru, vy\u0161ed z lesa pod kapli\u010dkou sv. Jana, p\u0159ipadla mi jako leskl\u00fd karneolov\u00fd skvost v zelen\u00e9 obrub\u011b.\u201c (K.Klostermann, Pansk\u00fd sport)<\/p>\n<p>Z d\u00e1vn\u00e9 minulosti n\u00e1m zazn\u00edvaj\u00ed jm\u00e9na rev\u00edrn\u00edk\u016f, kte\u0159\u00ed i se sv\u00fdmi rodinami s\u00eddlili v z\u00e1lu\u017esk\u00e9 myslivn\u011b. Karel Klosterman nap\u0159\u00edklad jmenuje rev\u00edrn\u00edka N\u011bmce Schiemanna, nebo rev\u00edrn\u00edka Moravce, o kter\u00e9m se nerozpakoval \u0159\u00edci, \u201e\u017ee pan rev\u00edrn\u00edk je nejkr\u00e1sn\u011bj\u0161\u00edm mu\u017eem, jak\u00e9ho jsem kdy vid\u011bl\u2026\u201c (Pr\u00e1zdniny na \u0160umav\u011b). Stejn\u00e9ho mu\u017ee obdivn\u011b chv\u00e1lil ve sv\u00fdch Turistick\u00fdch t\u00e1\u010dk\u00e1ch liter\u00e1rn\u011b \u010dinn\u00fd \u0161koln\u00ed inspektor v Su\u0161ici Viktorin Zeithammer (1872 \u2013 1925) za to, \u201ejak kr\u00e1sn\u00e9 druhy ovoce dovedl vyp\u011bstovati v okol\u00ed myslivny v poloze tak vysok\u00e9, jen z\u010d\u00e1sti chr\u00e1n\u011bn\u00e9 od severn\u00edch v\u011btr\u016f, tedy v podneb\u00ed drsn\u00e9m\u2026 mimo to pan rev\u00edrn\u00edk jest dovedn\u00fdm vyr\u00e1bitelem v\u00fdborn\u00e9ho n\u00e1poje, ovocn\u00e9ho mo\u0161tu, jen\u017e nalit do sklenice, perl\u00ed se a \u0161um\u00ed jako \u0161ampa\u0148sk\u00e9\u2026\u201c<\/p>\n<p>Zeithammer p\u00ed\u0161\u00edc\u00ed pod pseudonymem Ursus \u0160umavsk\u00fd si Z\u00e1lu\u017e\u00ed nepochybn\u011b velmi obl\u00edbil a snad i proto sem situoval d\u011bj sv\u00e9ho \u201eprotialkoholick\u00e9ho\u201c rom\u00e1nu Jed v \u017eil\u00e1ch. Z\u00e1me\u010dek v Z\u00e1lu\u017e\u00ed pat\u0159il a\u017e do roku 1946 rodu Lamberg\u016f, pot\u00e9 ho z\u00edskaly St\u00e1tn\u00ed lesy. Do roku 1963 tu bylo poles\u00ed, pozd\u011bji h\u00e1jovna s bytem hajn\u00e9ho. Od roku 1997 je budova z\u00e1me\u010dku v soukrom\u00edm vlastnictv\u00ed a postupn\u011b se opravuje. Od cesty k z\u00e1me\u010dku je n\u00e1dhern\u00fd v\u00fdhled do krajiny \u0161umavsk\u00e9ho podh\u016f\u0159\u00ed, jemu\u017e vl\u00e1dne hora Sedlo u Albrechtic.<\/p>\n<p>Ale vra\u0165me se do minulosti. Kn\u00ed\u017ee Gustav J\u00e1chym si velice cenil sv\u00fdch kr\u00e1sn\u00fdch \u017e\u010f\u00e1novsk\u00fdch les\u016f. Proto jen s bolest\u00ed v srdci p\u0159istoupil k jejich k\u00e1cen\u00ed v pades\u00e1t\u00fdch letech 19.stolet\u00ed, kdy\u017e nutn\u011b pot\u0159eboval kr\u00fdt st\u00e1le vy\u0161\u0161\u00ed v\u00fddaje sv\u00e9ho panstv\u00ed a tak\u00e9 umo\u0159ovat p\u016fj\u010dku p\u016fl mili\u00f3nu zlat\u00fdch na v\u011bno sv\u00fdch d\u011bt\u00ed. D\u0159evo od n\u011bj odeb\u00edrali zku\u0161en\u00ed obchodn\u00edci L\u00f6wy a Buben\u00ed\u010dek. Kv\u016fli zpracov\u00e1n\u00ed d\u0159eva dal L\u00f6wy vybudovat parn\u00ed pily p\u0159\u00edmo na svaz\u00edch \u017d\u010f\u00e1nova a pod Z\u00e1lu\u017e\u00edm. Kraj tak neb\u00fdvale o\u017eil d\u011bln\u00fdm ruchem. O Z\u00e1lu\u017e\u00ed op\u011bt mistrn\u011b informuje Klostermann: \u201eHr\u010dela tu parn\u00ed pila, ve dne v noci je\u010dela; kv\u00edlely pod jej\u00edmi zuby star\u00e1 drva, p\u0159ij\u00ed\u017ed\u011bl povoz za povozem a odv\u00e1\u017eely ohromn\u00e9 spousty prken. Dnes nen\u00ed stopy po pile, ani po k\u016fln\u00e1ch, ani po smyc\u00edch, po nich\u017e sj\u00ed\u017ed\u011bly kl\u00e1dy, ani po d\u0159ev\u011bn\u00e9m pansk\u00e9m dom\u011b\u2026\u201c (Pansk\u00fd sport).<\/p>\n<p>Asi u\u017e jen chatrn\u00fd d\u0159ev\u011bn\u00fd k\u0159\u00ed\u017e v \u00fadol\u00ed pod Z\u00e1lu\u017e\u00edm p\u0159ipom\u00edn\u00e1 tu starou dobu. Stoj\u00ed pr\u00fd na m\u00edst\u011b d\u0159evi\u0161t\u011b, kde ne\u0161\u0165astnou n\u00e1hodou p\u0159i\u0161el o \u017eivot \u017eertuj\u00edc\u00ed forman z B\u00edlenic. Zabila ho kl\u00e1da sj\u00ed\u017ed\u011bj\u00edc\u00ed po smyku, kdy\u017e v\u010das neusko\u010dil z nebezpe\u010dn\u00e9ho prostoru. Karlu Klostermannovi o tom vypr\u00e1v\u011bl star\u00fd hajn\u00fd ze \u017d\u010f\u00e1nova a spisovatel to pak zanesl do sv\u00e9 ran\u00e9 pr\u00f3zy Podles\u00ed a typy z n\u011bho.<\/p>\n<p>V sou\u010dasn\u00e9 dob\u011b zde m\u016f\u017eete str\u00e1vit nezapomenutelnou dovolenou uprost\u0159ed n\u00e1dhern\u00e9 \u0161umavsk\u00e9 p\u0159\u00edrody s p\u0159\u00edjemn\u00fdmi hostiteli. Celoro\u010dn\u00ed ubytov\u00e1n\u00ed v apartm\u00e1 v p\u0159\u00edzem\u00ed loveck\u00e9ho z\u00e1me\u010dku s maxim\u00e1ln\u00ed kapacitou 6 osob. Sv\u00e9ho \u010dty\u0159noh\u00e9ho mil\u00e1\u010dka m\u016f\u017eete vz\u00edt s sebou! Velmi vhodn\u00e9 pro milovn\u00edky zv\u00ed\u0159at, z\u00e1jemce o j\u00edzdy na kon\u00edch a p\u00e9\u010di o n\u011b, ale i pro v\u0161echny ostatn\u00ed. Okoln\u00ed ter\u00e9n je ide\u00e1ln\u00ed pro p\u011b\u0161\u00ed turistiku, horsk\u00e1 kola a v zim\u011b pro ly\u017ea\u0159e a hlavn\u011b houba\u0159en\u00ed.<\/p>\n<p>&nbsp;<\/p>\n<p><strong>Zdroj:<\/strong> Lambersk\u00e1 stezka &#8211; PhDr Vladim\u00edr Horpeniak, <a href=\"http:\/\/www.zaluzi.cz\/?fbclid=IwAR3WduGhUlMyPuufkuK-LDKVAYbMrsziduoMvD_ZPzC73xPEI640dNgn8_w\" target=\"_blank\" rel=\"noopener nofollow\" data-ft=\"{&quot;tn&quot;:&quot;-U&quot;}\" data-lynx-mode=\"async\" data-lynx-uri=\"https:\/\/l.facebook.com\/l.php?u=http%3A%2F%2Fwww.zaluzi.cz%2F%3Ffbclid%3DIwAR3WduGhUlMyPuufkuK-LDKVAYbMrsziduoMvD_ZPzC73xPEI640dNgn8_w&amp;h=AT0v8z8IrIarSV2azS1xBHgH0UV5XcvwfNUh5_dTGcKdJOe4z7KXtr5oVLtq9BWTIEhCAyecSI4-OnW65MVHg3wgq8hhrQ7qD25pvenitaAz4dG0sQx7LNNE0lZadqGZXY1LNs0X2tt8fV7doD48vmoVvZ3Q5awTyEImuECL8nuQ8rLmQNOZT1tvUQ9v7NudvEawHArvPqyk1Mg1jBZxMDQjha5Tql0cTWUiDAGKhLSXZ7WKGHec_BOO2qOXxx18B1plHjzBt8xg3t9LRHac5o0-qBQgud835Z9wiW4wGzD1HeNVWRYiPkiQcXMn7b56xsL3QQd5uHuoerdjymes7Hl1Jzioo8y4NgmQ6HtIJ-GoJnb2z6Ez3VzCcw8E5t-qlwEP0hX4SxBWsU2sgEKe5zdQLP7lElix0ve0btELQGMPNJaMJPg7qikQ0jN1PBE6QgW7gNy6KZUPZ3AEQUtC77cyL6UC3L_0PEjyt22W3oG9Iuq0n72Dq4iEn9XMHbzGmfzeRSlkCBTTZhqha5cnR52qpBJTxnSw71r7YhOUEIgGyDJyAWxCK66YE0cAnmXERXp5HxhikEvEwyi5RUVQ6rtqJq0iFCtnWGAeCCU29bcIDOvoLWPqFWI7wb3G3lAqrpd7ifnQtGXT9QlWA8yX-w\"><strong>http:\/\/www.zaluzi.cz<\/strong>\/<\/a><\/p>\n<p><strong>P\u0159ipravuje: Miroslav K\u016eS ANDRES<\/strong><\/p>\n<p><strong>Foto: archiv autora<\/strong><\/p>\n<hr \/>\n<p>&nbsp;<\/p>\n","protected":false},"excerpt":{"rendered":"<p>&nbsp; Karel <\/p>\n","protected":false},"author":2,"featured_media":326298,"comment_status":"open","ping_status":"open","sticky":false,"template":"","format":"gallery","meta":{"footnotes":""},"categories":[111],"tags":[],"jetpack_featured_media_url":"https:\/\/zakrasnejsivimperk.cz\/wp-content\/uploads\/2024\/10\/22\/ram-zamecek.jpg","_links":{"self":[{"href":"https:\/\/zakrasnejsivimperk.cz\/index.php?rest_route=\/wp\/v2\/posts\/203564"}],"collection":[{"href":"https:\/\/zakrasnejsivimperk.cz\/index.php?rest_route=\/wp\/v2\/posts"}],"about":[{"href":"https:\/\/zakrasnejsivimperk.cz\/index.php?rest_route=\/wp\/v2\/types\/post"}],"author":[{"embeddable":true,"href":"https:\/\/zakrasnejsivimperk.cz\/index.php?rest_route=\/wp\/v2\/users\/2"}],"replies":[{"embeddable":true,"href":"https:\/\/zakrasnejsivimperk.cz\/index.php?rest_route=%2Fwp%2Fv2%2Fcomments&post=203564"}],"version-history":[{"count":3,"href":"https:\/\/zakrasnejsivimperk.cz\/index.php?rest_route=\/wp\/v2\/posts\/203564\/revisions"}],"predecessor-version":[{"id":326297,"href":"https:\/\/zakrasnejsivimperk.cz\/index.php?rest_route=\/wp\/v2\/posts\/203564\/revisions\/326297"}],"wp:featuredmedia":[{"embeddable":true,"href":"https:\/\/zakrasnejsivimperk.cz\/index.php?rest_route=\/wp\/v2\/media\/326298"}],"wp:attachment":[{"href":"https:\/\/zakrasnejsivimperk.cz\/index.php?rest_route=%2Fwp%2Fv2%2Fmedia&parent=203564"}],"wp:term":[{"taxonomy":"category","embeddable":true,"href":"https:\/\/zakrasnejsivimperk.cz\/index.php?rest_route=%2Fwp%2Fv2%2Fcategories&post=203564"},{"taxonomy":"post_tag","embeddable":true,"href":"https:\/\/zakrasnejsivimperk.cz\/index.php?rest_route=%2Fwp%2Fv2%2Ftags&post=203564"}],"curies":[{"name":"wp","href":"https:\/\/api.w.org\/{rel}","templated":true}]}}