{"id":203093,"date":"2025-09-25T20:05:21","date_gmt":"2025-09-25T19:05:21","guid":{"rendered":"http:\/\/zakrasnejsivimperk.cz\/?p=203093"},"modified":"2025-09-25T20:05:21","modified_gmt":"2025-09-25T19:05:21","slug":"stara-sumava-a-posumavi-obec-albrechtice","status":"publish","type":"post","link":"https:\/\/zakrasnejsivimperk.cz\/?p=203093","title":{"rendered":"STAR\u00c1 \u0160UMAVA A PO\u0160UMAV\u00cd: Obec Albrechtice"},"content":{"rendered":"<p><img loading=\"lazy\" decoding=\"async\" class=\"aligncenter wp-image-203094 size-full\" src=\"http:\/\/zakrasnejsivimperk.cz\/wp-content\/uploads\/2020\/09\/15\/ALBRECHTICE-U-SU\u0160ICE..jpg\" alt=\"\" width=\"960\" height=\"534\" srcset=\"https:\/\/zakrasnejsivimperk.cz\/wp-content\/uploads\/2020\/09\/15\/ALBRECHTICE-U-SU\u0160ICE..jpg 960w, https:\/\/zakrasnejsivimperk.cz\/wp-content\/uploads\/2020\/09\/15\/ALBRECHTICE-U-SU\u0160ICE.-300x167.jpg 300w, https:\/\/zakrasnejsivimperk.cz\/wp-content\/uploads\/2020\/09\/15\/ALBRECHTICE-U-SU\u0160ICE.-768x427.jpg 768w, https:\/\/zakrasnejsivimperk.cz\/wp-content\/uploads\/2020\/09\/15\/ALBRECHTICE-U-SU\u0160ICE.-642x357.jpg 642w, https:\/\/zakrasnejsivimperk.cz\/wp-content\/uploads\/2020\/09\/15\/ALBRECHTICE-U-SU\u0160ICE.-868x483.jpg 868w\" sizes=\"(max-width: 960px) 100vw, 960px\" \/><\/p>\n<p>&nbsp;<\/p>\n<h6>M\u00e1 zem\u011b, rodn\u00fd domove m\u016fj, sladk\u00e1 p\u00edsni venkovsk\u00fdch zvonic, vozov\u00fdch cest, st\u00edne lesn\u00ed, kapli\u010dky v pol\u00edch, v\u016fn\u011b lip a zp\u011bvy roj\u016f, kolik u\u017e p\u0159es v\u00e1s p\u0159ehnalo se krut\u00fdch boj\u016f? Kolikr\u00e1t v\u00edt\u011bzil jsi, kraji nad bou\u0159emi?<\/h6>\n<p>Chaloupky n\u00edzk\u00e9, ztichl\u00e9, k str\u00e1n\u00edm p\u0159ikr\u010den\u00e9, zvoni\u010dky nad st\u0159echami v\u011btrem poto\u010den\u00e9, rozcest\u00ed s k\u0159\u00ed\u017eem, bo\u017e\u00ed muka zasn\u011b\u017een\u00e1, s otep\u00ed chrast\u00ed ke vsi chv\u00e1t\u00e1 chud\u00e1 \u017eena, nak\u0159ehl\u00e9 pi\u016ftky mrazem, okna oj\u00edn\u011bn\u00e1, obrazy sv\u00e1t\u00fdch prost\u011b vyzdoben\u00e1 st\u011bna, prask\u00e1n\u00ed lou\u010d\u00ed, podve\u010dern\u00ed chv\u00edle tich\u00a3, kdy pokoj, m\u00edr jde sadem, v ztuhlou zemi d\u00fdch\u00e1 &#8211; to je m\u00e1 zem\u011b, domov m\u016fj a kol\u00e9bka m\u00e1, byt v\u0161emi zrazen\u00e1 a opu\u0161t\u011bn\u00e1 &#8211; sama.<\/p>\n<p>Vy d\u00e1lky slune\u010dn\u00e9, vy zlat\u00e9 cesty v pol\u00edch, vy \u010dist\u00e1 st\u00e1da roztrou\u0161en\u00e1 po \u00fadol\u00edch ber\u00e1nku n\u011b\u017en\u00fd v modru nebes zatoulan\u00fd, stud\u00e1nko v lesn\u00edm st\u00ednu skryt\u00e1 s plachou lan\u00ed, hu\u010den\u00ed splav\u016f, ran\u00edch zvon\u016f vyzv\u00e1n\u011bn\u00ed, kyti\u010dkou poln\u00ed, domove m\u016fj &#8211; vyzdoben\u00fd &#8211; tak T\u011b zn\u00e1m, zem\u011b, rukou bo\u017e\u00ed uhn\u011bten\u00e1, tolika slzami a krv\u00ed vykoupen\u00e1.<\/p>\n<p>M\u00e1 zem\u011b kr\u00e1sn\u00e1, domove m\u016fj, rodn\u00fd l\u00e1ne, sly\u0161\u00edm tu ka\u017edou kr\u016fp\u011bj potu, kter\u00e1 skane na tvou dla\u0148. P\u00edse\u0148 sk\u0159ivan\u016f a d\u011btsk\u00e9 hlasy, sly\u0161\u00edm tu \u0159e\u010d, je\u017e chlebem von\u00ed jako klasy v \u010dervnov\u00e9m dnu, kdy\u017e zl\u00e1tnou, zvolna, zvolna zraj\u00ed.<\/p>\n<p><em>\u010cesk\u00fd cep, bo\u017ee \u010desk\u00fd cep tu sly\u0161\u00edm v kraji,<\/em><br \/>\n<em>pak o do\u017e\u00ednk\u00e1ch muziky v\u00e1m \u017eenci hraj\u00ed &#8211;<\/em><br \/>\n<em>jak by m\u00e1 zem\u011b jenom krokem byla k r\u00e1ji<\/em><br \/>\n<em>a sly\u0161\u00edm dudy, pod lipami chasa v\u00fdsk\u00e1<\/em><br \/>\n<em>n\u00e1m ze srdce v\u0161ech hudba, \u010desk\u00e1 p\u00edse\u0148 trysk\u00e1.<\/em><\/p>\n<p>Jak by se nad otcovsk\u00fdm stolem rozsv\u00edtilo, jak by se listem v bibli svat\u00e9 obr\u00e1tilo, tak lehce nasazen\u00fd t\u00f3n zn\u00ed v nov\u00e9m r\u00e1nu.<\/p>\n<p>J\u00e1 zem\u011b, sly\u0161 mne, ty m\u016fj, bo\u017e\u00edm ohn\u011bm vzplanu, rozseji sv\u011btlo na tv\u00fdch pol\u00edch. Na tv\u00e9m sadu krev r\u016f\u017e\u00ed probud\u00edm a z py\u0161n\u00fdch star\u00fdch hrad\u016f z\u00e1\u0159 posv\u011bcen\u00fdch korouhv\u00ed ti znovu pod\u00e1m. Od horstev zamlkl\u00fdch a\u017e kamsi k ztichl\u00fdm vod\u00e1m ko\u0159eny \u00fa\u017easn\u00fdmi rozechv\u011bju zvony.<\/p>\n<p>\u0160est kilometr\u016f jihov\u00fdchodn\u011b od Su\u0161ice le\u017e\u00ed v nadmo\u0159sk\u00e9 v\u00fd\u0161ce p\u0159es 700 metr\u016f mal\u00e1 a nen\u00e1padn\u00e1 vesni\u010dka Albrechtice. P\u016fvab t\u00e9to krajiny poznali v d\u00e1vn\u00e9 minulosti i b\u00e1jn\u00ed Keltov\u00e9, kte\u0159\u00ed si zde vybudovali opevn\u011bn\u00e9 hradi\u0161t\u011b. Historie Albrechtic, n\u011bkdy byl u\u017e\u00edv\u00e1n n\u00e1zev Albrechtec \u010di n\u011bmeck\u00e1 podoba Albrechtsried, sah\u00e1 a\u017e do obdob\u00ed prav\u011bku. Tato lokalita v minulosti sehr\u00e1la v\u00fdznamnou \u00falohu p\u0159i os\u00eddlov\u00e1n\u00ed a rozvoji t\u00e9to \u010d\u00e1sti \u0160umavy. Od Albrechtic se prudce zved\u00e1 vrch Sedlo, kter\u00fd v nejvy\u0161\u0161\u00edm bod\u011b dosahuje nadmo\u0159sk\u00e9 v\u00fd\u0161ky 902 metr\u016f. Pr\u00e1v\u011b zde si pro svoji ochranu Keltov\u00e9 n\u011bkdy v obdob\u00ed po roce 600 p\u0159. n. l. vybudovali opevn\u011bn\u00e9 hradi\u0161t\u011b-oppidum, jeho\u017e poz\u016fstatky jsou dob\u0159e patrn\u00e9 i v dne\u0161n\u00ed dob\u011b.<\/p>\n<p>Pro\u010d se rozhodli pro toto m\u00edsto, je do dne\u0161n\u00edho dne zahaleno tajemstv\u00edm. Je velice pravd\u011bpodobn\u00e9, \u017ee p\u0159i volb\u011b m\u011bli rozhoduj\u00edc\u00ed slovo druidov\u00e9, kte\u0159\u00ed v keltsk\u00e9 spole\u010dnosti zauj\u00edmali v\u00fdznamn\u00e9 postaven\u00ed. Jejich znalosti, zku\u0161enosti a dovednosti, z nich\u017e pramenila i velk\u00e1 moc, musely b\u00fdt na svoji dobu fascinuj\u00edc\u00ed. Zaj\u00edmali se o astronomii, geografii, p\u0159\u00edrodu, o moc a s\u00edlu nesmrteln\u00fdch boh\u016f, o podstatu v\u011bc\u00ed. Vyznali se tak\u00e9 v l\u00e9\u010div\u00fdch bylin\u00e1ch, prov\u00e1d\u011bli nejr\u016fzn\u011bj\u0161\u00ed ob\u0159ady v\u010detn\u011b lidsk\u00fdch ob\u011bt\u00ed. Podle n\u011bkter\u00fdch pov\u011bst\u00ed \u017eily na \u0160umav\u011b zvl\u00e1\u0161tn\u00ed bytosti, kter\u00e9 sv\u00fdm vzr\u016fstem v\u00fdznamn\u011b p\u0159evy\u0161ovaly tehdej\u0161\u00ed lidi. Ob\u0159i m\u011bli pob\u00fdvat na r\u016fzn\u00fdch m\u00edstech, nap\u0159. Ob\u0159\u00edm hradu, kter\u00fd se nach\u00e1z\u00ed n\u011bkolik kilometr\u016f od Ka\u0161persk\u00fdch Hor.<\/p>\n<p>\u201e\u0160umavsk\u00e9 legendy hovo\u0159\u00ed o obrech, kte\u0159\u00ed ob\u00fdvali Ob\u0159\u00ed hrad a tak\u00e9 Sedlo. Mysl\u00edm, \u017ee maj\u00ed pravdu, proto\u017ee bioenergie, kter\u00e1 tu po nich p\u0159etrvala snad z mlad\u0161\u00ed doby kamenn\u00e9, lze naj\u00edt jak na Sedle, tak u albrechtick\u00e9ho kostela,&#8221; uv\u00e1d\u00ed psychotronik Pavel Koz\u00e1k v knize Tajemn\u00e1 m\u00edsta od Blan\u00edku k Su\u0161ici.<\/p>\n<p>Pokud p\u0159ipust\u00edme, \u017ee tyto legendy mohou m\u00edt i sv\u016fj re\u00e1ln\u00fd z\u00e1klad, a uvoln\u00edme uzdu na\u0161\u00ed fantazie, mohli Keltov\u00e9 obry na Sedle vyst\u0159\u00eddat a jejich s\u00eddlo si pouze upravili a p\u0159izp\u016fsobili sv\u00fdm pot\u0159eb\u00e1m. Je mo\u017en\u00e9, \u017ee i v m\u00edst\u011b albrechtick\u00e9ho kostela Panny Marie a sv. Petra a Pavla, kter\u00fd byl vysv\u011bcen ji\u017e ve 12. stolet\u00ed salcbursk\u00fdm arcibiskupem a byl tak jednou z prvn\u00edch sakr\u00e1ln\u00edch staveb zdej\u0161\u00edho kraje, st\u00e1vala p\u016fvodn\u011b svatyn\u011b a c\u00edrkev tedy jen nav\u00e1zala na v\u00fdznamnost tohoto m\u00edsta.<\/p>\n<p>O v\u00fdjime\u010dnosti Albrechtic sv\u011bd\u010d\u00ed i fakt, \u017ee o jejich osudu rozhodoval s\u00e1m \u010desk\u00fd kr\u00e1l Vladislav II., kter\u00fd ves \u00fadajn\u011b ve 12. stolet\u00ed zalo\u017eil a posl\u00e9ze ji daroval premonstr\u00e1tsk\u00e9mu kl\u00e1\u0161teru ve Windbergu. Albrechtice \u201ele\u017e\u00ed v m\u00edstech n\u011bkdej\u0161\u00ed Hartmanick\u00e9 \u010dili B\u0159eznick\u00e9 zemsk\u00e9 stezky, kter\u00e1 spojovala \u010cechy s bavorsk\u00fdm Podunaj\u00edm\u201c. Nelze pochybovat o tom, \u017ee Albrechtice ji\u017e v d\u00e1vn\u00e9 minulosti n\u011b\u010d\u00edm p\u0159itahovaly lidi. Dnes je to bezesporu kr\u00e1sn\u00e1 \u0161umavsk\u00e1 p\u0159\u00edroda, klid, n\u00e1dhern\u00fd v\u00fdhled do vnitrozem\u00ed, a pokud vy\u0161plh\u00e1te a\u017e na vrchol Sedla, uchv\u00e1t\u00ed v\u00e1s pohled na vrcholy \u0160umavy, kter\u00fd poskytuje zdej\u0161\u00ed rozhledna.<\/p>\n<p>Propag\u00e1tor \u0160umavy, st\u0159edo\u0161kolsk\u00fd profesor a \u0161koln\u00ed inspektor Viktorin Zeithammer, zvan\u00fd \u201eUrsus \u0161umavsk\u00fd\u201c k tomu ve sv\u00fdch Turistick\u00fdch t\u00e1\u010dk\u00e1ch pozamen\u00e1v\u00e1: \u201e N\u011bmci v Albrechtci chod\u00ed si hledat \u017eeny vesm\u011bs do d\u011bdin \u010desk\u00fdch, kter\u00e1\u017eto z\u00e1liba jest pro \u010desk\u00e9 \u017eeny pohorsk\u00e9 zajist\u00e9 lichotivou. Maj\u00ed k tomu zajist\u00e9 dobr\u00e9 d\u016fvody. Patrn\u011b v\u011bd\u00ed, \u017ee \u010desk\u00e1 \u017eena jim bude hospodyn\u00ed pe\u010dlivou a d\u011btem jejich dobrou matkou. Rozhodne tu ov\u0161em asi tak\u00e9 d\u00e1vn\u00e1 zvyklost. Horsk\u00fd N\u011bmec jest konzervativn\u00ed, jako lid venkovsk\u00fd b\u00fdv\u00e1 v\u016fbec, a bera si za \u017eenu \u010ce\u0161ku, \u010din\u00ed to jen proto, \u017ee to u\u010dinili t\u00e1ta, d\u011bd, prad\u011bd. A ti \u017eenili se v dob\u00e1ch, kdy nebylo \u0161tvanic a kdy N\u011bmec \u0161umavsk\u00fd pokl\u00e1dal za v\u011bc u\u017eite\u010dnou, nau\u010d\u00ed-li se \u010desky, a \u010cech v hor\u00e1ch i podh\u016f\u0159\u00ed u\u010dil se n\u011bm\u010din\u011b, aby dob\u0159e se dohovo\u0159il s N\u011bmcem, s n\u00edm\u017e \u010dil\u00e9 p\u011bstoval styky obchodn\u00ed\u2026 Zvyk \u0161umavsk\u00fd, br\u00e1ti si \u010ce\u0161ky za \u017eeny doned\u00e1vna udr\u017eoval se i jinde na rozhran\u00ed n\u00e1rodostn\u00edm i hloub\u011bji v \u00fazem\u00ed n\u011bmeck\u00e9m\u2026\u201c.<\/p>\n<p><strong>A je\u0161t\u011b pov\u011bst:<\/strong> <em>Jednou zdej\u0161\u00ed hrobn\u00edk kopal nov\u00fd hrob na star\u00e9m m\u00edst\u011b. Dokopal se d\u00e1vno poh\u0159ben\u00e9ho a u\u017easl. Mrtv\u00fd byl skoro jako \u017eiv\u00fd. Vypr\u00e1v\u011bl o tom ve\u010der v hospod\u011b a jeden mlad\u00edk se vsadil, \u017ee p\u0159inese mrtv\u00e9ho do \u0161enku. Kdy\u017e ho v\u0161ak cht\u011bl ml\u00e1denec odn\u00e9st zp\u011bt na h\u0159bitov, nemohl mrtvolu zvihnout ze zem\u011b, ani nikdo z p\u0159\u00edtomn\u00fdch. I b\u011b\u017eeli za kosteln\u00edkem pro radu, a ten je odk\u00e1zal na jednu moudrou sta\u0159enku. Tu vzbudili a kdy\u017e se nad ostatky sklonila, poznala podle jizvy na jedn\u00e9 noze, \u017ee to byl kdysi jej\u00ed snoubenec: ,,Ano, to je on. Av\u0161ak nakonec si vzal jinou a j\u00e1 mu dodnes neodpustila!&#8221; V\u0161ichni se ulekli a \u017eenu zap\u0159\u00edsahali, aby sv\u00e9 d\u00e1vn\u00e9 l\u00e1sce odpustila. Ta se nejprve zdr\u00e1hala, ale nakonec vyhnala v\u0161echny ze s\u00e1lu a ti\u0161e klekla vedle mrtv\u00e9ho. Vzala jeho kostlivou ruku do sv\u00e9 a za\u0161eptala: ,,Odpou\u0161t\u00edm ti a p\u0159eji v\u011b\u010dn\u00fd pokoj.&#8221; Po t\u00e9 se cel\u00e9 t\u011blo pomalu rozpadlo na prach.<\/em><\/p>\n<p>&nbsp;<\/p>\n<p><strong>Zdroj:<\/strong> Jan Ka\u0161e, Jaroslava Vor\u00e1\u010dkov\u00e1 &#8211; Stra\u0161idla pod Ka\u0161perkem 2000, M\u00e1 zem\u011b &#8211; Jan Jd\u0161a, u\u010ditel, \u00faryvek ver\u0161\u016f z podzimu roku 1938<\/p>\n<p><strong>P\u0159ipravuje: Miroslav K\u016eS ANDRES<\/strong><\/p>\n<p><strong>Foto: archiv autora<\/strong><\/p>\n<hr \/>\n<p>&nbsp;<\/p>\n","protected":false},"excerpt":{"rendered":"<p>&nbsp; M\u00e1 <\/p>\n","protected":false},"author":2,"featured_media":357584,"comment_status":"open","ping_status":"open","sticky":false,"template":"","format":"gallery","meta":{"footnotes":""},"categories":[111],"tags":[],"jetpack_featured_media_url":"https:\/\/zakrasnejsivimperk.cz\/wp-content\/uploads\/2025\/09\/25\/ram-albrechtice.jpg","_links":{"self":[{"href":"https:\/\/zakrasnejsivimperk.cz\/index.php?rest_route=\/wp\/v2\/posts\/203093"}],"collection":[{"href":"https:\/\/zakrasnejsivimperk.cz\/index.php?rest_route=\/wp\/v2\/posts"}],"about":[{"href":"https:\/\/zakrasnejsivimperk.cz\/index.php?rest_route=\/wp\/v2\/types\/post"}],"author":[{"embeddable":true,"href":"https:\/\/zakrasnejsivimperk.cz\/index.php?rest_route=\/wp\/v2\/users\/2"}],"replies":[{"embeddable":true,"href":"https:\/\/zakrasnejsivimperk.cz\/index.php?rest_route=%2Fwp%2Fv2%2Fcomments&post=203093"}],"version-history":[{"count":2,"href":"https:\/\/zakrasnejsivimperk.cz\/index.php?rest_route=\/wp\/v2\/posts\/203093\/revisions"}],"predecessor-version":[{"id":357585,"href":"https:\/\/zakrasnejsivimperk.cz\/index.php?rest_route=\/wp\/v2\/posts\/203093\/revisions\/357585"}],"wp:featuredmedia":[{"embeddable":true,"href":"https:\/\/zakrasnejsivimperk.cz\/index.php?rest_route=\/wp\/v2\/media\/357584"}],"wp:attachment":[{"href":"https:\/\/zakrasnejsivimperk.cz\/index.php?rest_route=%2Fwp%2Fv2%2Fmedia&parent=203093"}],"wp:term":[{"taxonomy":"category","embeddable":true,"href":"https:\/\/zakrasnejsivimperk.cz\/index.php?rest_route=%2Fwp%2Fv2%2Fcategories&post=203093"},{"taxonomy":"post_tag","embeddable":true,"href":"https:\/\/zakrasnejsivimperk.cz\/index.php?rest_route=%2Fwp%2Fv2%2Ftags&post=203093"}],"curies":[{"name":"wp","href":"https:\/\/api.w.org\/{rel}","templated":true}]}}