{"id":201184,"date":"2025-08-26T18:21:39","date_gmt":"2025-08-26T17:21:39","guid":{"rendered":"http:\/\/zakrasnejsivimperk.cz\/?p=201184"},"modified":"2025-08-26T18:21:39","modified_gmt":"2025-08-26T17:21:39","slug":"stara-sumava-a-posumavi-osada-rok-u-susice","status":"publish","type":"post","link":"https:\/\/zakrasnejsivimperk.cz\/?p=201184","title":{"rendered":"STAR\u00c1 \u0160UMAVA A PO\u0160UMAV\u00cd: Osada Rok u Su\u0161ice"},"content":{"rendered":"<p><img loading=\"lazy\" decoding=\"async\" class=\"aligncenter wp-image-201185 size-full\" src=\"http:\/\/zakrasnejsivimperk.cz\/wp-content\/uploads\/2020\/08\/25\/OSADA-ROK-U-SU\u0160ICE-KDE-KON\u010c\u00cd-CESTA.jpg\" alt=\"\" width=\"960\" height=\"534\" srcset=\"https:\/\/zakrasnejsivimperk.cz\/wp-content\/uploads\/2020\/08\/25\/OSADA-ROK-U-SU\u0160ICE-KDE-KON\u010c\u00cd-CESTA.jpg 960w, https:\/\/zakrasnejsivimperk.cz\/wp-content\/uploads\/2020\/08\/25\/OSADA-ROK-U-SU\u0160ICE-KDE-KON\u010c\u00cd-CESTA-300x167.jpg 300w, https:\/\/zakrasnejsivimperk.cz\/wp-content\/uploads\/2020\/08\/25\/OSADA-ROK-U-SU\u0160ICE-KDE-KON\u010c\u00cd-CESTA-768x427.jpg 768w, https:\/\/zakrasnejsivimperk.cz\/wp-content\/uploads\/2020\/08\/25\/OSADA-ROK-U-SU\u0160ICE-KDE-KON\u010c\u00cd-CESTA-642x357.jpg 642w, https:\/\/zakrasnejsivimperk.cz\/wp-content\/uploads\/2020\/08\/25\/OSADA-ROK-U-SU\u0160ICE-KDE-KON\u010c\u00cd-CESTA-868x483.jpg 868w\" sizes=\"(max-width: 960px) 100vw, 960px\" \/><\/p>\n<p>&nbsp;<\/p>\n<h6>Vesni\u010dka se zaj\u00edmav\u00fdm jm\u00e9nem Rok le\u017e\u00ed t\u011bsn\u011b u Su\u0161ice a p\u0159esto je ukryt\u00e1 p\u0159ed zraky lid\u00ed za Rock\u00fdm vrchem. Od silnice ze Su\u0161ice do Albrechtic vede do Roku silni\u010dka, ale tak\u00e9 ve vsi kon\u010d\u00ed. Prost\u011b p\u0159ekvapiv\u00fd konec sv\u011bta.<\/h6>\n<p>Podobn\u011b jako vesni\u010dka je zapomenut\u00e1 i barokn\u00ed kaple Panny Marie Mariazellsk\u00e9 pod vs\u00ed. Najdete ji na severov\u00fdchodn\u00edm okraji vsi, na ji\u017en\u00edm v\u00fdb\u011b\u017eku vrchu Kalovy, p\u0159i cest\u011b do vsi Podmokly. Historie svatost\u00e1nk\u016f se na tomto m\u00edst\u011b za\u010dala ps\u00e1t drobnou kapli\u010dkou postavenou v polovin\u011b 18. stolet\u00ed, kter\u00e1 byla vysv\u011bcena su\u0161ick\u00fdm d\u011bkanem V\u00e1clavem Martinem Weissenregnerem 23. \u010dervence 1752 a zasv\u011bcena Pann\u011b Marii z Mariazellu. Odhadujeme, \u017ee viditeln\u00e9 zbytky z\u00e1klad\u016f mezi dne\u0161n\u00ed kapl\u00ed a op\u011brnou zd\u00ed by mohly n\u00e1le\u017eet p\u016fvodn\u00ed kapli \u010di jej\u00ed je\u0161t\u011b star\u0161\u00ed p\u0159edch\u016fdkyni.<\/p>\n<p>Su\u0161i\u010dt\u00ed m\u011b\u0161\u0165an\u00e9 po\u017e\u00e1dali v 70. letech 18. stolet\u00ed d\u011bkana Prokopa Harrera o roz\u0161\u00ed\u0159en\u00ed rock\u00e9 kaple. \u017d\u00e1dost je ch\u00e1p\u00e1na jako doklad vyu\u017e\u00edv\u00e1n\u00edm kaple lidmi ze \u0161ir\u0161\u00edho okol\u00ed ne\u017e jen z Roku samotn\u00e9ho. K roz\u0161\u00ed\u0159en\u00ed kaple nejsp\u00ed\u0161e do dne\u0161n\u00ed podoby skute\u010dn\u011b do\u0161lo a kaple byla op\u011btovn\u011b vysv\u011bcena zm\u00edn\u011bn\u00fdm d\u011bkanem 12. \u010dervna 1779. Vnit\u0159n\u00ed vybaven\u00ed kaple nebylo dod\u00e1no na kl\u00ed\u010d, jak byste mohli \u010dekat v sou\u010dasnosti, ale bylo po\u0159izov\u00e1no postupn\u011b. V roce 1781 nechal m\u011b\u0161\u0165an Mat\u011bj Mammerle vyrobit prvn\u00ed olt\u00e1\u0159, o rok pozd\u011bji byly do kaple dopln\u011bny dv\u011b zpov\u011bdnice. V roce 1786 se ve zvoni\u010dce rozezn\u011bl poprv\u00e9 zvonek. P\u0159es t\u011bch n\u011bkolik stalet\u00ed by v\u00e1m mohl p\u0159ipadat jako um\u00edr\u00e1\u010dek: mnoho reforem c\u00edsa\u0159e Josefa II. bylo nam\u00ed\u0159eno proti c\u00edrkvi a vedle mnoha kl\u00e1\u0161ter\u016f nechal ru\u0161it kostely i kaple.<\/p>\n<p>Kaple pod Rokem byla zru\u0161ena 5. srpna 1791 a jej\u00ed vybaven\u00ed bylo p\u0159evedeno na \u010desk\u00fd zemsk\u00fd n\u00e1bo\u017eensk\u00fd fond (tento fond p\u0159ekvapiv\u011b existuje p\u0159es n\u011bkolik p\u0159erod\u016f dodnes jako N\u00e1bo\u017eensk\u00e1 matice). P\u0159i \u010dten\u00ed zm\u00ednky o op\u011btovn\u00e9m otev\u0159en\u00ed kaple v roce 1854 na popud rock\u00e9ho sedl\u00e1ka Jana Schmiedla mus\u00ed \u010dlov\u011bka napadnout, \u017ee \u0161lo o zbo\u017en\u00e9ho a z\u00e1rove\u0148 pohodln\u00e9ho a praktick\u00e9ho \u010dlov\u011bka: pro\u010d ztr\u00e1cet \u010das dlouhou cestou do Su\u0161ice, z kopce a pak do kopce, kdy\u017e za chalupou stoj\u00ed star\u00e1 kaple. Od \u00fanora 1855 byl v kapli alespo\u0148 p\u0159enosn\u00fd olt\u00e1\u0159, do kter\u00e9ho byly ulo\u017eeny ostatky sv. Janu\u00e1ria, jihoitalsk\u00e9ho biskupa a mu\u010dedn\u00edka z p\u0159elomu 3. a 4. stolet\u00ed.<\/p>\n<p>Kaple od t\u00e9 doby nejsp\u00ed\u0161e fungovala bez z\u00e1sadn\u00edch vylep\u0161en\u00ed \u010di ohro\u017een\u00ed, neb o dal\u0161\u00edm stolet\u00ed jej\u00ed existence nejsou dostupn\u00e9 \u017e\u00e1dn\u00e9 zpr\u00e1vy. Vzpom\u00edn\u00e1na je a\u017e vnit\u0159n\u00ed v\u00fdmalba a oprava st\u0159echy proveden\u00e1 roku 1957 z popudu far\u00e1\u0159e Karla Flossmanna (mimochodem, tento far\u00e1\u0159 slou\u017eil v roce 1952 posledn\u00ed m\u0161i v kostele na kepelsk\u00e9m Zh\u016f\u0159\u00ed, aby o t\u00e9m\u011b\u0159 50 pozd\u011bji sv\u011btil kapli postavenou na m\u00edst\u011b zbo\u0159en\u00e9ho kostela). Po t\u011bchto oprav\u00e1ch byla kaple znovu vysv\u011bcena.<\/p>\n<p>A\u010d byla kaple opravena, nic skv\u011bl\u00e9ho ji vzhledem ke komunistick\u00e9mu re\u017eimu po mnoho des\u00edtek let ne\u010dekalo. Totalitn\u00ed re\u017eim nem\u011bl z\u00e1jem na udr\u017eov\u00e1n\u00ed v\u0161ech c\u00edrkevn\u00edch pam\u00e1tek. Opu\u0161t\u011bn\u00e9 kaple byly c\u00edlem zlod\u011bj\u016f a mari\u00e1nsk\u00e1 kaple pod Rokem nebyla v\u00fdjimkou: zmizel i olt\u00e1\u0159n\u00ed obraz Panny Marie Mariazellsk\u00e9. Kaple se do\u010dkala demokratick\u00e9ho re\u017eimu, ale pen\u00edze na opravu kaple nep\u0159ich\u00e1zely v dostate\u010dn\u00e9m mno\u017estv\u00ed. P\u0159esto byly provedeny nejnutn\u011bj\u0161\u00ed opravy kaple, le\u010d jak sami uvid\u00edte, kaple by pro z\u00e1\u0159ivou kr\u00e1su pot\u0159ebovala minim\u00e1ln\u011b rekonstrukci fas\u00e1dy a oken. V roce 2001 byl na hlavn\u00ed olt\u00e1\u0159 vr\u00e1cen obraz, ale s motivem Panny Marie Karmelsk\u00e9, ke kter\u00e9mu je od roku 2001 po\u0159\u00e1d\u00e1na v l\u00e9t\u011b ka\u017edoro\u010dn\u00ed pou\u0165 v\u011b\u0159\u00edc\u00edch.<\/p>\n<p>&nbsp;<\/p>\n<p><strong>Zdroj:<\/strong> Geocaching<\/p>\n<p><strong>P\u0159ipravuje: Miroslav K\u016eS ANDRES<\/strong><\/p>\n<p><strong>Foto: archiv autora<\/strong><\/p>\n<hr \/>\n<p>&nbsp;<\/p>\n","protected":false},"excerpt":{"rendered":"<p>&nbsp; Vesni\u010dka <\/p>\n","protected":false},"author":2,"featured_media":354923,"comment_status":"open","ping_status":"open","sticky":false,"template":"","format":"gallery","meta":{"footnotes":""},"categories":[111],"tags":[],"jetpack_featured_media_url":"https:\/\/zakrasnejsivimperk.cz\/wp-content\/uploads\/2025\/08\/26\/ram-osada.jpg","_links":{"self":[{"href":"https:\/\/zakrasnejsivimperk.cz\/index.php?rest_route=\/wp\/v2\/posts\/201184"}],"collection":[{"href":"https:\/\/zakrasnejsivimperk.cz\/index.php?rest_route=\/wp\/v2\/posts"}],"about":[{"href":"https:\/\/zakrasnejsivimperk.cz\/index.php?rest_route=\/wp\/v2\/types\/post"}],"author":[{"embeddable":true,"href":"https:\/\/zakrasnejsivimperk.cz\/index.php?rest_route=\/wp\/v2\/users\/2"}],"replies":[{"embeddable":true,"href":"https:\/\/zakrasnejsivimperk.cz\/index.php?rest_route=%2Fwp%2Fv2%2Fcomments&post=201184"}],"version-history":[{"count":3,"href":"https:\/\/zakrasnejsivimperk.cz\/index.php?rest_route=\/wp\/v2\/posts\/201184\/revisions"}],"predecessor-version":[{"id":354924,"href":"https:\/\/zakrasnejsivimperk.cz\/index.php?rest_route=\/wp\/v2\/posts\/201184\/revisions\/354924"}],"wp:featuredmedia":[{"embeddable":true,"href":"https:\/\/zakrasnejsivimperk.cz\/index.php?rest_route=\/wp\/v2\/media\/354923"}],"wp:attachment":[{"href":"https:\/\/zakrasnejsivimperk.cz\/index.php?rest_route=%2Fwp%2Fv2%2Fmedia&parent=201184"}],"wp:term":[{"taxonomy":"category","embeddable":true,"href":"https:\/\/zakrasnejsivimperk.cz\/index.php?rest_route=%2Fwp%2Fv2%2Fcategories&post=201184"},{"taxonomy":"post_tag","embeddable":true,"href":"https:\/\/zakrasnejsivimperk.cz\/index.php?rest_route=%2Fwp%2Fv2%2Ftags&post=201184"}],"curies":[{"name":"wp","href":"https:\/\/api.w.org\/{rel}","templated":true}]}}