{"id":199573,"date":"2025-07-31T19:58:41","date_gmt":"2025-07-31T18:58:41","guid":{"rendered":"http:\/\/zakrasnejsivimperk.cz\/?p=199573"},"modified":"2025-07-31T19:58:41","modified_gmt":"2025-07-31T18:58:41","slug":"stara-sumava-a-posumavi-zmizely-zamek-v-dlouhe-vsi-u-susice","status":"publish","type":"post","link":"https:\/\/zakrasnejsivimperk.cz\/?p=199573","title":{"rendered":"STAR\u00c1 \u0160UMAVA A PO\u0160UMAV\u00cd: Zmizel\u00fd z\u00e1mek v Dlouh\u00e9 Vsi u Su\u0161ice"},"content":{"rendered":"<p><img loading=\"lazy\" decoding=\"async\" class=\"aligncenter wp-image-199574 size-full\" src=\"http:\/\/zakrasnejsivimperk.cz\/wp-content\/uploads\/2020\/08\/06\/ZMIZEL\u00dd-Z\u00c1MEK-V-DLOUH\u00c9-VSI-U-SU\u0160ICE...jpg\" alt=\"\" width=\"2040\" height=\"1134\" srcset=\"https:\/\/zakrasnejsivimperk.cz\/wp-content\/uploads\/2020\/08\/06\/ZMIZEL\u00dd-Z\u00c1MEK-V-DLOUH\u00c9-VSI-U-SU\u0160ICE...jpg 2040w, https:\/\/zakrasnejsivimperk.cz\/wp-content\/uploads\/2020\/08\/06\/ZMIZEL\u00dd-Z\u00c1MEK-V-DLOUH\u00c9-VSI-U-SU\u0160ICE..-300x167.jpg 300w, https:\/\/zakrasnejsivimperk.cz\/wp-content\/uploads\/2020\/08\/06\/ZMIZEL\u00dd-Z\u00c1MEK-V-DLOUH\u00c9-VSI-U-SU\u0160ICE..-768x427.jpg 768w, https:\/\/zakrasnejsivimperk.cz\/wp-content\/uploads\/2020\/08\/06\/ZMIZEL\u00dd-Z\u00c1MEK-V-DLOUH\u00c9-VSI-U-SU\u0160ICE..-1024x569.jpg 1024w, https:\/\/zakrasnejsivimperk.cz\/wp-content\/uploads\/2020\/08\/06\/ZMIZEL\u00dd-Z\u00c1MEK-V-DLOUH\u00c9-VSI-U-SU\u0160ICE..-642x357.jpg 642w, https:\/\/zakrasnejsivimperk.cz\/wp-content\/uploads\/2020\/08\/06\/ZMIZEL\u00dd-Z\u00c1MEK-V-DLOUH\u00c9-VSI-U-SU\u0160ICE..-869x483.jpg 869w\" sizes=\"(max-width: 2040px) 100vw, 2040px\" \/><\/p>\n<p>&nbsp;<\/p>\n<h6>Os\u00eddlen\u00ed \u00fadol\u00ed v prostoru Dlouh\u00e9 Vsi je zmi\u0148ov\u00e1no ji\u017e v jeden\u00e1ct\u00e9m stolet\u00ed. Vznik obce samotn\u00e9 je datov\u00e1n rokem 1290. Prvn\u00edm zn\u00e1m\u00fdm majitelem Dlouh\u00e9 Vsi byl Blajislav, p\u00ed\u0161\u00edc\u00ed se po n\u00ed s predik\u00e1tem &#8220;de Longa villa&#8221;, tedy z &#8220;Dlouh\u00e9 Vsi&#8221;. Historicky je pova\u017eov\u00e1n za zakladatele rodu Dlouhovesk\u00fdch , kte\u0159\u00ed dr\u017eeli statek Dlouhou Ves a\u017e do z\u00e1v\u011bru 15. stolet\u00ed.<\/h6>\n<p>Od roku 1470 dr\u017eeli Dlouhou Ves \u010ce\u0161ti\u010dt\u00ed. P\u00edsemn\u00e9 prameny neinformuj\u00ed, jak dlouho setrvali v majetku statku. Kolem roku 1490 se dlouhovesk\u00fd statek stal kr\u00e1lovsk\u00fdm l\u00e9nem. Tato situace snad souvisela s \u00famrt\u00edm p\u0159edchoz\u00edho majitele, tak\u017ee statek pr\u00e1vem kr\u00e1lovsk\u00e9 od\u00famrt\u011b &#8220;spadl&#8221; na kr\u00e1le a v\u0161ichni pr\u00e1voplatn\u00ed z\u00e1jemci museli p\u0159ed soudem prok\u00e1zat opr\u00e1vn\u011bnost sv\u00fdch n\u00e1rok\u016f. To se v\u0161ak z\u0159ejm\u011b nestalo, tak\u017ee podle v\u00fdnosu soudu &#8220;v\u0161echno pr\u00e1vo na tvrz a ves \u0159e\u010denou Dlouh\u00e1 Ves s p\u0159\u00edslu\u0161enstv\u00edm p\u0159e\u0161lo na kr\u00e1le , nebo\u0165 n\u011bkter\u00e9 osoby to koupily a bez kr\u00e1lovsk\u00e9ho svolen\u00ed to nemohly&#8221;.<\/p>\n<p>Jedn\u00edm z on\u011bch &#8220;n\u011bkter\u00fdch osob&#8221; byl m\u011b\u0161\u0165an Prokop Tomek z \u010cejkov. Ten a jeho potomci dok\u00e1zali udr\u017eet Dlouhou Ves v majetku rodu do konce osmdes\u00e1t\u00fdch let 16. stolet\u00ed, kdy se rozhodli pro prodej. Do dr\u017een\u00ed dlouhovesk\u00e9ho zbo\u017e\u00ed tak vstoupil dal\u0161\u00ed zn\u00e1m\u00fd rod, rod ryt\u00ed\u0159\u016f \u010cejk\u016f z Olbramovic. \u010cejkov\u00e9 dr\u017eeli majetek do roku 1659, kdy jej siln\u011b zadlu\u017een\u00fd prodali. A\u017e do roku 1697, kdy byl statek postoupen Janu Ji\u0159\u00edmu Schumannovi, se zde vyst\u0159\u00eddalo n\u011bkolik majitel\u016f.<\/p>\n<p>Vl\u00e1da Schumann\u016f v Dlouh\u00e9 Vsi trvala t\u00e9m\u011b\u0159 90 let. Zaslou\u017eili se o dal\u0161\u00ed rozkv\u011bt statku i m\u00edstn\u00edho kostela Filipa a Jakuba, pro kter\u00fd roku 1710 zaplatili zhotoven\u00ed zvonu. Roku 1718 nechali vystav\u011bt novou s\u00fdpku a roku 1732 upravili starou tvrz v\u010detn\u011b kaple na pohodln\u011bj\u0161\u00ed pansk\u00e9 s\u00eddlo. Tyto akce sice p\u0159isp\u011bly k rozkv\u011btu dlouhovesk\u00e9ho statku, ale na druh\u00e9 stran\u011b se v\u00fdrazn\u011b projevily v jeho vysok\u00e9m zadlu\u017een\u00ed. Situace se vyvinula a\u017e tak nep\u0159\u00edzniv\u011b, \u017ee nal\u00e9haj\u00edc\u00ed v\u011b\u0159itel\u00e9 dos\u00e1hli vyhl\u00e1\u0161en\u00ed ve\u0159ejn\u00e9 dra\u017eby. 2. dubna roku 1785 byl statek prod\u00e1n svobodn\u00e9mu p\u00e1nu Michalu von Lazarimu. Ten u\u017e v roce 1787 uzav\u0159el smlouvu s Josefem Enisem a dlouhovesk\u00fd statek mu prodal. Josef Enis setrval v dr\u017een\u00ed Dlouh\u00e9 Vsi po dal\u0161\u00edch 13 let.<\/p>\n<p>Roku 1800 byl statek prod\u00e1n Josef ze Schwarzenbergu. T\u00edmto aktem v\u0161ak skon\u010dila faktick\u00e1 samostatnost dlouhovesk\u00e9ho statku, nebo\u0165 od t\u00e9to doby tvo\u0159il sou\u010d\u00e1st schwarzenbersk\u00e9ho pozemkov\u00e9ho vlastnictv\u00ed v jihoz\u00e1padn\u00edch \u010cech\u00e1ch. Schwarzenbergov\u00e9 udr\u017eeli Dlouhou Ves do roku 1930. Tehdy ztratili m\u00edstn\u00ed statek, , kter\u00fd byl z\u010d\u00e1sti rozd\u011blen mezi nov\u00e9 nabyvatele. U\u017eivatelem n\u011bkter\u00fdch vrchnostensk\u00fdch budov v\u010detn\u011b z\u00e1mku se stala obec Dlouh\u00e1 ves.<\/p>\n<p>Neudr\u017eovan\u00e1 budova z\u00e1mku vyho\u0159ela a n\u011bkdy kolem roku 1949 byly jej\u00ed zbytky str\u017eeny. V 60. letech jej n\u00e1sledovala barokn\u00ed stodola z roku 1718 a po\u010d\u00e1tkem 80. let byla zbo\u0159ena i barokn\u00ed kaple. Dlouhovesk\u00fd z\u00e1mek p\u0159ed sv\u00fdm zbo\u0159en\u00edm st\u00e1val v are\u00e1lu hospod\u00e1\u0159sk\u00e9ho dvora zem\u011bd\u011blsk\u00e9ho dru\u017estva \u0160umavsk\u00fd statek v \u010d\u00e1sti zvan\u00e9 Star\u00e1 Dlouh\u00e1 Ves. Are\u00e1l je voln\u011b p\u0159\u00edstupn\u00fd lipovou alej\u00ed od silnice nebo p\u0159\u00edmo z vesnice hlavn\u00edm vstupem do hospod\u00e1\u0159sk\u00e9ho dvora. Z\u00e1mek st\u00e1val severn\u011b od cesty, kter\u00e1 proch\u00e1z\u00ed nap\u0159\u00ed\u010d are\u00e1lem, dnes je za n\u011bj myln\u011b pokl\u00e1d\u00e1na obd\u00e9ln\u00e1 spr\u00e1vn\u00ed budova na z\u00e1padn\u00ed stran\u011b are\u00e1lu.<\/p>\n<p><strong>A pov\u011bst:<\/strong> <em>Za \u0161v\u00e9dsk\u00fdch v\u00e1lek nechali p\u00e1ni ze z\u00e1mku v Dlouh\u00e9 Vsi vykopat tajnou chodbu pod zem\u00ed. Pr\u00fd \u00fastila a\u017e n\u011bkde v lese u Otavy. Ub\u011bhlo mnoho \u010dasu a jednou v t\u011bch m\u00edstech lovila kn\u00ed\u017eata se sv\u00fdmi myslivci zv\u011b\u0159. P\u0159i tom se jim ztratil nejcenn\u011bj\u0161\u00ed z loveck\u00fdch ps\u016f. Marn\u011b jej zverbovan\u00ed sedl\u00e1ci hledali na v\u0161ech mo\u017en\u00fdch i nemo\u017en\u00fdch m\u00edstech. Za n\u011bkolik dn\u00ed se po z\u00e1mku rozneslo, \u017ee tam v noci stra\u0161\u00ed. Pr\u00fd po chodb\u00e1ch b\u011bh\u00e1 vlkodlak a stra\u0161liv\u011b vyje. State\u010dn\u011bj\u0161\u00edm to nedalo a za\u010dali hledat ve sklep\u00edch. A hle, na\u0161li star\u00e9 padac\u00ed dve\u0159e, a kdy\u017e je vyp\u00e1\u010dili, vy\u0161krabal se z podzem\u00ed onen ztracen\u00fd oha\u0159. Tak\u00e9 se vypr\u00e1v\u011blo, \u017ee jednou za z\u00e1mkem oral jeden sedl\u00e1k a propadl se i s pluhem a dv\u011bma volky do zem\u011b.<\/em><\/p>\n<p><strong>A je\u0161t\u011b jedna:<\/strong> <em>Mezi Dlouhou Vs\u00ed a Divi\u0161ov\u00fdm dvorem te\u010de Otava skrze D\u016fln\u00ed les. D\u0159\u00edve tam st\u00e1val bohat\u00fd dv\u016fr. Jeho p\u00e1ni byli ochmelkov\u00e9 a \u017erouti a v\u017edy kdy\u017e p\u0159ijeli na sv\u00e9 mal\u00e9 panstv\u00ed hodovali a\u017e do t\u011bch dluh\u016f. Kdy\u017e pak nem\u011bli \u010d\u00edm zaplatit, jeden z nich zavolal barona Schuhmannba z dlouhovesk\u00e9ho z\u00e1mku a prodali mu hned kus lesa mezi \u0160erlov\u00fdm ml\u00fdnem a Divi\u0161ov\u00fdm rybn\u00edkem. To je v\u0161ak nevyl\u00e9\u010dilo a h\u00fd\u0159ili d\u00e1l, a\u017e cel\u00fd majetek p\u0159i\u0161el vnive\u010d. Od t\u00e9 doby prodan\u00e9mu pozemku \u0159\u00edkaj\u00ed lid\u00e9 Pij\u00e1ck\u00fd les.<\/em><\/p>\n<p>&nbsp;<\/p>\n<p><strong>Zdroj:<\/strong> Franzi Flachovi vypr\u00e1v\u011bli hostinsk\u00fd Wolf a mlyn\u00e1\u0159 z Vranova 1894, Hans Kollibabe, Sagen und M\u00e4rchen aus dem Landkreis Bergreichstein, rukopis 1920-43, Muzeum \u0160umavy Ka\u0161persk\u00e9 Hory<\/p>\n<p><strong>P\u0159ipravuje: Miroslav K\u016eS ANDRES<\/strong><\/p>\n<p><strong>Foto: archiv autora<\/strong><\/p>\n<hr \/>\n<p>&nbsp;<\/p>\n","protected":false},"excerpt":{"rendered":"<p>&nbsp; Os\u00eddlen\u00ed <\/p>\n","protected":false},"author":2,"featured_media":352692,"comment_status":"open","ping_status":"open","sticky":false,"template":"","format":"gallery","meta":{"footnotes":""},"categories":[111],"tags":[],"jetpack_featured_media_url":"https:\/\/zakrasnejsivimperk.cz\/wp-content\/uploads\/2025\/07\/31\/ram-zmizely-zamek.jpg","_links":{"self":[{"href":"https:\/\/zakrasnejsivimperk.cz\/index.php?rest_route=\/wp\/v2\/posts\/199573"}],"collection":[{"href":"https:\/\/zakrasnejsivimperk.cz\/index.php?rest_route=\/wp\/v2\/posts"}],"about":[{"href":"https:\/\/zakrasnejsivimperk.cz\/index.php?rest_route=\/wp\/v2\/types\/post"}],"author":[{"embeddable":true,"href":"https:\/\/zakrasnejsivimperk.cz\/index.php?rest_route=\/wp\/v2\/users\/2"}],"replies":[{"embeddable":true,"href":"https:\/\/zakrasnejsivimperk.cz\/index.php?rest_route=%2Fwp%2Fv2%2Fcomments&post=199573"}],"version-history":[{"count":4,"href":"https:\/\/zakrasnejsivimperk.cz\/index.php?rest_route=\/wp\/v2\/posts\/199573\/revisions"}],"predecessor-version":[{"id":352691,"href":"https:\/\/zakrasnejsivimperk.cz\/index.php?rest_route=\/wp\/v2\/posts\/199573\/revisions\/352691"}],"wp:featuredmedia":[{"embeddable":true,"href":"https:\/\/zakrasnejsivimperk.cz\/index.php?rest_route=\/wp\/v2\/media\/352692"}],"wp:attachment":[{"href":"https:\/\/zakrasnejsivimperk.cz\/index.php?rest_route=%2Fwp%2Fv2%2Fmedia&parent=199573"}],"wp:term":[{"taxonomy":"category","embeddable":true,"href":"https:\/\/zakrasnejsivimperk.cz\/index.php?rest_route=%2Fwp%2Fv2%2Fcategories&post=199573"},{"taxonomy":"post_tag","embeddable":true,"href":"https:\/\/zakrasnejsivimperk.cz\/index.php?rest_route=%2Fwp%2Fv2%2Ftags&post=199573"}],"curies":[{"name":"wp","href":"https:\/\/api.w.org\/{rel}","templated":true}]}}