{"id":197815,"date":"2025-09-23T15:57:22","date_gmt":"2025-09-23T14:57:22","guid":{"rendered":"http:\/\/zakrasnejsivimperk.cz\/?p=197815"},"modified":"2025-09-23T15:58:06","modified_gmt":"2025-09-23T14:58:06","slug":"stara-sumava-a-posumavi-stara-hut-u-kremelne","status":"publish","type":"post","link":"https:\/\/zakrasnejsivimperk.cz\/?p=197815","title":{"rendered":"STAR\u00c1 \u0160UMAVA A PO\u0160UMAV\u00cd: Star\u00e1 Hu\u0165 u K\u0159emeln\u00e9"},"content":{"rendered":"<p><img loading=\"lazy\" decoding=\"async\" class=\"aligncenter wp-image-197816 size-full\" src=\"http:\/\/zakrasnejsivimperk.cz\/wp-content\/uploads\/2020\/07\/19\/STAR\u00c1-HU\u0164-Alth\u00fctten-U-K\u0158EMELN\u00c9-NA-\u0160UMAV\u011a...jpg\" alt=\"\" width=\"2040\" height=\"1134\" srcset=\"https:\/\/zakrasnejsivimperk.cz\/wp-content\/uploads\/2020\/07\/19\/STAR\u00c1-HU\u0164-Alth\u00fctten-U-K\u0158EMELN\u00c9-NA-\u0160UMAV\u011a...jpg 2040w, https:\/\/zakrasnejsivimperk.cz\/wp-content\/uploads\/2020\/07\/19\/STAR\u00c1-HU\u0164-Alth\u00fctten-U-K\u0158EMELN\u00c9-NA-\u0160UMAV\u011a..-300x167.jpg 300w, https:\/\/zakrasnejsivimperk.cz\/wp-content\/uploads\/2020\/07\/19\/STAR\u00c1-HU\u0164-Alth\u00fctten-U-K\u0158EMELN\u00c9-NA-\u0160UMAV\u011a..-768x427.jpg 768w, https:\/\/zakrasnejsivimperk.cz\/wp-content\/uploads\/2020\/07\/19\/STAR\u00c1-HU\u0164-Alth\u00fctten-U-K\u0158EMELN\u00c9-NA-\u0160UMAV\u011a..-1024x569.jpg 1024w, https:\/\/zakrasnejsivimperk.cz\/wp-content\/uploads\/2020\/07\/19\/STAR\u00c1-HU\u0164-Alth\u00fctten-U-K\u0158EMELN\u00c9-NA-\u0160UMAV\u011a..-642x357.jpg 642w, https:\/\/zakrasnejsivimperk.cz\/wp-content\/uploads\/2020\/07\/19\/STAR\u00c1-HU\u0164-Alth\u00fctten-U-K\u0158EMELN\u00c9-NA-\u0160UMAV\u011a..-869x483.jpg 869w\" sizes=\"(max-width: 2040px) 100vw, 2040px\" \/><\/p>\n<p>&nbsp;<\/p>\n<p><em>I on byl, stejn\u011b jako domy na Pa\u0161t\u00edch,<\/em><br \/>\n<em>v Ebenwies a ve Stod\u016flk\u00e1ch,<\/em><br \/>\n<em>srovn\u00e1n se zem\u00ed a jenom ta \u0161vestka u rybn\u00edka,<\/em><br \/>\n<em>p\u0159i n\u011bm\u017e st\u00e1val kdysi Lettl\u016fv statek,<\/em><br \/>\n<em>nese po v\u0161echna l\u00e9ta snad dodnes sv\u00e9 mal\u00e9 kysel\u00e9 plody.<\/em><br \/>\n<em>V\u0161ak se d\u011bti posledn\u00edho tamn\u00edho sedl\u00e1ka<\/em><br \/>\n<em>tam jednou vr\u00e1tily po zak\u00e1zan\u00fdch cest\u00e1ch<\/em><br \/>\n<em>a p\u0159inesly star\u00e9mu otci t\u0159i \u0161vestky odtud.<\/em><br \/>\n<em>Tenkr\u00e1t se ten jinak v\u011b\u010dn\u011b vesele nalad\u011bn\u00fd mu\u017e rozplakal,<\/em><br \/>\n<em>pr\u00fd poprv\u00e9 a tak\u00e9 naposled&#8230;<\/em><\/p>\n<h6>Dlouho setrv\u00e1m p\u0159i v\u00fdhledu z n\u00e1vr\u0161\u00ed, pono\u0159en do teskn\u00e9 kr\u00e1sy krajinn\u00e9 scenerie, prob\u00edraje se z\u00e1plavou o\u017eiven\u00e9 pam\u011bti. A st\u00e1le znovu se vrac\u00ed m\u016fj pohled ke dvorci, jako bych snad opravdu v\u011b\u0159il tomu, \u017ee se z\u00e1padem slunce za K\u0159emelnou roz\u017eehnou se sv\u011btla v kom\u016frk\u00e1ch za vybit\u00fdmi dnes okny, \u017ee zvonce krav ohl\u00e1s\u00ed jejich ve\u010dern\u00ed n\u00e1vrat z pastvy, \u017ee se na na\u0161em dvo\u0159e zase jako z\u00e1zrakem ozve Ringel\u016fv \u0161t\u011bkot. Je v\u0161ak ticho v\u0161ude kolem. Ticho hlub\u0161\u00ed a hlub\u0161\u00ed. Ani pta\u010d\u00ed hlas tu nesly\u0161et, ani v\u011bt\u00e9rek nepohne listy. Zavl\u00e1dla ve\u010dern\u00ed chv\u00edle. Jak \u010dasto ji mohl poc\u00edtit nejen za on\u011bch d\u00e1vn\u00fdch dn\u016f kdokoli, kdo usedl jako te\u010f j\u00e1 venku tady&#8230;<\/h6>\n<p>\u0160umavsk\u00e9 kopce znamenaj\u00ed v\u00fdzvu pro poutn\u00edky, l\u00e1kaj\u00ed v\u00e1s sv\u00fdmi panoramaty, vyz\u00fdvaj\u00ed ke zm\u011b\u0159en\u00ed sil v\u00fdstupem na vrcholky; a v listech map se rozv\u00edjej\u00ed pestr\u00e9 stu\u017eky zna\u010dek turistick\u00fdch cest a zvou v\u00e1s do d\u00e1lek. Jdete a jdete &#8230; nebo se pod v\u00e1mi ot\u00e1\u010dej\u00ed dv\u011b kola va\u0161eho bicyklu &#8230; a kolem se odv\u00edjej\u00ed n\u00e1dhern\u00e9 scen\u00e9rie, z\u00e1zraky byt\u00ed, kter\u00e9 dok\u00e1\u017ee nachystat jen Matka P\u0159\u00edroda. Nav\u0161tivte m\u00edsta p\u0159ipom\u00ednaj\u00edc\u00ed zlat\u00fd poklad v jej\u00edch hlubin\u00e1ch, obejm\u011bte stromy v\u011bkem p\u0159eklenuj\u00edc\u00ed stalet\u00ed, proch\u00e1zejte se rozlehl\u00fdmi lesy, objevujte usedlosti zmizel\u00e9 v propasti \u010dasu, zastavte se u nov\u011b obnoven\u00fdch kapl\u00ed, \u010di se posa\u010fte do tr\u00e1vy se sva\u010dinou a u\u017e\u00edvejte \u00fachvatn\u00fdch vyhl\u00eddek. P\u016fvabn\u011b osam\u011bl\u00e1 K\u0159emeln\u00e1 na v\u00e1s \u010dek\u00e1, abyste ji mohli d\u016fv\u011brn\u011b poznat, dok\u00e1\u017eete-li respektovat jej\u00ed p\u0159\u00edrodu a klid.<\/p>\n<p>Psal se rok 1617 a na \u010desk\u00e9m tr\u016fnu sed\u011bl c\u00edsa\u0159 Maty\u00e1\u0161, kdy\u017e je poprv\u00e9 zaznamen\u00e1na skl\u00e1rna nedaleko Babylonu provozovan\u00e1 skl\u00e1\u0159em Zoglauerem. Kdy\u017e byla hu\u0165 vyha\u0161ena, pan Zoglauer rozd\u011blil lesy pat\u0159\u00edc\u00ed ke skl\u00e1rn\u011b na d\u00edly. Vznikly tak usedlosti Wunderbach a Ebenwies, zat\u00edmco osad\u011b na m\u00edst\u011b zanikl\u00e9 skl\u00e1rny se za\u010dalo \u0159\u00edkat Star\u00e9 Hut\u011b. Domky Star\u00fdch Hut\u00ed byste p\u0159ed jejich z\u00e1nikem na\u0161li rozpt\u00fdlen\u00e9 na v\u00fdchodn\u00edm v\u00fdb\u011b\u017eku hory K\u0159emeln\u00e9, nad prav\u00fdm b\u0159ehem P\u011bkn\u00e9ho potoka. \u0160lo o \u010dty\u0159i usedlosti a ml\u00fdn Jaglm\u00fchle. Pozvoln\u00fd svah orientovan\u00fd k severov\u00fdchodu pokr\u00fdvala mozaika luk a pastvin \u010dlen\u011bn\u00e1 kamenn\u00fdmi snosy.<\/p>\n<p>Statek a okoln\u00ed domy pat\u0159ily rodu Hasenkopf\u016f, \u0159e\u010den\u00e9ho &#8220;hu\u0165sk\u00fd Andres&#8221;. Posledn\u00ed majitelkou byla do roku 1945 Rosa Hasenkopfov\u00e1, av\u0161ak s v\u00fdjimkou podru\u017en\u00edho domku \u010dp. 32: ten si d\u0159\u00edve od Hasenkopf\u016f koupil listono\u0161 Wenzel Scheinost. Na m\u00edstech dom\u016f najdete zbytky z\u00e1klad\u016f, neforemn\u00e9 haldy ruin a r\u016fzn\u00e9 artefakty jako d\u011brav\u00fd lavor, \u010d\u00e1st kamnovce, st\u0159epy, kousky \u0161ic\u00edho stroje, praskl\u00e9 kamenn\u00e9 koryto atd. Ur\u010dit\u00fdm symbolem b\u00fdval\u00e9 lidsk\u00e9 p\u0159\u00edtomnosti se stala star\u00e1 \u0161vestka rostouc\u00ed na travnat\u00e9m prostranstv\u00ed p\u0159ed domem listono\u0161e Scheinosta, sami pamatujeme jej\u00ed unavenou korunu sev\u0159enou v mal\u00e9m lesn\u00edm prostoru.<\/p>\n<p>Statek Wienerl\u016f se podle v\u0161eho nach\u00e1zel v m\u00edstech p\u016fvodn\u00ed skl\u00e1\u0159sk\u00e9 huti, nebo\u0165 p\u0159i orb\u011b se objevovaly \u010dern\u011bj\u0161\u00ed vrstvy poch\u00e1zej\u00edc\u00ed snad od vyp\u00e1len\u00e9ho lesa. M\u00edstn\u00ed d\u011bti tak\u00e9 v p\u016fd\u011b nach\u00e1zely a sb\u00edraly mno\u017estv\u00ed barevn\u00fdch sklen\u011bn\u00fdch st\u0159\u00edpk\u016f a p\u00e1te\u0159\u00edk\u016f, podobn\u00fdm nalezi\u0161t\u011bm byla i p\u0159\u00edstupov\u00e1 cesta. Kdy\u017e posledn\u00ed majitel\u00e9 Karl a Anna Wienerlovi opou\u0161t\u011bly sv\u016fj d\u016fm, st\u00e1l je\u0161t\u011b uprost\u0159ed dlouh\u00e9 louky navazuj\u00edc\u00ed na pastviny Pa\u0161t\u011bck\u00e9 paseky.<\/p>\n<p>Dnes je v\u0161e zarostl\u00e9 lesem a p\u0159ed n\u011bkolika roky se ruiny ocitly uvnit\u0159 p\u0159ezimovac\u00ed obory pro jelen\u00ed zv\u011b\u0159. Necel\u00fdch 300 metr\u016f na severoz\u00e1pad st\u00e1val posledn\u00ed statek zvan\u00fd Maurerbauer. Tvo\u0159il jej samotn\u00fd d\u016fm \u010dp. 35 a kdysi stodola na stavebn\u00ed parcele \u010d. 130, kter\u00e1 byla ale zbour\u00e1na v roce 1903. Statek st\u0159\u00eddal majitele, posledn\u00edmi p\u0159ed odsunem byli Franz a Franziska Schmidovi. Dnes po statku zbyla jen mal\u00e1 plocha bez strom\u016f a reziv\u011bj\u00edc\u00ed zbytky stroj\u016f.<\/p>\n<p><strong>A je\u0161t\u011b pov\u011bst:<\/strong> <em>Proklet\u00ed Star\u00e9 Huti. Na samot\u011b pod K\u0159emelnou se zjevovala po noc\u00edch m\u016fra. Zdej\u0161\u00ed obyvatel m\u011bl pro strach ud\u011bl\u00e1no. Jednou zjistil, \u017ee se r\u00e1no bud\u00ed cel\u00fd rozl\u00e1man\u00fd a zesl\u00e1bl\u00fd. Hned v\u011bd\u011bl, \u017ee jej nav\u0161t\u011bvuje m\u016fra. Rozhodl se, \u017ee si na n\u00ed po\u010d\u00edh\u00e1. O p\u016flnoci se do sv\u011btnice prot\u00e1hla vysok\u00e1 b\u00edl\u00e1 postava a hltav\u011b vylizovala zbytky j\u00eddla na stole. Mu\u017e ji chv\u00edli pozoroval a pak vyt\u00e1hl pu\u0161ku a vyst\u0159elil na zjeven\u00ed. Kulka m\u016frou prolet\u011bla jakoby nic. Zjeven\u00ed se vzty\u010dilo a mu\u017ee proklelo: ,Za svou opov\u00e1\u017elivost bude\u0161 t\u011b\u017ece pykat!\u201c Jej\u00ed hrozba se brzy naplnila. Star\u00e1 Hu\u0165 do z\u00e1klad\u016f vyho\u0159ela a jej\u00ed majitel jako \u017eebr\u00e1k zmizel ve sv\u011bt\u011b.<\/em><\/p>\n<p>&nbsp;<\/p>\n<p><strong>Zdroj: <\/strong>&#8220;Abschied von \u0160umava&#8221; (Rozlou\u010den\u00ed se \u0160umavou) Walter Zettl, Anton\u00edn Rausch, Pov\u011bsti ze star\u00e9 \u0160umavy 1974, str. 237-8<\/p>\n<p><strong>P\u0159ipravuje: Miroslav K\u016eS ANDRES<\/strong><\/p>\n<p><strong>Foto: archiv autora<\/strong><\/p>\n<hr \/>\n<p>&nbsp;<\/p>\n","protected":false},"excerpt":{"rendered":"<p>&nbsp; I <\/p>\n","protected":false},"author":2,"featured_media":357334,"comment_status":"open","ping_status":"open","sticky":false,"template":"","format":"gallery","meta":{"footnotes":""},"categories":[111],"tags":[],"jetpack_featured_media_url":"https:\/\/zakrasnejsivimperk.cz\/wp-content\/uploads\/2025\/09\/23\/ram-stara-hut.jpg","_links":{"self":[{"href":"https:\/\/zakrasnejsivimperk.cz\/index.php?rest_route=\/wp\/v2\/posts\/197815"}],"collection":[{"href":"https:\/\/zakrasnejsivimperk.cz\/index.php?rest_route=\/wp\/v2\/posts"}],"about":[{"href":"https:\/\/zakrasnejsivimperk.cz\/index.php?rest_route=\/wp\/v2\/types\/post"}],"author":[{"embeddable":true,"href":"https:\/\/zakrasnejsivimperk.cz\/index.php?rest_route=\/wp\/v2\/users\/2"}],"replies":[{"embeddable":true,"href":"https:\/\/zakrasnejsivimperk.cz\/index.php?rest_route=%2Fwp%2Fv2%2Fcomments&post=197815"}],"version-history":[{"count":4,"href":"https:\/\/zakrasnejsivimperk.cz\/index.php?rest_route=\/wp\/v2\/posts\/197815\/revisions"}],"predecessor-version":[{"id":357336,"href":"https:\/\/zakrasnejsivimperk.cz\/index.php?rest_route=\/wp\/v2\/posts\/197815\/revisions\/357336"}],"wp:featuredmedia":[{"embeddable":true,"href":"https:\/\/zakrasnejsivimperk.cz\/index.php?rest_route=\/wp\/v2\/media\/357334"}],"wp:attachment":[{"href":"https:\/\/zakrasnejsivimperk.cz\/index.php?rest_route=%2Fwp%2Fv2%2Fmedia&parent=197815"}],"wp:term":[{"taxonomy":"category","embeddable":true,"href":"https:\/\/zakrasnejsivimperk.cz\/index.php?rest_route=%2Fwp%2Fv2%2Fcategories&post=197815"},{"taxonomy":"post_tag","embeddable":true,"href":"https:\/\/zakrasnejsivimperk.cz\/index.php?rest_route=%2Fwp%2Fv2%2Ftags&post=197815"}],"curies":[{"name":"wp","href":"https:\/\/api.w.org\/{rel}","templated":true}]}}