{"id":196979,"date":"2025-09-12T17:16:07","date_gmt":"2025-09-12T16:16:07","guid":{"rendered":"http:\/\/zakrasnejsivimperk.cz\/?p=196979"},"modified":"2025-09-12T17:16:07","modified_gmt":"2025-09-12T16:16:07","slug":"stara-sumava-a-posumavi-bohumil-hrabal-u-patera-ferdy-v-susici","status":"publish","type":"post","link":"https:\/\/zakrasnejsivimperk.cz\/?p=196979","title":{"rendered":"STAR\u00c1 \u0160UMAVA A PO\u0160UMAV\u00cd: Bohumil Hrabal u p\u00e1tera Ferdy v Su\u0161ici"},"content":{"rendered":"<p><img loading=\"lazy\" decoding=\"async\" class=\"aligncenter wp-image-196980 size-full\" src=\"http:\/\/zakrasnejsivimperk.cz\/wp-content\/uploads\/2020\/07\/11\/BOHUMIL-HRABAL-U-P\u00c1TERA-FERDY-V-SU\u0160ICI....jpg\" alt=\"\" width=\"2040\" height=\"1134\" srcset=\"https:\/\/zakrasnejsivimperk.cz\/wp-content\/uploads\/2020\/07\/11\/BOHUMIL-HRABAL-U-P\u00c1TERA-FERDY-V-SU\u0160ICI....jpg 2040w, https:\/\/zakrasnejsivimperk.cz\/wp-content\/uploads\/2020\/07\/11\/BOHUMIL-HRABAL-U-P\u00c1TERA-FERDY-V-SU\u0160ICI...-300x167.jpg 300w, https:\/\/zakrasnejsivimperk.cz\/wp-content\/uploads\/2020\/07\/11\/BOHUMIL-HRABAL-U-P\u00c1TERA-FERDY-V-SU\u0160ICI...-768x427.jpg 768w, https:\/\/zakrasnejsivimperk.cz\/wp-content\/uploads\/2020\/07\/11\/BOHUMIL-HRABAL-U-P\u00c1TERA-FERDY-V-SU\u0160ICI...-1024x569.jpg 1024w, https:\/\/zakrasnejsivimperk.cz\/wp-content\/uploads\/2020\/07\/11\/BOHUMIL-HRABAL-U-P\u00c1TERA-FERDY-V-SU\u0160ICI...-642x357.jpg 642w, https:\/\/zakrasnejsivimperk.cz\/wp-content\/uploads\/2020\/07\/11\/BOHUMIL-HRABAL-U-P\u00c1TERA-FERDY-V-SU\u0160ICI...-869x483.jpg 869w\" sizes=\"(max-width: 2040px) 100vw, 2040px\" \/><\/p>\n<p>&nbsp;<\/p>\n<h6>Charisma Bohumila Hrabala je jedine\u010dn\u00e9, v jeho d\u00edle se cel\u00e9 lidsk\u00e9 nebe oz\u00e1\u0159ilo &#8220;duhou obecn\u00e9 lidskosti&#8221;. Spisovatel Bohumil Hrabal svou n\u00e1v\u0161t\u011bvu u p\u00e1tera Ferdy beletristicky (a samoz\u0159ejm\u011b trochu s nads\u00e1zkou) vyl\u00ed\u010dil v knize \u017divot ve smokingu. Popsal i \u00fadiv mal\u00ed\u0159e Ji\u0159\u00edho Anderleho, kter\u00fd jej doprov\u00e1zel, nad t\u00edm, jak mohl p\u00e1ter v\u011bd\u011bt o naftov\u00fdch kamnech, kter\u00e1 m\u00e1 n\u011bkolik m\u011bs\u00edc\u016f doma a je\u017e podle n\u011bj byla p\u0159\u00ed\u010dinou mal\u00ed\u0159ov\u00fdch zdravotn\u00edch pot\u00ed\u017e\u00ed:<\/h6>\n<p>!&#8230; A j\u00e1 jsem cht\u011bl m\u00edt jistotu, \u017ee l\u00e9ka\u0159i na Bulovce se m\u00fdl\u00ed, proto\u017ee jsem se najednou polekal, \u017ee mus\u00edm b\u00fdt na sv\u011bt\u011b, \u017ee je p\u0159ede mnou ta moje posledn\u00ed kniha, ve kter\u00e9 bude v\u0161echno, a tak pro jistotu jsem se vydal se sv\u00fdm p\u0159\u00edtelem do Su\u0161ice k z\u00e1zra\u010dn\u00e9mu l\u00e9ka\u0159i, far\u00e1\u0159i Franti\u0161kovi Ferdovi, kter\u00fd vypad\u00e1 p\u0159esn\u011b tak jak Jaroslav Ha\u0161ek. A kdy\u017e p\u0159i\u0161la \u0159ada i na n\u00e1s, Franti\u0161ek Ferda sed\u011bl ve slunci u psac\u00edho stolu a \u010d\u00e1ral si tu\u017ekou a opravdu vypadal jak autor \u0160vejka, a zni\u010dehonic se oto\u010dil a optal se m\u00e9ho p\u0159\u00edtele, Ji\u0159\u00edho Anderleho, co mu chyb\u00ed, pro\u010d p\u0159i\u0161el? A Jirka \u0159ekl, \u017ee m\u00e1 hlavu jako dvoulet\u00e9 zel\u00ed, \u017ee jej stra\u0161n\u011b, stra\u0161n\u011b bol\u00ed hlava, tak bol\u00ed hlava, \u017ee neusne bez pr\u00e1\u0161k\u016f.<\/p>\n<p>A Franta Ferda sed\u011bl v koutku u psac\u00edho stolu, \u010d\u00e1ral si tu\u017ekou a do kouta sv\u00e9ho pokoje \u0159ekl v zasn\u011bn\u00ed\u2026vid\u00edm v\u00e1\u0161 byt, je tam p\u0159\u00edzem\u00ed, pod kter\u00fdm te\u010de potok, pak prvn\u00ed patro a pak druh\u00e9 patro a tam je va\u0161e pracovna, vid\u00edm, \u017ee ve va\u0161em dom\u011b se top\u00ed naftou, je to \u00fast\u0159edn\u00ed topen\u00ed, vid\u00edm kom\u00edn, jak stoup\u00e1 z p\u0159\u00edzem\u00ed do pater, vid\u00edm ten kom\u00edn i nad st\u0159echou, ale vid\u00edm\u2026vid\u00edm, \u017ee do va\u0161\u00ed pracovny vnik\u00e1 ten kou\u0159 a od toho v\u00e1s bol\u00ed, hrozn\u011b bol\u00ed hlava! Oto\u010dil se a \u0159ekl Ji\u0159\u00edmu do o\u010d\u00ed\u2026Tak hele, nechat spravit kom\u00edn, p\u0159estat br\u00e1t usp\u00e1vac\u00ed l\u00e9ky a m\u00edsto nich p\u0159ed span\u00edm si d\u00e1t poh\u00e1r slivovice\u2026<\/p>\n<p>Pak usedl a psal chv\u00edli na psac\u00edm stroji, dva \u0159\u00e1dky napsal a podal l\u00edstek Ji\u0159\u00edmu a dodal\u2026Taky tady m\u00e1te, co m\u00e1te je\u0161t\u011b d\u011blat. A co vy? Obr\u00e1til se na mne, co je s v\u00e1mi? Pov\u00edd\u00e1m, m\u00e1m vzdut\u00e9 j\u00e1tro, bol\u00ed mi v boku, vyhro\u017euj\u00ed mi pla\u010d\u00edc\u00edmi j\u00e1try. Franta Ferda se neobr\u00e1til do kouta, ale rovnou od boku se na mne rozkohoutil\u2026Posly\u0161te, co ta barva, copak m\u016f\u017eete \u017e\u00edt s takovou barvou, kter\u00e1 v\u00e1s zab\u00edj\u00ed, co ta hn\u011bd\u00e1 barva, i tady u mne jste v \u0161atech hn\u011bd\u00fdch barev, ale co ta hn\u011bd\u00e1 barva doma? Pro\u010d m\u00e1te, vy jeden \u010dlov\u011b\u010de, z\u00e1libu v hn\u011bd\u00e9 barv\u011b, copak nev\u00edte, \u017ee hn\u011bd\u00e1 barva je pro v\u00e1s hrob? A rozhn\u011bvan\u00fd usedl za psac\u00ed st\u016fl a napsal na psac\u00edm stroji l\u00edste\u010dek, co mi pak podal, abych se koupal jen v nastrouhan\u00e9 k\u016f\u0159e z dubisek, abych si pot\u00edral o\u010di krystalov\u00fdm cukrem.<\/p>\n<p>A kdy\u017e jsme odch\u00e1zeli a nechali mu tam na l\u00e9ky jist\u00e9 bankovky, kter\u00fdch se nedotkl, kdy\u017e jsme se klan\u011bli a couvaj\u00edce odch\u00e1zeli, Franti\u0161ek Ferda je\u0161t\u011b otev\u0159el dve\u0159e a zahul\u00e1kal na mne\u2026Ta hn\u011bd\u00e1 barva! A zabouchl dve\u0159e. A potom kdy\u017e jsme se vraceli, auto \u0159\u00eddila pan\u00ed Milada, a Ji\u0159\u00ed j\u00ed \u0159\u00edkal o v\u0161em, co mu \u0159ekl Franta Ferda, o tom, jak jim pronik\u00e1 kou\u0159 a zbudliny od \u00fast\u0159edn\u00edho topen\u00ed, jak je tam naho\u0159e p\u0159iotr\u00e1ven\u00fd z kou\u0159e od nafty\u2026Ale jak mohl vid\u011bt to na\u0161e staven\u00ed? oslnil se Ji\u0159\u00ed. A jeho pan\u00ed Milada za j\u00edzdy nazp\u00e1tek si vzpom\u00ednala\u2026Ano, na ja\u0159e tam byli zam\u011bstnanci a spravovali mi ty kamna na \u00fast\u0159edn\u00ed topen\u00ed a ano, \u0159ekli mi, \u017ee unik\u00e1 z nich kou\u0159, a ano, \u0159ekli mi to, abych je\u0161t\u011b jednou za nima p\u0159i\u0161la, ale j\u00e1 jsem nep\u0159i\u0161la, a Jirko, tak opravdu ta kamna n\u00e1m kou\u0159ej\u00ed\u2026A pak jsme ml\u010deli a mysleli na to, jak Franta Ferda vid\u011bl ten cel\u00fd Jirk\u016fv d\u016fm, ani\u017e jej kdy vid\u011bl, a j\u00e1 jsem dumal, jak mohl vid\u011bt do m\u00fdch sk\u0159\u00edn\u00ed, ve kter\u00fdch opravdu skoro v\u0161echny \u0161aty, v\u0161echny bundy, v\u0161echny byly hn\u011bd\u00e9 v\u010detn\u011b boti\u010dek a pono\u017eek\u2026\u201c<\/p>\n<p>&nbsp;<\/p>\n<p><strong>Zdroj:<\/strong> \u017divot bez smokingu. Hrabal, Bohumil. Vyd\u00e1n\u00ed: \u010ceskoslovensk\u00fd spisovatel 1986<\/p>\n<p><strong>P\u0159ipravuje: Miroslav K\u016eS ANDRES<\/strong><\/p>\n<p><strong>Foto: archiv autora<\/strong><\/p>\n<hr \/>\n<p>&nbsp;<\/p>\n","protected":false},"excerpt":{"rendered":"<p>&nbsp; Charisma <\/p>\n","protected":false},"author":2,"featured_media":356518,"comment_status":"open","ping_status":"open","sticky":false,"template":"","format":"gallery","meta":{"footnotes":""},"categories":[111],"tags":[],"jetpack_featured_media_url":"https:\/\/zakrasnejsivimperk.cz\/wp-content\/uploads\/2025\/09\/12\/ram-hrabal.jpg","_links":{"self":[{"href":"https:\/\/zakrasnejsivimperk.cz\/index.php?rest_route=\/wp\/v2\/posts\/196979"}],"collection":[{"href":"https:\/\/zakrasnejsivimperk.cz\/index.php?rest_route=\/wp\/v2\/posts"}],"about":[{"href":"https:\/\/zakrasnejsivimperk.cz\/index.php?rest_route=\/wp\/v2\/types\/post"}],"author":[{"embeddable":true,"href":"https:\/\/zakrasnejsivimperk.cz\/index.php?rest_route=\/wp\/v2\/users\/2"}],"replies":[{"embeddable":true,"href":"https:\/\/zakrasnejsivimperk.cz\/index.php?rest_route=%2Fwp%2Fv2%2Fcomments&post=196979"}],"version-history":[{"count":2,"href":"https:\/\/zakrasnejsivimperk.cz\/index.php?rest_route=\/wp\/v2\/posts\/196979\/revisions"}],"predecessor-version":[{"id":356519,"href":"https:\/\/zakrasnejsivimperk.cz\/index.php?rest_route=\/wp\/v2\/posts\/196979\/revisions\/356519"}],"wp:featuredmedia":[{"embeddable":true,"href":"https:\/\/zakrasnejsivimperk.cz\/index.php?rest_route=\/wp\/v2\/media\/356518"}],"wp:attachment":[{"href":"https:\/\/zakrasnejsivimperk.cz\/index.php?rest_route=%2Fwp%2Fv2%2Fmedia&parent=196979"}],"wp:term":[{"taxonomy":"category","embeddable":true,"href":"https:\/\/zakrasnejsivimperk.cz\/index.php?rest_route=%2Fwp%2Fv2%2Fcategories&post=196979"},{"taxonomy":"post_tag","embeddable":true,"href":"https:\/\/zakrasnejsivimperk.cz\/index.php?rest_route=%2Fwp%2Fv2%2Ftags&post=196979"}],"curies":[{"name":"wp","href":"https:\/\/api.w.org\/{rel}","templated":true}]}}