{"id":196918,"date":"2025-07-24T20:39:29","date_gmt":"2025-07-24T19:39:29","guid":{"rendered":"http:\/\/zakrasnejsivimperk.cz\/?p=196918"},"modified":"2025-07-24T20:39:29","modified_gmt":"2025-07-24T19:39:29","slug":"stara-sumava-a-posumavi-o-pateru-ferdovi-v-susici","status":"publish","type":"post","link":"https:\/\/zakrasnejsivimperk.cz\/?p=196918","title":{"rendered":"STAR\u00c1 \u0160UMAVA A PO\u0160UMAV\u00cd: O p\u00e1teru Ferdovi v Su\u0161ici"},"content":{"rendered":"<p><img loading=\"lazy\" decoding=\"async\" class=\"aligncenter wp-image-196919 size-full\" src=\"http:\/\/zakrasnejsivimperk.cz\/wp-content\/uploads\/2020\/07\/10\/O-P\u00c1TERU-FERDOVI-V-SU\u0160IC.jpg\" alt=\"\" width=\"2040\" height=\"1134\" srcset=\"https:\/\/zakrasnejsivimperk.cz\/wp-content\/uploads\/2020\/07\/10\/O-P\u00c1TERU-FERDOVI-V-SU\u0160IC.jpg 2040w, https:\/\/zakrasnejsivimperk.cz\/wp-content\/uploads\/2020\/07\/10\/O-P\u00c1TERU-FERDOVI-V-SU\u0160IC-300x167.jpg 300w, https:\/\/zakrasnejsivimperk.cz\/wp-content\/uploads\/2020\/07\/10\/O-P\u00c1TERU-FERDOVI-V-SU\u0160IC-768x427.jpg 768w, https:\/\/zakrasnejsivimperk.cz\/wp-content\/uploads\/2020\/07\/10\/O-P\u00c1TERU-FERDOVI-V-SU\u0160IC-1024x569.jpg 1024w, https:\/\/zakrasnejsivimperk.cz\/wp-content\/uploads\/2020\/07\/10\/O-P\u00c1TERU-FERDOVI-V-SU\u0160IC-642x357.jpg 642w, https:\/\/zakrasnejsivimperk.cz\/wp-content\/uploads\/2020\/07\/10\/O-P\u00c1TERU-FERDOVI-V-SU\u0160IC-869x483.jpg 869w\" sizes=\"(max-width: 2040px) 100vw, 2040px\" \/><\/p>\n<p>&nbsp;<\/p>\n<h6>Od \u010dty\u0159 hodin se p\u0159ed jeho domkem v Su\u0161ici srocovali prvn\u00ed pacienti, jezd\u00edvali za n\u00edm nejen ze v\u0161ech kout\u016f \u010ceskoslovenska, ale i z cel\u00e9ho sv\u011bta. Rakousk\u00e1 a \u0161v\u00fdcarsk\u00e1 televize o n\u011bm tehdy nat\u00e1\u010dela dokument. V New Yorku v osmdes\u00e1t\u00fdch letech otiskl oslavn\u00fd \u010dl\u00e1nek: Jasnovidn\u00fd kn\u011bz z \u010ceskoslovenska udivuje sv\u011bt, v Moskv\u011b oslnil i ty nejzarputilej\u0161\u00ed v\u011bdeck\u00e9 skeptiky.<\/h6>\n<p>Pohnut\u00fd \u017eivot mimo\u0159\u00e1dn\u00e9ho mu\u017ee, kter\u00fd byl za totality dev\u011bt let ve v\u011bzen\u00ed, jej nep\u0159ipravil o hlubokou pokoru a v\u00edru v Boha. V r\u00e1mci k\u0159es\u0165ansk\u00e9 slu\u017eby nezi\u0161tn\u011b pom\u00e1hal druh\u00fdm a l\u00e9\u010dil nejr\u016fzn\u011bj\u0161\u00ed lidsk\u00e9 neduhy. Jeho l\u00e9\u010debn\u00e9 metody na vlastn\u00ed k\u016f\u017ei poznali mnoz\u00ed. M\u011bl velk\u00fd dar jasnovidnosti a ka\u017ed\u00e9mu sv\u00e9mu pacientovi p\u0159ipravoval l\u00e9\u010dbu na m\u00edru. Far\u00e1\u0159 ze Su\u0161ice si pozorn\u011b pro\u010d\u00edt\u00e1 dopis. N\u00e1hle pro\u017eije zvl\u00e1\u0161tn\u00ed vizi a odhal\u00ed, co autora psan\u00ed tr\u00e1p\u00ed. Doporu\u010d\u00ed mu jednu ze sv\u00fdch bylinkov\u00fdch k\u00far. Opravdu dok\u00e1zal katolick\u00fd kn\u011bz ur\u010dit diagn\u00f3zu nemocn\u00fdch na d\u00e1lku?<\/p>\n<p>Na Plze\u0148sku ve dvac\u00e1t\u00e9m stolet\u00ed p\u016fsobili hned dva z\u00e1zra\u010dn\u00ed l\u00e9\u010ditel\u00e9. Krom\u011b Bo\u017eeny Kamenick\u00e9, kter\u00e1 p\u016fsobila v Radnic\u00edch, toti\u017e v nedalek\u00e9 Su\u0161ici uzdravoval tak\u00e9 kn\u011bz Franti\u0161ek Ferda (1915\u20131991). Ten je mimo jin\u00e9 autorem takzvan\u00e9 tot\u00e1ln\u00ed protirakovinn\u00e9 k\u00fary. Jde o druh drastick\u00e9 diety, b\u011bhem n\u00ed\u017e \u010dlov\u011bk nesm\u00ed p\u0159ij\u00edmat nic jin\u00e9ho ne\u017e ur\u010dit\u00e9 bylinkov\u00e9 \u010daje a zeleninov\u00e9 \u0161\u0165\u00e1vy. Dodnes bylink\u00e1\u0159i pou\u017e\u00edvaj\u00ed mnoh\u00e9 recepty, kter\u00e9 po sob\u011b katolick\u00fd kn\u011bz zanechal. Jeho schopnosti byly snad je\u0161t\u011b podivuhodn\u011bj\u0161\u00ed ne\u017e nad\u00e1n\u00ed b\u00e1by Radnick\u00e9.<\/p>\n<p>P\u00e1ter Ferda byl v roce 1951 byl v r\u00e1mci komunistick\u00e9ho protic\u00edrkevn\u00edho ta\u017een\u00ed na sv\u00e9 farnosti v Nechvalic\u00edch zat\u010den a jako mnoz\u00ed dal\u0161\u00ed kn\u011b\u017e\u00ed odsouzen. D\u016fvodem jeho zat\u010den\u00ed byly vykonstruovan\u00e9 d\u016fkazy o \u0161\u00ed\u0159en\u00ed zak\u00e1zan\u00fdch past\u00fd\u0159sk\u00fdch list\u016f a dal\u0161\u00ed protist\u00e1tn\u00ed \u010dinnosti. Ve v\u011bzen\u00ed pro\u017eil Franti\u0161ek Ferda celkem dev\u011bt let. Vyst\u0159\u00eddal \u0159adu v\u011bznic a n\u00e1pravn\u011b pracovn\u00edch t\u00e1bor\u016f \u2013 postupn\u011b si pro\u0161el \u017eal\u00e1\u0159i v Ostrav\u011b, Opav\u011b, na M\u00edrov\u011b, v J\u00e1chymov\u011b, Leopoldov\u011b, ve Valdic\u00edch a nakonec na Borech. Jedn\u00edm z nejkrut\u011bj\u0161\u00edch a nejob\u00e1van\u011bj\u0161\u00edch t\u00e1bor\u016f nucen\u00fdch prac\u00ed byl J\u00e1chymov, kde politi\u010dt\u00ed v\u011bzni, v\u010detn\u011b mnoha kn\u011b\u017e\u00ed, byli nuceni pracovat v nelidsk\u00fdch podm\u00ednk\u00e1ch uranov\u00fdch dol\u016f.<\/p>\n<p>Ani p\u00e1ter Ferda se nevyhnul pov\u011bstn\u00e9mu l\u00e1gru \u201eL\u201c, kter\u00fd v\u011bzni naz\u00fdvali t\u00e1borem \u201elikvida\u010dn\u00edm\u201c. V takzvan\u00e9 \u201eV\u011b\u017ei smrti\u201c museli bez jak\u00fdchkoliv ochrann\u00fdch pom\u016fcek drtit radioaktivn\u00ed uranovou rudu, kter\u00e1 pak beze zbytku a zcela zdarma putovala do Sov\u011btsk\u00e9ho svazu. Mnoz\u00ed v\u011bzni krut\u00e9 podm\u00ednky nep\u0159e\u017eili, jin\u00ed byli zast\u0159eleni p\u0159i pokusu o \u00fat\u011bk a dal\u0161\u00ed si z J\u00e1chymova odnesli celo\u017eivotn\u00ed zdravotn\u00ed probl\u00e9my. Tak bl\u00edzk\u00fd styk se silnou radioaktivitou m\u00edv\u00e1 nav\u00edc za n\u00e1sledek onemocn\u011bn\u00ed rakovinou.<\/p>\n<p>P\u00e1ter Ferda byl z v\u011bzen\u00ed propu\u0161t\u011bn na amnestii prezidenta republiky Anton\u00edna Novotn\u00e9ho v roce 1960. Nebylo mu v\u0161ak umo\u017en\u011bno p\u016fsobit jako kn\u011bz, proto za\u010dal vykon\u00e1vat manu\u00e1ln\u00ed pr\u00e1ci \u2013 v\u00e1lel sudy v plze\u0148sk\u00e9m pivova\u0159e. Pr\u00e1v\u011b v tomto obdob\u00ed u sebe objevil jasnovidn\u00e9 schopnosti, kter\u00e9 za\u010dal vyu\u017e\u00edvat ke stanoven\u00ed diagn\u00f3zy pacient\u016f. V jeho l\u00e9\u010ditelsk\u00e9 dr\u00e1ze nastal velk\u00fd obrat a mno\u017estv\u00ed lid\u00ed, kte\u0159\u00ed ho vyhled\u00e1vali s prosbou o pomoc, st\u00e1le rostlo.<\/p>\n<p>V t\u00e9 dob\u011b obdr\u017e\u00ed p\u00e1ter dopis od jedn\u00e9 sv\u00e9 nemocn\u00e9 zn\u00e1m\u00e9. Lituje toho, \u017ee ji nem\u016f\u017ee nav\u0161t\u00edvit a n\u00e1hle upadne do zvl\u00e1\u0161tn\u00edho transu. \u201eZd\u00e1lo se mi, jako bych se kamsi propadal. U\u017e jsem ani t\u011blo nec\u00edtil, ale mysl byla jasn\u00e1. Pojednou jsem p\u0159esn\u011b v\u011bd\u011bl, \u017ee pacientka trp\u00ed ledvinov\u00fdmi kameny a rozpoznal jsem jejich po\u010det a um\u00edst\u011bn\u00ed,\u201c popsal sv\u016fj prvn\u00ed jasnovidn\u00fd z\u00e1\u017eitek kn\u011bz. Od t\u00e9 doby dok\u00e1\u017ee ur\u010dit diagn\u00f3zu \u010dlov\u011bka nejen z jeho dopisu, o\u010d\u00ed, ale i pouh\u00e9ho psychick\u00e9ho napojen\u00ed se na n\u011bj.<\/p>\n<p>Jeho rada \u00fadajn\u011b prodlou\u017e\u00ed \u017eivot tak\u00e9 prezidentovi Ludv\u00edku Svobodovi. \u0158\u00edk\u00e1 se, \u017ee Ferdovy bylinky politikovu smrt odd\u00e1lily o n\u011bkolik let. Nebo jde o pouhou legendu? Pov\u011bst o p\u00e1terov\u00fdch \u00fasp\u011b\u0161\u00edch zaujme i tehdej\u0161\u00ed v\u011bdce. Rozhodnou se proto z\u00e1zra\u010dn\u00e9ho kn\u011bze pozvat na n\u011bkolik v\u011bdeck\u00fdch konferenc\u00ed. Badatel\u00e9 v Moskv\u011b i Mil\u00e1n\u011b p\u0159iv\u00e1d\u011bj\u00ed p\u0159ed Franti\u0161ka Ferdu r\u016fzn\u00e9 pacienty a cht\u011bj\u00ed po l\u00e9\u010diteli, aby ur\u010dil jejich diagn\u00f3zu. Spr\u00e1vnost jeho tvrzen\u00ed potom laboratorn\u011b prov\u011b\u0159uj\u00ed. A odborn\u00edci pr\u00fd nesta\u010d\u00ed \u017easnout. Kn\u011bzovy soudy se toti\u017e shoduj\u00ed s laboratorn\u00edmi v\u00fdsledky i v takov\u00fdch detailech, jako je po\u010det \u010derven\u00fdch krvinek. Ferda rovn\u011b\u017e ur\u010d\u00ed v\u00fd\u0161ku krevn\u00edho tlaku nebo bezchybn\u011b lokalizuje z\u00e1n\u011bt.<\/p>\n<p>\u017de by tyto shody byly v\u00fdsledkem jenom n\u00e1hodn\u00e9 trefy, se zd\u00e1 velmi nepravd\u011bpodobn\u00e9. A\u017e do konce sv\u00e9ho \u017eivota prov\u00e1d\u00ed p\u00e1ter a\u017e t\u0159icet diagn\u00f3z denn\u011b. L\u00e9\u010div\u00e1 s\u00edla pak \u00fadajn\u011b vyza\u0159uje po jeho smrti roku 1991 tak\u00e9 z jeho hrobu. K p\u0159\u00edpadu p\u00e1tera Ferdy se ofici\u00e1ln\u011b nikdy nevyj\u00e1d\u0159ila ani c\u00edrkev a na jeho l\u00e9\u010ditelskou \u010dinnost dosud existuj\u00ed mezi kn\u011b\u017e\u00edmi i laiky rozli\u010dn\u00e9 n\u00e1zory. N\u011bkte\u0159\u00ed za nimi vid\u00ed temn\u00e9 s\u00edly, nem\u00e1lo kn\u011b\u017e\u00ed jeho schopnost\u00ed vyu\u017e\u00edvalo bez obav a s naprostou d\u016fv\u011brou.<\/p>\n<p>T\u00edm, kdo nepochyboval o tom, \u017ee Franti\u0161ek Ferda dostal vz\u00e1cn\u00fd dar od Boha, byl i kardin\u00e1l Tom\u00e1\u0161ek. Dodnes m\u016f\u017eeme citovat z n\u011bkolika dopis\u016f, kter\u00e9 p\u00e1terovi poslal a v nich\u017e vyjad\u0159oval sv\u00e9 d\u00edky a ocen\u011bn\u00ed. Nap\u0159\u00edklad u p\u0159\u00edle\u017eitosti sv\u00e9ho zlat\u00e9ho kn\u011b\u017esk\u00e9ho jubilea v roce 1989 p\u00e1terovi napsal: \u201e\u2026Kristus V\u00e1s obda\u0159il i nesm\u00edrn\u011b cenn\u00fdmi dary \u2013 uzdravovat i lidsk\u00e1 trp\u00edc\u00ed t\u011bla. A Vy t\u011bchto dar\u016f, ze kter\u00fdch se i mn\u011b v hojn\u00e9 m\u00ed\u0159e dost\u00e1v\u00e1, vyu\u017e\u00edv\u00e1te ke zm\u00edrn\u011bn\u00ed bolest\u00ed a nemoc\u00ed s tak velikou l\u00e1skou a ob\u011btavost\u00ed, \u017ee jen s\u00edla Bo\u017e\u00ed V\u00e1m d\u00e1v\u00e1 vydr\u017eet\u2026\u201c Jeho ob\u011btavou \u010dinnost kardin\u00e1l Tom\u00e1\u0161ek vysoce ocenil i v kondolen\u010dn\u00edm dopise.<\/p>\n<p>&nbsp;<\/p>\n<p><strong>Zdroj:<\/strong> KOURA, P. P\u00e1ter Ferda. K\u0159es\u0165ansk\u00e9 obzory. REJD\u00c1K, Z. Za zdrav\u00edm s jasnovidcem p\u00e1terem Franti\u0161kem Ferdou. Praha: Nakladatelstv\u00ed Kon\u00ed\u010dek, 1992. \u010cASTA, J. P\u00e1ter Franti\u0161ek Ferda in memoriam. Zpravodaj plze\u0148sk\u00e9 diec\u00e9ze. 2005<\/p>\n<p><strong>P\u0159ipravuje: Miroslav K\u016eS ANDRES<\/strong><\/p>\n<p><strong>Foto: archiv autora<\/strong><\/p>\n<hr \/>\n<p>&nbsp;<\/p>\n","protected":false},"excerpt":{"rendered":"<p>&nbsp; Od <\/p>\n","protected":false},"author":2,"featured_media":352100,"comment_status":"open","ping_status":"open","sticky":false,"template":"","format":"gallery","meta":{"footnotes":""},"categories":[111],"tags":[],"jetpack_featured_media_url":"https:\/\/zakrasnejsivimperk.cz\/wp-content\/uploads\/2025\/07\/24\/ram-ferda.jpg","_links":{"self":[{"href":"https:\/\/zakrasnejsivimperk.cz\/index.php?rest_route=\/wp\/v2\/posts\/196918"}],"collection":[{"href":"https:\/\/zakrasnejsivimperk.cz\/index.php?rest_route=\/wp\/v2\/posts"}],"about":[{"href":"https:\/\/zakrasnejsivimperk.cz\/index.php?rest_route=\/wp\/v2\/types\/post"}],"author":[{"embeddable":true,"href":"https:\/\/zakrasnejsivimperk.cz\/index.php?rest_route=\/wp\/v2\/users\/2"}],"replies":[{"embeddable":true,"href":"https:\/\/zakrasnejsivimperk.cz\/index.php?rest_route=%2Fwp%2Fv2%2Fcomments&post=196918"}],"version-history":[{"count":4,"href":"https:\/\/zakrasnejsivimperk.cz\/index.php?rest_route=\/wp\/v2\/posts\/196918\/revisions"}],"predecessor-version":[{"id":352099,"href":"https:\/\/zakrasnejsivimperk.cz\/index.php?rest_route=\/wp\/v2\/posts\/196918\/revisions\/352099"}],"wp:featuredmedia":[{"embeddable":true,"href":"https:\/\/zakrasnejsivimperk.cz\/index.php?rest_route=\/wp\/v2\/media\/352100"}],"wp:attachment":[{"href":"https:\/\/zakrasnejsivimperk.cz\/index.php?rest_route=%2Fwp%2Fv2%2Fmedia&parent=196918"}],"wp:term":[{"taxonomy":"category","embeddable":true,"href":"https:\/\/zakrasnejsivimperk.cz\/index.php?rest_route=%2Fwp%2Fv2%2Fcategories&post=196918"},{"taxonomy":"post_tag","embeddable":true,"href":"https:\/\/zakrasnejsivimperk.cz\/index.php?rest_route=%2Fwp%2Fv2%2Ftags&post=196918"}],"curies":[{"name":"wp","href":"https:\/\/api.w.org\/{rel}","templated":true}]}}