{"id":196500,"date":"2025-06-21T17:54:10","date_gmt":"2025-06-21T16:54:10","guid":{"rendered":"http:\/\/zakrasnejsivimperk.cz\/?p=196500"},"modified":"2025-06-21T17:54:10","modified_gmt":"2025-06-21T16:54:10","slug":"stara-sumava-a-posumavi-susicka-radnice","status":"publish","type":"post","link":"https:\/\/zakrasnejsivimperk.cz\/?p=196500","title":{"rendered":"STAR\u00c1 \u0160UMAVA A PO\u0160UMAV\u00cd: Su\u0161ick\u00e1 radnice"},"content":{"rendered":"<p><img loading=\"lazy\" decoding=\"async\" class=\"aligncenter wp-image-196501 size-full\" src=\"http:\/\/zakrasnejsivimperk.cz\/wp-content\/uploads\/2020\/07\/05\/O-SU\u0160ICK\u00c9-RADNICI....jpg\" alt=\"\" width=\"2040\" height=\"1134\" srcset=\"https:\/\/zakrasnejsivimperk.cz\/wp-content\/uploads\/2020\/07\/05\/O-SU\u0160ICK\u00c9-RADNICI....jpg 2040w, https:\/\/zakrasnejsivimperk.cz\/wp-content\/uploads\/2020\/07\/05\/O-SU\u0160ICK\u00c9-RADNICI...-300x167.jpg 300w, https:\/\/zakrasnejsivimperk.cz\/wp-content\/uploads\/2020\/07\/05\/O-SU\u0160ICK\u00c9-RADNICI...-768x427.jpg 768w, https:\/\/zakrasnejsivimperk.cz\/wp-content\/uploads\/2020\/07\/05\/O-SU\u0160ICK\u00c9-RADNICI...-1024x569.jpg 1024w, https:\/\/zakrasnejsivimperk.cz\/wp-content\/uploads\/2020\/07\/05\/O-SU\u0160ICK\u00c9-RADNICI...-642x357.jpg 642w, https:\/\/zakrasnejsivimperk.cz\/wp-content\/uploads\/2020\/07\/05\/O-SU\u0160ICK\u00c9-RADNICI...-869x483.jpg 869w\" sizes=\"(max-width: 2040px) 100vw, 2040px\" \/><\/p>\n<p>&nbsp;<\/p>\n<h6>V \u010desk\u00fdch m\u011bstech byly prvn\u00ed radnice z\u0159izov\u00e1ny kolem poloviny 14. stolet\u00ed, \u010dasto postupnou prom\u011bnou domu v\u00fdznamn\u00e9ho m\u011b\u0161\u0165ana na hlavn\u00edm tr\u017ei\u0161ti (n\u00e1m\u011bst\u00ed). \u010clenov\u00e9 m\u011bstsk\u00e9 rady se naz\u00fdvali kon\u0161el\u00e9 slovem odvozen\u00fdm z latinsk\u00e9ho term\u00ednu consules (tj. r\u00e1dci), starosta se naz\u00fdval purkmistr odvozen\u00edm z n\u011bmeck\u00e9ho der B\u00fcrgermeister (mistr \u010di vedouc\u00ed m\u011b\u0161\u0165an\u016f).<\/h6>\n<p>Se zaveden\u00edm m\u011bstsk\u00e9ho pr\u00e1va se do radnice p\u0159esunula tak\u00e9 soudn\u00ed moc. Rozsudky vynesen\u00e9 na radnici se vyhla\u0161ovaly a vykon\u00e1valy p\u0159ed radnic\u00ed, kde st\u00e1val pran\u00fd\u0159. Budova radnice pat\u0159ila k nejstar\u0161\u00edm a nejhonosn\u011bj\u0161\u00edm prof\u00e1nn\u00edm stavb\u00e1m ve m\u011bst\u011b, b\u011bhem doby gotick\u00e9 a renesan\u010dn\u00ed se vytvo\u0159il jej\u00ed vlastn\u00ed stavebn\u00ed typ.<\/p>\n<p>Radnice v Su\u0161ic\u00edch je jednou z nejv\u011bt\u0161\u00edch radnic v \u010cech\u00e1ch. Svou dne\u0161n\u00ed podobu z\u00edskala v polovin\u011b 19. stolet\u00ed. Budova v pr\u016fb\u011bhu let slou\u017eila k r\u016fzn\u00fdm \u00fa\u010del\u016fm. Byly tu i s\u00fdpky obil\u00ed, v\u011bzen\u00ed, muzeum a s\u00eddlila zde dokonce i spo\u0159itelna. Velk\u00e1 radnice v Su\u0161ici stoj\u00ed uprost\u0159ed severn\u00ed \u010d\u00e1sti N\u00e1m\u011bst\u00ed Svobody a byla postavena ji\u017e v pozdn\u00edm st\u0159edov\u011bku. Dokladem je doln\u00ed \u010d\u00e1st radni\u010dn\u00ed v\u011b\u017ee a tak\u00e9 zpr\u00e1va, \u017ee po po\u017e\u00e1ru m\u011bsta v roce 1464 byl po\u0159\u00edzen nov\u00fd v\u011b\u017en\u00ed orloj od mistra Ostru\u017en\u00edka. Po dal\u0161\u00edch po\u017e\u00e1rech byla v roce 1592 z iniciativy primase Mistra Adama Rozac\u00edna z Ka\u0161perku vystav\u011bna nov\u00e1 renesa\u010dn\u00ed radnice s v\u011b\u017e\u00ed. Ke vzniku sou\u010dasn\u00e9 radnice do\u0161lo po po\u017e\u00e1ru m\u011bsta v roce 1707.<\/p>\n<p>M\u011bstsk\u00e1 obec vykoupila n\u011bkolik dom\u016f uprost\u0159ed n\u00e1m\u011bst\u00ed mezi nimi\u017e byl i star\u00fd rathaus a v roce 1720 nechala domy zbo\u0159it a v letech 1720-21 nechala postavit novou radnici. Budova radnice slou\u017eila nejr\u016fzn\u011bj\u0161\u00edm \u00fa\u010del\u016fm: podle dobov\u00fdch z\u00e1znam\u016f se tam nach\u00e1zely dv\u011b s\u00fdpky na obil\u00ed, v roce 1850 bylo v severn\u00edm k\u0159\u00eddle zbudov\u00e1no tak\u00e9 v\u011bzen\u00ed, prostory radnice byly pronajaty m\u011bstsk\u00e9 spo\u0159iteln\u011b, sv\u00e9 z\u00e1zem\u00ed zde m\u00e1 i m\u011bstsk\u00e9 muzeum.<\/p>\n<p>Dvoupatrov\u00e1 renesan\u010dn\u00ed \u010dty\u0159k\u0159\u00eddl\u00e1 radnice s p\u0159\u00edstupnou 30,5 metr\u016f vysokou vyhl\u00eddkovou v\u011b\u017e\u00ed a p\u016fvodn\u00edm dvorem ve sv\u00e9m ji\u017en\u00edm pr\u016f\u010del\u00ed je p\u011btiosou stavbu. Pr\u016f\u010del\u00ed je charakteristick\u00e9 d\u011bl\u00edc\u00edmi \u0159\u00edmsami, n\u00e1ro\u017en\u00ed bos\u00e1\u017e\u00ed a rustikou p\u0159\u00edzemn\u00ed \u010d\u00e1sti. Do \u010dela p\u0159edstupuj\u00edc\u00ed mohutn\u00e1 \u010dty\u0159hrann\u00e1 v\u011b\u017e tvo\u0159\u00ed v p\u0159\u00edzemn\u00ed \u010d\u00e1sti vstup do radnice. Nach\u00e1z\u00ed se zde renesa\u010dn\u00ed port\u00e1l se dv\u011bma sloupy po stran\u00e1ch a \u0159\u00edmsou. Vstup dopl\u0148uje m\u011bstsk\u00fd znak. Pr\u016fjezd sm\u011b\u0159oval do n\u011bkdej\u0161\u00edho radni\u010dn\u00edho dvora.<\/p>\n<p>A\u017e budeme proch\u00e1zet vestibulem, v\u0161imn\u011bme si kamenn\u00e9 desky s latinsk\u00fdm n\u00e1pisem. \u010cesk\u00fd p\u0159eklad latinsk\u00e9ho textu zn\u00ed: \u201eRoku 1322 Jan Prvn\u00ed, \u010desk\u00fd a polsk\u00fd kr\u00e1l a kn\u00ed\u017ee lucembursk\u00fd, syn Jind\u0159icha, c\u00edsa\u0159e \u0159\u00edmsk\u00e9ho, vzorn\u00e9ho k\u0159es\u0165ana, tuto obec dal obehnati hradbou; kter\u00e9ho\u017eto vzne\u0161en\u00e9ho kr\u00e1le a jeho potomk\u016f v\u011b\u010dn\u00e1 pam\u00e1tka budi\u017e na nebes\u00edch. Amen. \u201c Deska, n\u011bm\u00fd sv\u011bdek pro m\u011bsto tak v\u00fdznamn\u00e9 ud\u00e1losti, jakou stavba hradeb bezesporu byla, byla vsazen\u00e1 p\u016fvodn\u011b do jedn\u00e9 z m\u011bstsk\u00fdch bran. Po jejich zbo\u0159en\u00ed v polovin\u011b 19. stolet\u00ed byla deska zazd\u011bna do vestibulu su\u0161ick\u00e9 radnice a dodnes pat\u0159\u00ed k nejstar\u0161\u00edm historick\u00fdm pam\u00e1tk\u00e1m Su\u0161ice.<\/p>\n<p>Radni\u010dn\u00ed v\u011b\u017e je p\u011btipatrov\u00e1, prvn\u00ed patro slou\u017eilo jako radni\u010dn\u00ed kaple, z n\u00ed\u017e byla p\u0159i \u00faprav\u00e1ch odhalena p\u016fvodn\u00ed klenba. Do dal\u0161\u00edch podla\u017e\u00ed sm\u011b\u0159uje d\u0159ev\u011bn\u00e9 schodi\u0161t\u011b. Nejvy\u0161\u0161\u00ed 5.patro je modern\u011b upraven\u00e1 m\u00edstnost, kter\u00e1 slou\u017eila kdysi jako sv\u011btni\u010dka m\u011bstsk\u00e9ho hl\u00e1sn\u00e9ho. V\u011b\u017e je zakon\u010dena helmovitou b\u00e1n\u00ed a lucernou a \u0161pic\u00ed. Na lev\u00e9m n\u00e1ro\u017e\u00ed radnice je k vid\u011bn\u00ed zvonek Plan\u00fd\u0159, kter\u00fd slou\u017eil k ohla\u0161ov\u00e1n\u00ed po\u017e\u00e1r\u016f. Purkmistr m\u00edval po dobu sv\u00e9ho funk\u010dn\u00edho obdob\u00ed na starost m\u011bstskou pe\u010det\u02c7 a ve star\u0161\u00edch dob\u00e1ch mu p\u0159i jej\u00ed ztr\u00e1t\u011b \u0161lo o hrdlo.<\/p>\n<p>Nejstar\u0161\u00ed zm\u00ednku o su\u0161ick\u00e9 pe\u010deti m\u00e1me z roku 1290. Nejstar\u0161\u00ed dochovan\u00e1 pe\u010de\u0165 je z roku 1363. Na kulat\u00e9 pe\u010deti o pr\u016fm\u011bru 50 mm byly vyobrazen\u00e9 m\u011bstsk\u00e9 hradby se t\u0159emi v\u011b\u017eemi. Kr\u00e1sn\u00e1 gotick\u00e1 pe\u010de\u0165 byla pou\u017e\u00edv\u00e1na a\u017e do konce 17. stolet\u00ed, p\u0159esto\u017ee m\u011bsto m\u011blo v t\u00e9 dob\u011b ji\u017e pe\u010detidla jin\u00e1 a jej\u00ed bronzov\u00fd typ\u00e1\u0159 se dochoval dodnes. Pe\u010detn\u00ed obraz se stal tak\u00e9 pravd\u011bpodobn\u011b p\u0159edobrazem m\u011bstsk\u00e9ho znaku, kter\u00fd pro\u0161el b\u011bhem stalet\u00ed celou \u0159adou v\u011bt\u0161\u00edch \u010di men\u0161\u00edch \u00faprav.<\/p>\n<p>Po\u010d\u00e1tkem 18. stolet\u00ed nap\u0159\u00edklad se nad prost\u0159edn\u00ed v\u011b\u017e\u00ed ve znaku objevil \u010dern\u00fd dvouhlav\u00fd orel, kter\u00fd m\u011bl symbolizovat p\u0159\u00edslu\u0161nost m\u011bsta k habsbursk\u00e9 korun\u011b. Obdobn\u00fd dvouhlav\u00fd orel, ov\u0161em daleko v\u011bt\u0161\u00ed a plechov\u00fd, byl des\u00edtky let um\u00edst\u011bn na sam\u00e9 \u0161pici v\u011b\u017ee su\u0161ick\u00e9 radnice. Odstran\u011bn byl po skon\u010den\u00ed prvn\u00ed sv\u011btov\u00e9 v\u00e1lky a dnes je vystaven v Muzeu \u0160umavy. Posledn\u00ed rozs\u00e1hlou rekonstrukc\u00ed radnice pro\u0161la na za\u010d\u00e1tku 21. stolet\u00ed, kdy prob\u011bhla modernizace vnit\u0159n\u00edch prostor, bylo zast\u0159e\u0161eno vnit\u0159n\u00ed n\u00e1dvo\u0159\u00ed radnice, vybudov\u00e1n v\u00fdtah a podkrovn\u00ed v\u00fdstavn\u00ed prostory.<\/p>\n<p>A zaj\u00edmavost na konec. Posledn\u00ed orel-dvouhlavec, jen\u017e od roku 1720 shl\u00ed\u017eel na kr\u00e1lovsk\u00e9 m\u011bsto Su\u0161ici s v\u00fd\u0161e radni\u010dn\u00ed a po rakousk\u00e9m zp\u016fsobu piln\u011b se ot\u00e1\u010del, kam v\u00e1l v\u00edtr, mizel s v\u00fd\u0161e sv\u00e9 v p\u00e1tek dne 3. ledna za jasn\u00e9ho odpoledne. Jest to d\u00edlo tepan\u00e9 z plechu \u017eelezn\u00e9ho zv\u00fd\u0161i asi p\u016fldruh\u00e9ho metru a z\u0161\u00ed\u0159i v\u00edce ne\u017e jednoho metru. T\u0159emi pruty \u017eelezn\u00fdmi dr\u017eel se ot\u00e1\u010div\u00e9 \u017eelezn\u00e9 ty\u010de nad makovic\u00ed p\u011bkn\u00e9 v\u011b\u017ee radni\u010dn\u00ed a jak \u0159e\u010deno, ot\u00e1\u010del se, kam velel v\u00edtr. D\u00edval-li se ke Kalov\u016fm, pr\u0161elo, oto\u010dil-li se \u010delem \u201edo N\u011bmec\u201c, bylo jasno a sucho. Vedl si jako star\u00e9 Rakousko: kdy\u017e se zad\u00edval do \u010cech, zachmu\u0159ila se obloha, slunko pak mile zasvitlo, kdy\u017e d\u00edvaje se pry\u010d obracel se k n\u00e1m z\u00e1dy. \u010cert ho vzal! Ale pon\u011bvad\u017e se t\u011b\u0161il \u00factyhodn\u00e9mu v\u011bku, zachovala jej museu dovedn\u00e1 ruka Bed\u0159icha Ho\u0161\u0165\u00e1lka, kter\u00fd hbit\u011b jako akrobat a neboj\u00e1cn\u011b jako Sokol vy\u0161plhal se do vzdu\u0161n\u00fdch v\u00fd\u0161in a p\u0159edovedn\u011b s\u0148al starou obludu, p\u0159epilovav dolej\u0161\u00ed dv\u011b pouta na z\u00e1dech jejich a vysunuv pouto ho\u0159ej\u0161\u00ed p\u0159es konec \u017eelezn\u00e9 ty\u010de. Potom na ty\u010d s lehkost\u00ed jemu vlastn\u00ed p\u0159ipevnil praporec na\u0161ich barev, jen\u017e ihned rozvinul se v \u010derstv\u00e9m v\u011btru \u2013 vesele vl\u00e1l nad m\u011bstem kr\u00e1lovsk\u00fdm zv\u011bstuje, \u017ee minuly \u010dasy t\u00ed\u017eiv\u00e9 nadvl\u00e1dy ciz\u00e1ck\u00e9ho panstva. U. \u0160.<\/p>\n<p>&nbsp;<\/p>\n<p><strong>Zdroj:<\/strong> Fi\u0161era Zden\u011bk, Historick\u00e9 radnice \u010cech,Moravy a Slezska, 2.d\u00edl Su\u0161ick\u00e9 listy<\/p>\n<p><strong>P\u0159ipravuje: Miroslav K\u016eS ANDRES<\/strong><\/p>\n<p><strong>Foto: archiv autora<\/strong><\/p>\n<hr \/>\n<p>&nbsp;<\/p>\n","protected":false},"excerpt":{"rendered":"<p>&nbsp; V <\/p>\n","protected":false},"author":2,"featured_media":349352,"comment_status":"open","ping_status":"open","sticky":false,"template":"","format":"gallery","meta":{"footnotes":""},"categories":[111],"tags":[],"jetpack_featured_media_url":"https:\/\/zakrasnejsivimperk.cz\/wp-content\/uploads\/2025\/06\/21\/ram-susicka-radnice.jpg","_links":{"self":[{"href":"https:\/\/zakrasnejsivimperk.cz\/index.php?rest_route=\/wp\/v2\/posts\/196500"}],"collection":[{"href":"https:\/\/zakrasnejsivimperk.cz\/index.php?rest_route=\/wp\/v2\/posts"}],"about":[{"href":"https:\/\/zakrasnejsivimperk.cz\/index.php?rest_route=\/wp\/v2\/types\/post"}],"author":[{"embeddable":true,"href":"https:\/\/zakrasnejsivimperk.cz\/index.php?rest_route=\/wp\/v2\/users\/2"}],"replies":[{"embeddable":true,"href":"https:\/\/zakrasnejsivimperk.cz\/index.php?rest_route=%2Fwp%2Fv2%2Fcomments&post=196500"}],"version-history":[{"count":2,"href":"https:\/\/zakrasnejsivimperk.cz\/index.php?rest_route=\/wp\/v2\/posts\/196500\/revisions"}],"predecessor-version":[{"id":349353,"href":"https:\/\/zakrasnejsivimperk.cz\/index.php?rest_route=\/wp\/v2\/posts\/196500\/revisions\/349353"}],"wp:featuredmedia":[{"embeddable":true,"href":"https:\/\/zakrasnejsivimperk.cz\/index.php?rest_route=\/wp\/v2\/media\/349352"}],"wp:attachment":[{"href":"https:\/\/zakrasnejsivimperk.cz\/index.php?rest_route=%2Fwp%2Fv2%2Fmedia&parent=196500"}],"wp:term":[{"taxonomy":"category","embeddable":true,"href":"https:\/\/zakrasnejsivimperk.cz\/index.php?rest_route=%2Fwp%2Fv2%2Fcategories&post=196500"},{"taxonomy":"post_tag","embeddable":true,"href":"https:\/\/zakrasnejsivimperk.cz\/index.php?rest_route=%2Fwp%2Fv2%2Ftags&post=196500"}],"curies":[{"name":"wp","href":"https:\/\/api.w.org\/{rel}","templated":true}]}}