{"id":19521,"date":"2015-05-18T22:21:23","date_gmt":"2015-05-18T21:21:23","guid":{"rendered":"http:\/\/zakrasnejsivimperk.cz\/?p=19521"},"modified":"2015-05-18T22:21:23","modified_gmt":"2015-05-18T21:21:23","slug":"radnice-informuje-ostatky-svateho-inocence-patrona-mesta-prosly-ocistou","status":"publish","type":"post","link":"https:\/\/zakrasnejsivimperk.cz\/?p=19521","title":{"rendered":"RADNICE INFORMUJE: Ostatky svat\u00e9ho Inocence, patrona m\u011bsta, pro\u0161ly o\u010distou"},"content":{"rendered":"<p style=\"text-align: justify;\"><strong>Prachu a v\u0161ech ne\u010distot jsou po dlouh\u00fdch l\u00e9tech zbaven\u00e9 ostatky svat\u00e9ho Inocence, kter\u00fd le\u017e\u00ed v\u00a0kostele Nav\u0161t\u00edven\u00ed Panny Marie na N\u00e1m\u011bst\u00ed Svobody ve Vimperku.<\/strong><\/p>\n<p style=\"text-align: justify;\">Ty ve vimpersk\u00e9m kostele le\u017e\u00ed v\u00a0zasklen\u00e9 tumb\u011b z\u00a0roku 1768, kter\u00e1 je b\u011b\u017en\u011b um\u00edst\u011bn\u00e1 pod olt\u00e1\u0159em a v\u011b\u0159\u00edc\u00ed na ostatky hled\u00ed skrze sklen\u011bnou rakev a zasklen\u00e1 dv\u00ed\u0159ka olt\u00e1\u0159e. Ostatky jsou zahalen\u00e9 do barokn\u00edho roucha, kter\u00e9 je poset\u00e9 ozdobami z\u00a0d\u00edlen \u0161umavsk\u00fdch skl\u00e1\u0159\u016f.<\/p>\n<p style=\"text-align: justify;\">Inocence renovuje Eva \u0158\u00edhov\u00e1, konzerv\u00e1torka St\u00e1tn\u00edho z\u00e1mku Vimperk. Pr\u00e1ci, kterou v\u00a0t\u011bchto dnech dokon\u010duje, d\u011bl\u00e1 \u00fapln\u011b zadarmo. <strong><em>\u201eOstatky byly v\u00a0ned\u016fstojn\u00e9m stavu. Jejich o\u010dista byla nutn\u00e1,\u201c<\/em><\/strong> uv\u00e1d\u00ed Eva \u0158\u00edhov\u00e1. V\u0161e postupn\u011b zbavuje n\u00e1nos\u016f prachu, pavu\u010din a \u0161p\u00edny. <strong><em>\u201ePot\u00e9 jsem destilovanou vodou o\u010distila v\u0161echny ozdoby a rychle vysou\u0161ela. Pak jsem speci\u00e1ln\u00edm p\u0159\u00edpravkem vy\u010distila i sklen\u011bnou rakev, ve kter\u00e9 Inocenc le\u017eel,\u201c <\/em><\/strong>popisuje \u0161ikovn\u00e1 konzerv\u00e1torka. Po o\u010di\u0161t\u011bn\u00ed se sklen\u011bn\u00e1 rakev s\u00a0ostatky zav\u0159e a vr\u00e1t\u00ed na p\u016fvodn\u00ed m\u00edsto.<\/p>\n<p style=\"text-align: justify;\"><strong>\u201eBarokn\u00ed olt\u00e1\u0159e m\u011bly podobu hrobu, kam se d\u00e1valy ostatky svat\u00e9ho, kter\u00e9mu je kostel zasv\u011bcen\u00fd. Stejn\u011b jako si p\u0159ipom\u00edn\u00e1me ob\u011bti t\u011bch, kte\u0159\u00ed padli za m\u00edr ve sv\u011btov\u00fdch v\u00e1lk\u00e1ch, tak my k\u0159es\u0165an\u00e9 nezapom\u00edn\u00e1me na ob\u011bti mu\u010dedn\u00edk\u016f, kte\u0159\u00ed polo\u017eili \u017eivot za v\u00edru v\u00a0Je\u017e\u00ed\u0161e Krista,\u201c<\/strong> uv\u00e1d\u00ed vimpersk\u00fd pater Petr Misa\u0159.<\/p>\n<p style=\"text-align: justify;\">Svat\u00fd Inocenc byl podle \u0159\u00edmsk\u00e9ho historika Eusebia umu\u010den v\u00a0roce 303 po Kristu. Podle pov\u011bsti se to poda\u0159ilo a\u017e na t\u0159et\u00ed pokus. Neu\u0161kodily mu ani plameny, ani voda, tehdej\u0161\u00edm pron\u00e1sledovatel\u016fm k\u0159es\u0165an\u016f se poprava poda\u0159ila a\u017e ob\u011b\u0161en\u00edm. Jeho mrtvola byla pochov\u00e1na v\u00a0\u0159\u00edmsk\u00fdch katakomb\u00e1ch. Z\u00edskat ostatky tohoto sv\u011btce pro vimperskou farnost nebylo snadn\u00e9 a poda\u0159ilo se to nakonec a\u017e Janu Squorovi, rod\u00e1kovi z\u00a0Vimperka. Darovac\u00ed listina byla vyhotovena v\u00a0\u0158\u00edm\u011b dne 7. \u010dervna 1764, do Vimperka se ostatky dostaly a\u017e 1. prosince 1768.<\/p>\n<p style=\"text-align: justify;\"><strong>(pp)<\/strong><\/p>\n<p><strong>Foto: Pavel PECHOU\u0160EK a Milan PE\u0160EK<\/strong><\/p>\n<div id='gallery-1' class='gallery galleryid-19521 gallery-columns-3 gallery-size-medium'><figure class='gallery-item'>\n\t\t\t<div class='gallery-icon landscape'>\n\t\t\t\t<a href='https:\/\/zakrasnejsivimperk.cz\/?attachment_id=19522'><img loading=\"lazy\" decoding=\"async\" width=\"300\" height=\"200\" src=\"https:\/\/zakrasnejsivimperk.cz\/wp-content\/uploads\/2015\/05\/Inocenc-1-300x200.jpg\" class=\"attachment-medium size-medium\" alt=\"\" srcset=\"https:\/\/zakrasnejsivimperk.cz\/wp-content\/uploads\/2015\/05\/Inocenc-1-300x200.jpg 300w, https:\/\/zakrasnejsivimperk.cz\/wp-content\/uploads\/2015\/05\/Inocenc-1-536x357.jpg 536w, https:\/\/zakrasnejsivimperk.cz\/wp-content\/uploads\/2015\/05\/Inocenc-1-725x483.jpg 725w, https:\/\/zakrasnejsivimperk.cz\/wp-content\/uploads\/2015\/05\/Inocenc-1-570x380.jpg 570w, https:\/\/zakrasnejsivimperk.cz\/wp-content\/uploads\/2015\/05\/Inocenc-1-375x250.jpg 375w, https:\/\/zakrasnejsivimperk.cz\/wp-content\/uploads\/2015\/05\/Inocenc-1-276x184.jpg 276w, https:\/\/zakrasnejsivimperk.cz\/wp-content\/uploads\/2015\/05\/Inocenc-1-180x120.jpg 180w, https:\/\/zakrasnejsivimperk.cz\/wp-content\/uploads\/2015\/05\/Inocenc-1-480x320.jpg 480w, https:\/\/zakrasnejsivimperk.cz\/wp-content\/uploads\/2015\/05\/Inocenc-1.jpg 800w\" sizes=\"(max-width: 300px) 100vw, 300px\" \/><\/a>\n\t\t\t<\/div><\/figure><figure class='gallery-item'>\n\t\t\t<div class='gallery-icon portrait'>\n\t\t\t\t<a href='https:\/\/zakrasnejsivimperk.cz\/?attachment_id=19523'><img loading=\"lazy\" decoding=\"async\" width=\"200\" height=\"300\" src=\"https:\/\/zakrasnejsivimperk.cz\/wp-content\/uploads\/2015\/05\/Inocenc-2-200x300.jpg\" class=\"attachment-medium size-medium\" alt=\"\" srcset=\"https:\/\/zakrasnejsivimperk.cz\/wp-content\/uploads\/2015\/05\/Inocenc-2-200x300.jpg 200w, https:\/\/zakrasnejsivimperk.cz\/wp-content\/uploads\/2015\/05\/Inocenc-2-238x357.jpg 238w, https:\/\/zakrasnejsivimperk.cz\/wp-content\/uploads\/2015\/05\/Inocenc-2-322x483.jpg 322w, https:\/\/zakrasnejsivimperk.cz\/wp-content\/uploads\/2015\/05\/Inocenc-2-375x562.jpg 375w, https:\/\/zakrasnejsivimperk.cz\/wp-content\/uploads\/2015\/05\/Inocenc-2-276x414.jpg 276w, https:\/\/zakrasnejsivimperk.cz\/wp-content\/uploads\/2015\/05\/Inocenc-2-180x270.jpg 180w, https:\/\/zakrasnejsivimperk.cz\/wp-content\/uploads\/2015\/05\/Inocenc-2-480x720.jpg 480w, https:\/\/zakrasnejsivimperk.cz\/wp-content\/uploads\/2015\/05\/Inocenc-2.jpg 533w\" sizes=\"(max-width: 200px) 100vw, 200px\" \/><\/a>\n\t\t\t<\/div><\/figure><figure class='gallery-item'>\n\t\t\t<div class='gallery-icon landscape'>\n\t\t\t\t<a href='https:\/\/zakrasnejsivimperk.cz\/?attachment_id=19524'><img loading=\"lazy\" decoding=\"async\" width=\"300\" height=\"200\" src=\"https:\/\/zakrasnejsivimperk.cz\/wp-content\/uploads\/2015\/05\/Inocenc-3-300x200.jpg\" class=\"attachment-medium size-medium\" alt=\"\" srcset=\"https:\/\/zakrasnejsivimperk.cz\/wp-content\/uploads\/2015\/05\/Inocenc-3-300x200.jpg 300w, https:\/\/zakrasnejsivimperk.cz\/wp-content\/uploads\/2015\/05\/Inocenc-3-536x357.jpg 536w, https:\/\/zakrasnejsivimperk.cz\/wp-content\/uploads\/2015\/05\/Inocenc-3-725x483.jpg 725w, https:\/\/zakrasnejsivimperk.cz\/wp-content\/uploads\/2015\/05\/Inocenc-3-570x380.jpg 570w, https:\/\/zakrasnejsivimperk.cz\/wp-content\/uploads\/2015\/05\/Inocenc-3-375x250.jpg 375w, https:\/\/zakrasnejsivimperk.cz\/wp-content\/uploads\/2015\/05\/Inocenc-3-276x184.jpg 276w, https:\/\/zakrasnejsivimperk.cz\/wp-content\/uploads\/2015\/05\/Inocenc-3-180x120.jpg 180w, https:\/\/zakrasnejsivimperk.cz\/wp-content\/uploads\/2015\/05\/Inocenc-3-480x320.jpg 480w, https:\/\/zakrasnejsivimperk.cz\/wp-content\/uploads\/2015\/05\/Inocenc-3.jpg 800w\" sizes=\"(max-width: 300px) 100vw, 300px\" \/><\/a>\n\t\t\t<\/div><\/figure><figure class='gallery-item'>\n\t\t\t<div class='gallery-icon portrait'>\n\t\t\t\t<a href='https:\/\/zakrasnejsivimperk.cz\/?attachment_id=19525'><img loading=\"lazy\" decoding=\"async\" width=\"225\" height=\"300\" src=\"https:\/\/zakrasnejsivimperk.cz\/wp-content\/uploads\/2015\/05\/Inocenc-4-225x300.jpg\" class=\"attachment-medium size-medium\" alt=\"\" srcset=\"https:\/\/zakrasnejsivimperk.cz\/wp-content\/uploads\/2015\/05\/Inocenc-4-225x300.jpg 225w, https:\/\/zakrasnejsivimperk.cz\/wp-content\/uploads\/2015\/05\/Inocenc-4-268x357.jpg 268w, https:\/\/zakrasnejsivimperk.cz\/wp-content\/uploads\/2015\/05\/Inocenc-4-362x483.jpg 362w, https:\/\/zakrasnejsivimperk.cz\/wp-content\/uploads\/2015\/05\/Inocenc-4-150x200.jpg 150w, https:\/\/zakrasnejsivimperk.cz\/wp-content\/uploads\/2015\/05\/Inocenc-4.jpg 600w\" sizes=\"(max-width: 225px) 100vw, 225px\" \/><\/a>\n\t\t\t<\/div><\/figure><figure class='gallery-item'>\n\t\t\t<div class='gallery-icon landscape'>\n\t\t\t\t<a href='https:\/\/zakrasnejsivimperk.cz\/?attachment_id=19526'><img loading=\"lazy\" decoding=\"async\" width=\"300\" height=\"225\" src=\"https:\/\/zakrasnejsivimperk.cz\/wp-content\/uploads\/2015\/05\/Inocenc-5-300x225.jpg\" class=\"attachment-medium size-medium\" alt=\"\" srcset=\"https:\/\/zakrasnejsivimperk.cz\/wp-content\/uploads\/2015\/05\/Inocenc-5-300x225.jpg 300w, https:\/\/zakrasnejsivimperk.cz\/wp-content\/uploads\/2015\/05\/Inocenc-5-476x357.jpg 476w, https:\/\/zakrasnejsivimperk.cz\/wp-content\/uploads\/2015\/05\/Inocenc-5-644x483.jpg 644w, https:\/\/zakrasnejsivimperk.cz\/wp-content\/uploads\/2015\/05\/Inocenc-5.jpg 800w\" sizes=\"(max-width: 300px) 100vw, 300px\" \/><\/a>\n\t\t\t<\/div><\/figure><figure class='gallery-item'>\n\t\t\t<div class='gallery-icon landscape'>\n\t\t\t\t<a href='https:\/\/zakrasnejsivimperk.cz\/?attachment_id=19527'><img loading=\"lazy\" decoding=\"async\" width=\"300\" height=\"225\" src=\"https:\/\/zakrasnejsivimperk.cz\/wp-content\/uploads\/2015\/05\/Inocenc-6-300x225.jpg\" class=\"attachment-medium size-medium\" alt=\"\" srcset=\"https:\/\/zakrasnejsivimperk.cz\/wp-content\/uploads\/2015\/05\/Inocenc-6-300x225.jpg 300w, https:\/\/zakrasnejsivimperk.cz\/wp-content\/uploads\/2015\/05\/Inocenc-6-476x357.jpg 476w, https:\/\/zakrasnejsivimperk.cz\/wp-content\/uploads\/2015\/05\/Inocenc-6-644x483.jpg 644w, https:\/\/zakrasnejsivimperk.cz\/wp-content\/uploads\/2015\/05\/Inocenc-6.jpg 800w\" sizes=\"(max-width: 300px) 100vw, 300px\" \/><\/a>\n\t\t\t<\/div><\/figure>\n\t\t<\/div>\n\n","protected":false},"excerpt":{"rendered":"<p>Prachu a <\/p>\n","protected":false},"author":2,"featured_media":19527,"comment_status":"open","ping_status":"open","sticky":false,"template":"","format":"gallery","meta":{"footnotes":""},"categories":[4],"tags":[],"jetpack_featured_media_url":"https:\/\/zakrasnejsivimperk.cz\/wp-content\/uploads\/2015\/05\/Inocenc-6.jpg","_links":{"self":[{"href":"https:\/\/zakrasnejsivimperk.cz\/index.php?rest_route=\/wp\/v2\/posts\/19521"}],"collection":[{"href":"https:\/\/zakrasnejsivimperk.cz\/index.php?rest_route=\/wp\/v2\/posts"}],"about":[{"href":"https:\/\/zakrasnejsivimperk.cz\/index.php?rest_route=\/wp\/v2\/types\/post"}],"author":[{"embeddable":true,"href":"https:\/\/zakrasnejsivimperk.cz\/index.php?rest_route=\/wp\/v2\/users\/2"}],"replies":[{"embeddable":true,"href":"https:\/\/zakrasnejsivimperk.cz\/index.php?rest_route=%2Fwp%2Fv2%2Fcomments&post=19521"}],"version-history":[{"count":1,"href":"https:\/\/zakrasnejsivimperk.cz\/index.php?rest_route=\/wp\/v2\/posts\/19521\/revisions"}],"predecessor-version":[{"id":19528,"href":"https:\/\/zakrasnejsivimperk.cz\/index.php?rest_route=\/wp\/v2\/posts\/19521\/revisions\/19528"}],"wp:featuredmedia":[{"embeddable":true,"href":"https:\/\/zakrasnejsivimperk.cz\/index.php?rest_route=\/wp\/v2\/media\/19527"}],"wp:attachment":[{"href":"https:\/\/zakrasnejsivimperk.cz\/index.php?rest_route=%2Fwp%2Fv2%2Fmedia&parent=19521"}],"wp:term":[{"taxonomy":"category","embeddable":true,"href":"https:\/\/zakrasnejsivimperk.cz\/index.php?rest_route=%2Fwp%2Fv2%2Fcategories&post=19521"},{"taxonomy":"post_tag","embeddable":true,"href":"https:\/\/zakrasnejsivimperk.cz\/index.php?rest_route=%2Fwp%2Fv2%2Ftags&post=19521"}],"curies":[{"name":"wp","href":"https:\/\/api.w.org\/{rel}","templated":true}]}}