{"id":19498,"date":"2015-05-16T17:06:03","date_gmt":"2015-05-16T16:06:03","guid":{"rendered":"http:\/\/zakrasnejsivimperk.cz\/?p=19498"},"modified":"2015-05-17T12:06:31","modified_gmt":"2015-05-17T11:06:31","slug":"vikend-s-fotakem-letni-tabor-vimperske-nerudovky-pokracuje-druhou-casti","status":"publish","type":"post","link":"https:\/\/zakrasnejsivimperk.cz\/?p=19498","title":{"rendered":"V\u00cdKEND S FO\u0164\u00c1KEM: Letn\u00ed t\u00e1bor vimpersk\u00e9 Nerudovky pokra\u010duje druhou \u010d\u00e1st\u00ed"},"content":{"rendered":"<p style=\"text-align: justify;\">Zat\u00edmco p\u0159ed t\u00fddnem to byl <strong><a href=\"http:\/\/zakrasnejsivimperk.cz\/?p=18747\" target=\"_blank\">v\u00edkend s<\/a><a href=\"http:\/\/zakrasnejsivimperk.cz\/?p=18747\" target=\"_blank\"> kamerou<\/a><\/strong>, tentokr\u00e1t jsou to dva sv\u00e1te\u010dn\u00ed dny s fotoapar\u00e1tem. Letn\u00ed t\u00e1bor vimpersk\u00e9 St\u0159edn\u00ed \u0161koly a Z\u00e1kladn\u00ed \u0161koly v Nerudov\u011b ulici pro \u017e\u00e1ky z\u00e1kladn\u00edch a studenty st\u0159edn\u00edch \u0161kol pokra\u010duje druhou \u010d\u00e1st\u00ed, kter\u00e1 je v\u011bnov\u00e1na fotografov\u00e1n\u00ed. S \u00fa\u010dastn\u00edky se m\u016f\u017eete setkat v \u0161umavsk\u00e9 krajin\u011b. V\u00fdb\u011br jimi po\u0159\u00edzen\u00fdch sn\u00edmk\u016f p\u0159ineseme tak\u00e9 na na\u0161ich str\u00e1nk\u00e1ch.<\/p>\n<p style=\"text-align: justify;\"><em>P\u0159i filmov\u00e9 \u010d\u00e1sti letn\u00edho t\u00e1bora vznikl film, kter\u00fd m\u016f\u017eete vid\u011bt zde:<\/em> <strong><a href=\"https:\/\/www.youtube.com\/watch?v=I8KXDCWiFhw\" target=\"_blank\">VIMPERK &#8211; m\u011bsto poklad\u016f<\/a><\/strong><\/p>\n<p><strong>(red)<\/strong><\/p>\n<p><strong>Foto: (mpi)<\/strong><\/p>\n\n","protected":false},"excerpt":{"rendered":"<p>Zat\u00edmco p\u0159ed <\/p>\n","protected":false},"author":2,"featured_media":0,"comment_status":"open","ping_status":"open","sticky":false,"template":"","format":"gallery","meta":{"footnotes":""},"categories":[4],"tags":[],"jetpack_featured_media_url":"","_links":{"self":[{"href":"https:\/\/zakrasnejsivimperk.cz\/index.php?rest_route=\/wp\/v2\/posts\/19498"}],"collection":[{"href":"https:\/\/zakrasnejsivimperk.cz\/index.php?rest_route=\/wp\/v2\/posts"}],"about":[{"href":"https:\/\/zakrasnejsivimperk.cz\/index.php?rest_route=\/wp\/v2\/types\/post"}],"author":[{"embeddable":true,"href":"https:\/\/zakrasnejsivimperk.cz\/index.php?rest_route=\/wp\/v2\/users\/2"}],"replies":[{"embeddable":true,"href":"https:\/\/zakrasnejsivimperk.cz\/index.php?rest_route=%2Fwp%2Fv2%2Fcomments&post=19498"}],"version-history":[{"count":3,"href":"https:\/\/zakrasnejsivimperk.cz\/index.php?rest_route=\/wp\/v2\/posts\/19498\/revisions"}],"predecessor-version":[{"id":19512,"href":"https:\/\/zakrasnejsivimperk.cz\/index.php?rest_route=\/wp\/v2\/posts\/19498\/revisions\/19512"}],"wp:attachment":[{"href":"https:\/\/zakrasnejsivimperk.cz\/index.php?rest_route=%2Fwp%2Fv2%2Fmedia&parent=19498"}],"wp:term":[{"taxonomy":"category","embeddable":true,"href":"https:\/\/zakrasnejsivimperk.cz\/index.php?rest_route=%2Fwp%2Fv2%2Fcategories&post=19498"},{"taxonomy":"post_tag","embeddable":true,"href":"https:\/\/zakrasnejsivimperk.cz\/index.php?rest_route=%2Fwp%2Fv2%2Ftags&post=19498"}],"curies":[{"name":"wp","href":"https:\/\/api.w.org\/{rel}","templated":true}]}}