{"id":19383,"date":"2015-05-15T21:03:39","date_gmt":"2015-05-15T20:03:39","guid":{"rendered":"http:\/\/zakrasnejsivimperk.cz\/?p=19383"},"modified":"2015-05-15T21:08:27","modified_gmt":"2015-05-15T20:08:27","slug":"radnice-informuje-senator-karel-kratochvile-prislibil-mestu-pomoc-pri-snaze-o-modernizaci-silnice14","status":"publish","type":"post","link":"https:\/\/zakrasnejsivimperk.cz\/?p=19383","title":{"rendered":"RADNICE INFORMUJE: Sen\u00e1tor Karel Kratochv\u00edle p\u0159isl\u00edbil pomoc p\u0159i snaze o modernizaci silnice1\/4"},"content":{"rendered":"<p style=\"text-align: justify;\">Pr\u00e1che\u0148sk\u00fd sen\u00e1tor Karel Kratochv\u00edle nav\u0161t\u00edvil tento t\u00fdden Vimperk. P\u0159i rozhovoru se starostkou Jaroslavou Martanovou a m\u00edstostarostou Ji\u0159\u00edm Caisem zjistil, co Vimperk tr\u00e1p\u00ed a v\u00a0\u010dem by, v\u00a0r\u00e1mci sv\u00e9 agendy, mohl m\u011bstu pomoci. <strong><em>\u201ePan sen\u00e1tor sl\u00edbil, \u017ee pom\u016f\u017ee Vimperku p\u0159i snaze o modernizaci silnice1\/4. Ta by umo\u017enila bezpe\u010dn\u011bj\u0161\u00ed a rychlej\u0161\u00ed pr\u016fjezd m\u011bstem. S\u00a0t\u00edm tak\u00e9 souvis\u00ed demolice objekt\u016f po prav\u00e9 i lev\u00e9 stran\u011b Pasovsk\u00e9 ulice, kter\u00e9 jsou zhruba od roku 2002 opu\u0161t\u011bn\u00e9 a jsou ostudou m\u011bsta p\u0159i vjezdu od Str\u00e1\u017en\u00e9ho,\u201c<\/em><\/strong> uvedla Jaroslava Martanov\u00e1 starostka Vimperka.<\/p>\n<p style=\"text-align: justify;\"><strong>Text a foto: (pp)<\/strong><\/p>\n<div id='gallery-1' class='gallery galleryid-19383 gallery-columns-3 gallery-size-medium'><figure class='gallery-item'>\n\t\t\t<div class='gallery-icon landscape'>\n\t\t\t\t<a href='https:\/\/zakrasnejsivimperk.cz\/?attachment_id=19385'><img loading=\"lazy\" decoding=\"async\" width=\"300\" height=\"198\" src=\"https:\/\/zakrasnejsivimperk.cz\/wp-content\/uploads\/2015\/05\/zleva-Kratochv\u00edle-Martanov\u00e1-Cais-300x198.jpg\" class=\"attachment-medium size-medium\" alt=\"\" aria-describedby=\"gallery-1-19385\" srcset=\"https:\/\/zakrasnejsivimperk.cz\/wp-content\/uploads\/2015\/05\/zleva-Kratochv\u00edle-Martanov\u00e1-Cais-300x198.jpg 300w, https:\/\/zakrasnejsivimperk.cz\/wp-content\/uploads\/2015\/05\/zleva-Kratochv\u00edle-Martanov\u00e1-Cais-100x65.jpg 100w, https:\/\/zakrasnejsivimperk.cz\/wp-content\/uploads\/2015\/05\/zleva-Kratochv\u00edle-Martanov\u00e1-Cais-540x357.jpg 540w, https:\/\/zakrasnejsivimperk.cz\/wp-content\/uploads\/2015\/05\/zleva-Kratochv\u00edle-Martanov\u00e1-Cais-730x483.jpg 730w, https:\/\/zakrasnejsivimperk.cz\/wp-content\/uploads\/2015\/05\/zleva-Kratochv\u00edle-Martanov\u00e1-Cais-180x120.jpg 180w, https:\/\/zakrasnejsivimperk.cz\/wp-content\/uploads\/2015\/05\/zleva-Kratochv\u00edle-Martanov\u00e1-Cais.jpg 800w\" sizes=\"(max-width: 300px) 100vw, 300px\" \/><\/a>\n\t\t\t<\/div>\n\t\t\t\t<figcaption class='wp-caption-text gallery-caption' id='gallery-1-19385'>\n\t\t\t\tZleva Karel Kratochv\u00edle, Jaroslava Martanov\u00e1 a Ji\u0159\u00ed Cais\n\t\t\t\t<\/figcaption><\/figure>\n\t\t<\/div>\n\n<p>&nbsp;<\/p>\n<p>&nbsp;<\/p>\n<p>&nbsp;<\/p>\n<p>&nbsp;<\/p>\n<p>&nbsp;<\/p>\n<p style=\"text-align: justify;\">\n","protected":false},"excerpt":{"rendered":"<p>Pr\u00e1che\u0148sk\u00fd sen\u00e1tor <\/p>\n","protected":false},"author":2,"featured_media":0,"comment_status":"open","ping_status":"open","sticky":false,"template":"","format":"gallery","meta":{"footnotes":""},"categories":[4],"tags":[],"jetpack_featured_media_url":"","_links":{"self":[{"href":"https:\/\/zakrasnejsivimperk.cz\/index.php?rest_route=\/wp\/v2\/posts\/19383"}],"collection":[{"href":"https:\/\/zakrasnejsivimperk.cz\/index.php?rest_route=\/wp\/v2\/posts"}],"about":[{"href":"https:\/\/zakrasnejsivimperk.cz\/index.php?rest_route=\/wp\/v2\/types\/post"}],"author":[{"embeddable":true,"href":"https:\/\/zakrasnejsivimperk.cz\/index.php?rest_route=\/wp\/v2\/users\/2"}],"replies":[{"embeddable":true,"href":"https:\/\/zakrasnejsivimperk.cz\/index.php?rest_route=%2Fwp%2Fv2%2Fcomments&post=19383"}],"version-history":[{"count":6,"href":"https:\/\/zakrasnejsivimperk.cz\/index.php?rest_route=\/wp\/v2\/posts\/19383\/revisions"}],"predecessor-version":[{"id":19458,"href":"https:\/\/zakrasnejsivimperk.cz\/index.php?rest_route=\/wp\/v2\/posts\/19383\/revisions\/19458"}],"wp:attachment":[{"href":"https:\/\/zakrasnejsivimperk.cz\/index.php?rest_route=%2Fwp%2Fv2%2Fmedia&parent=19383"}],"wp:term":[{"taxonomy":"category","embeddable":true,"href":"https:\/\/zakrasnejsivimperk.cz\/index.php?rest_route=%2Fwp%2Fv2%2Fcategories&post=19383"},{"taxonomy":"post_tag","embeddable":true,"href":"https:\/\/zakrasnejsivimperk.cz\/index.php?rest_route=%2Fwp%2Fv2%2Ftags&post=19383"}],"curies":[{"name":"wp","href":"https:\/\/api.w.org\/{rel}","templated":true}]}}