{"id":19339,"date":"2015-05-24T21:27:36","date_gmt":"2015-05-24T20:27:36","guid":{"rendered":"http:\/\/zakrasnejsivimperk.cz\/?p=19339"},"modified":"2015-05-24T21:27:36","modified_gmt":"2015-05-24T20:27:36","slug":"radnice-informuje-vimpersti-seniori-trenuji-pamet-pri-specialnich-kurzech","status":"publish","type":"post","link":"https:\/\/zakrasnejsivimperk.cz\/?p=19339","title":{"rendered":"RADNICE INFORMUJE: Vimper\u0161t\u00ed senio\u0159i tr\u00e9nuj\u00ed pam\u011b\u0165 p\u0159i speci\u00e1ln\u00edch kurzech"},"content":{"rendered":"<p style=\"text-align: justify;\">Tr\u00e9nink pam\u011bti \u2013 nov\u00fd kurz, kter\u00fd pro vimpersk\u00e9 seniory zorganizovalo M\u011bsto Vimperk. Kurz m\u00e1 p\u011bt lekc\u00ed a nav\u0161t\u011bvuje ho maxim\u00e1ln\u00ed po\u010det, tedy 10 senior\u016f.<\/p>\n<p style=\"text-align: justify;\"><strong><em>\u201eB\u011bhem kurzu za\u0159azuji speci\u00e1ln\u00ed cvi\u010den\u00ed, kter\u00e1 sm\u011b\u0159uj\u00ed k\u00a0procvi\u010dov\u00e1n\u00ed kr\u00e1tkodob\u00e9 pam\u011bti, vybavov\u00e1n\u00ed z dlouhodob\u00e9 pam\u011bti, absolvujeme kr\u00e1tk\u00e1 senzomotorick\u00e1 cvi\u010den\u00ed. M\u00fdm c\u00edlem je \u00fa\u010dastn\u00edk\u016fm p\u0159edstavit jednotliv\u00e9 techniky zapamatov\u00e1n\u00ed, kter\u00e9 jim pomohou zvl\u00e1dat ka\u017edodenn\u00ed \u017eivotn\u00ed agendu i ve vy\u0161\u0161\u00edm v\u011bku,\u201c <\/em><\/strong>uv\u00e1d\u00ed Hana Holubov\u00e1, lektorka kurzu z\u00a0Jiho\u010desk\u00e9ho centra pro zdravotn\u011b posti\u017een\u00e9 a seniory o.p.s.<\/p>\n<p style=\"text-align: justify;\"><strong><em>\u201eKa\u017ed\u00e1 hodina m\u00e1 sv\u00e9 t\u00e9ma. Nap\u0159\u00edklad \u010d\u00edsla. Proto jsme si dnes p\u0159edstavovali pam\u011b\u0165ovou techniku usnad\u0148uj\u00edc\u00ed zapamatov\u00e1n\u00ed \u010d\u00edsel. Domn\u00edv\u00e1m se, \u017ee tr\u00e9nink pam\u011bti senior\u016fm krom\u011b jin\u00e9ho p\u0159in\u00e1\u0161\u00ed pozn\u00e1n\u00ed, \u017ee jejich pam\u011bt je st\u00e1le funk\u010dn\u00ed,\u201c <\/em><\/strong>dopl\u0148uje Hana Holubov\u00e1.<\/p>\n<p style=\"text-align: justify;\">Tr\u00e9nink pam\u011bti nen\u00ed v\u00a0\u017e\u00e1dn\u00e9m p\u0159\u00edpad\u011b jedin\u00e1 akce, kter\u00e9 m\u011bsto pro seniory p\u0159ipravuje.\u00a0<strong><em>\u201eNap\u0159\u00edklad v\u00a0dubnu jsme p\u0159ipravili kurz pr\u00e1ce na po\u010d\u00edta\u010di,\u201c <\/em><\/strong>jmenuje Jana Schererov\u00e1, vedouc\u00ed Odboru vnit\u0159n\u00edch v\u011bc\u00ed M\u011bstsk\u00e9ho \u00fa\u0159adu Vimperk. Popul\u00e1rn\u00ed je vimpersk\u00e1 akademie senior\u016f, kter\u00e1 p\u0159edstavuje s\u00e9rii p\u0159edn\u00e1\u0161ek na r\u016fzn\u00e1 t\u00e9mata a tematicky zam\u011b\u0159en\u00e9 v\u00fdlety.<\/p>\n<p><strong>Text a foto: (pp)<\/strong><\/p>\n<p>&nbsp;<\/p>\n<p>&nbsp;<\/p>\n<p>&nbsp;<\/p>\n","protected":false},"excerpt":{"rendered":"<p>Tr\u00e9nink pam\u011bti <\/p>\n","protected":false},"author":2,"featured_media":19340,"comment_status":"open","ping_status":"open","sticky":false,"template":"","format":"standard","meta":{"footnotes":""},"categories":[4],"tags":[],"jetpack_featured_media_url":"https:\/\/zakrasnejsivimperk.cz\/wp-content\/uploads\/2015\/05\/trenink-pam\u011bti.jpg","_links":{"self":[{"href":"https:\/\/zakrasnejsivimperk.cz\/index.php?rest_route=\/wp\/v2\/posts\/19339"}],"collection":[{"href":"https:\/\/zakrasnejsivimperk.cz\/index.php?rest_route=\/wp\/v2\/posts"}],"about":[{"href":"https:\/\/zakrasnejsivimperk.cz\/index.php?rest_route=\/wp\/v2\/types\/post"}],"author":[{"embeddable":true,"href":"https:\/\/zakrasnejsivimperk.cz\/index.php?rest_route=\/wp\/v2\/users\/2"}],"replies":[{"embeddable":true,"href":"https:\/\/zakrasnejsivimperk.cz\/index.php?rest_route=%2Fwp%2Fv2%2Fcomments&post=19339"}],"version-history":[{"count":2,"href":"https:\/\/zakrasnejsivimperk.cz\/index.php?rest_route=\/wp\/v2\/posts\/19339\/revisions"}],"predecessor-version":[{"id":19342,"href":"https:\/\/zakrasnejsivimperk.cz\/index.php?rest_route=\/wp\/v2\/posts\/19339\/revisions\/19342"}],"wp:featuredmedia":[{"embeddable":true,"href":"https:\/\/zakrasnejsivimperk.cz\/index.php?rest_route=\/wp\/v2\/media\/19340"}],"wp:attachment":[{"href":"https:\/\/zakrasnejsivimperk.cz\/index.php?rest_route=%2Fwp%2Fv2%2Fmedia&parent=19339"}],"wp:term":[{"taxonomy":"category","embeddable":true,"href":"https:\/\/zakrasnejsivimperk.cz\/index.php?rest_route=%2Fwp%2Fv2%2Fcategories&post=19339"},{"taxonomy":"post_tag","embeddable":true,"href":"https:\/\/zakrasnejsivimperk.cz\/index.php?rest_route=%2Fwp%2Fv2%2Ftags&post=19339"}],"curies":[{"name":"wp","href":"https:\/\/api.w.org\/{rel}","templated":true}]}}