{"id":19119,"date":"2015-05-12T21:35:03","date_gmt":"2015-05-12T20:35:03","guid":{"rendered":"http:\/\/zakrasnejsivimperk.cz\/?p=19119"},"modified":"2015-05-14T08:12:05","modified_gmt":"2015-05-14T07:12:05","slug":"majales-vimperk-hudba-zpev-workshopy-dobre-jidlo-i-piti-na-otazky-odpovida-simon-blaschko-2","status":"publish","type":"post","link":"https:\/\/zakrasnejsivimperk.cz\/?p=19119","title":{"rendered":"MAJ\u00c1LES VIMPERK: Hudba, zp\u011bv, workshopy, dobr\u00e9 j\u00eddlo i pit\u00ed. Na ot\u00e1zky odpov\u00edd\u00e1 \u0160imon Blaschko"},"content":{"rendered":"<p>&nbsp;<\/p>\n<p>&nbsp;<\/p>\n<p style=\"text-align: justify;\"><strong>Vimpersk\u00fd maj\u00e1les se nezadr\u017eiteln\u011b bl\u00ed\u017e\u00ed. P\u0159ipome\u0148me, \u017ee se kon\u00e1 v p\u00e1tek 15. kv\u011btna. Leto\u0161n\u00ed novinkou je velk\u00fd kulturn\u00ed program v are\u00e1lu b\u00fdval\u00e9ho letn\u00edho divadla (kina), kter\u00fd po\u0159\u00e1d\u00e1 spolek MISSION Vimperk, z.s. Jeden z hlavn\u00edch organiz\u00e1tor\u016f, \u0160imon Blaschko, odpov\u011bd\u011bl redakci Za kr\u00e1sn\u011bj\u0161\u00ed Vimperk na n\u011bkolik ot\u00e1zek.<\/strong><\/p>\n<p>&nbsp;<\/p>\n<p>&nbsp;<\/p>\n<p>&nbsp;<\/p>\n<p><strong>Co v\u00e1s p\u0159ivedlo na my\u0161lenku uspo\u0159\u00e1dat kulturn\u00ed program maj\u00e1lesu?<\/strong><\/p>\n<p style=\"text-align: justify;\">Maj\u00e1les jsem za\u017eil je\u0161t\u011b jako student gymn\u00e1zia a u\u017e tehdy m\u011b velmi bavil. Krom\u011b toho jsem v t\u00e9 dob\u011b za\u010dal po\u0159\u00e1dat s klukama koncerty. A kdy\u017e jsme loni na podzim dumali nad n\u011bjakou novinkou, \u010d\u00edm bychom kulturn\u00ed d\u011bn\u00ed ve Vimperku o\u017eivili, byl maj\u00e1les jasn\u00e1 volba.<\/p>\n<p style=\"text-align: justify;\"><strong>Are\u00e1l b\u00fdval\u00e9ho letn\u00edho divadla (kina) dnes slou\u017e\u00ed jako park. P\u016fvodn\u00ed d\u0159ev\u011bn\u00e9 p\u00f3dium u\u017e je d\u00e1vno minulost\u00ed. Jak se vypo\u0159\u00e1d\u00e1te s touto skute\u010dnost\u00ed?<\/strong><\/p>\n<p style=\"text-align: justify;\">P\u0159es kontakty, kter\u00e9 jsme za p\u011bt let po\u0159\u00e1d\u00e1n\u00ed koncert\u016f nasb\u00edrali, jsme domluvili profesion\u00e1ln\u00ed festivalov\u00e9 p\u00f3dium s velmi kvalitn\u00edm osv\u011btlen\u00edm i ozvu\u010den\u00edm. Chyb\u011bt samoz\u0159ejm\u011b nebudou ani stany pro n\u00e1v\u0161t\u011bvn\u00edky, kde se budou moci ukr\u00fdt p\u0159ed p\u0159\u00edpadn\u00fdmi p\u0159eh\u00e1\u0148kami.<\/p>\n<p style=\"text-align: justify;\"><strong>Kdy\u017e zmi\u0148ujete n\u00e1v\u0161t\u011bvn\u00edky, jak se postar\u00e1te, aby nem\u011bli hlad a \u017e\u00edze\u0148, jak vy\u0159e\u0161\u00edte soci\u00e1ln\u00ed z\u00e1zem\u00ed v are\u00e1lu?<\/strong><\/p>\n<p style=\"text-align: justify;\">Co se ob\u010derstven\u00e1 t\u00fdk\u00e1, poda\u0159ilo se n\u00e1m domluvit s velmi siln\u00fdm partnerem &#8211; bud\u011bjovick\u00fdm Budvarem, kter\u00fd bude zaji\u0161\u0165ovat pivo. Na sv\u00e9 si ale p\u0159ijdou i milovn\u00edci m\u00edchan\u00fdch n\u00e1poj\u016f a \u0159idi\u010di &#8211; r\u016fzn\u00fdch drink\u016f i nealka bude tak\u00e9 dostatek. A samoz\u0159ejm\u011b nebude chyb\u011bt ani velk\u00fd v\u00fdb\u011br r\u016fzn\u00fdch druh\u016f j\u00eddla. Soci\u00e1ln\u00ed za\u0159\u00edzen\u00ed zaji\u0161\u0165uje dal\u0161\u00ed z na\u0161ich partner\u016f &#8211; firma Johnny Servis, se kterou m\u00e1me skv\u011bl\u00e9 zku\u0161enosti z jin\u00fdch projekt\u016f.<\/p>\n<p style=\"text-align: justify;\"><strong>V are\u00e1lu jsou d\u011btsk\u00e9 hern\u00ed prvky i okrasn\u00e9 stromy a ke\u0159e. Co ud\u011bl\u00e1te, aby nedo\u0161lo k jejich poni\u010den\u00ed?<\/strong><\/p>\n<p style=\"text-align: justify;\">To je u jednotliv\u00fdch prvk\u016f r\u016fzn\u00e9. N\u011bkter\u00e9 budou ukryt\u00e9 za plotem v prostoru pro kapely, jin\u00e9 budou odmontovan\u00e9, z jednoho ud\u011bl\u00e1me dokonce fotokout, kde si n\u00e1v\u0161t\u011bvn\u00edci budou moct po\u0159\u00eddit fotku na pam\u00e1tku. Pobl\u00ed\u017e v\u0161ech nav\u00edc budou hl\u00eddat pracovn\u00edci security, abychom m\u011bli co nejv\u011bt\u0161\u00ed jistotu, \u017ee se nic nestane.<\/p>\n<p><strong>A nyn\u00ed u\u017e k programu, koho n\u00e1v\u0161t\u011bvn\u00edci uvid\u00ed a usly\u0161\u00ed?<\/strong><\/p>\n<p style=\"text-align: justify;\">Hlavn\u00edmi hv\u011bzdami budou libereck\u00e1 hip hopov\u00e1 hv\u011bzda Paulie Garand a pra\u017esk\u00e1 pop-rockov\u00e1 kapela Zak\u00e1zan\u00fd ovoce. Velk\u00fd prostor ale d\u00e1v\u00e1me tak\u00e9 interpret\u016fm z na\u0161eho regionu &#8211; z nedalek\u00fdch Strakonic p\u0159ijede obl\u00edben\u00e1 kapela Bags, d\u00e1le vystoup\u00ed t\u0159eba nad\u011bjn\u00fd vimpersk\u00fd p\u00edsni\u010dk\u00e1\u0159 Michael Hrd\u00fd nebo jazzov\u00e1 kapela Houska Jazz. A kdy\u017e v\u00e1s zrovna hraj\u00edc\u00ed kapela nezaujme, budete si moct proj\u00edt are\u00e1l a zastavit se u n\u011bkter\u00e9ho z workshop\u016f!<\/p>\n<p style=\"text-align: justify;\"><strong>Po\u010das\u00ed je nevyzpytateln\u00e9, to jako kluci ze \u0160umavy dob\u0159e v\u00edte. M\u00e1te v z\u00e1loze mokrou variantu?<\/strong><\/p>\n<p style=\"text-align: justify;\">Bedliv\u011b sledujeme p\u0159edpov\u011bdi po\u010das\u00ed a sna\u017e\u00edme se b\u00fdt p\u0159ipraven\u00ed na v\u0161echno, z\u00e1lo\u017en\u00ed varianta samoz\u0159ejm\u011b existuje, pevn\u011b ale v\u011b\u0159\u00edme, \u017ee k n\u00ed nebudeme muset s\u00e1hnout. Pokud ano, v\u010das v\u0161echny informujeme.<\/p>\n<p style=\"text-align: justify;\"><strong>D\u00edky za odpov\u011bdi a a\u0165 v p\u00e1tek v\u0161echno klapne ke spokojenosti n\u00e1v\u0161t\u011bvn\u00edk\u016f i organiz\u00e1tor\u016f.<\/strong><br \/>\n<strong>Zden\u011bk JUNGVIRT<\/strong><\/p>\n","protected":false},"excerpt":{"rendered":"<p>&nbsp; &nbsp; <\/p>\n","protected":false},"author":2,"featured_media":19114,"comment_status":"open","ping_status":"open","sticky":false,"template":"","format":"standard","meta":{"footnotes":""},"categories":[4],"tags":[],"jetpack_featured_media_url":"https:\/\/zakrasnejsivimperk.cz\/wp-content\/uploads\/2015\/05\/\u0160imon-Blaschko.jpg","_links":{"self":[{"href":"https:\/\/zakrasnejsivimperk.cz\/index.php?rest_route=\/wp\/v2\/posts\/19119"}],"collection":[{"href":"https:\/\/zakrasnejsivimperk.cz\/index.php?rest_route=\/wp\/v2\/posts"}],"about":[{"href":"https:\/\/zakrasnejsivimperk.cz\/index.php?rest_route=\/wp\/v2\/types\/post"}],"author":[{"embeddable":true,"href":"https:\/\/zakrasnejsivimperk.cz\/index.php?rest_route=\/wp\/v2\/users\/2"}],"replies":[{"embeddable":true,"href":"https:\/\/zakrasnejsivimperk.cz\/index.php?rest_route=%2Fwp%2Fv2%2Fcomments&post=19119"}],"version-history":[{"count":7,"href":"https:\/\/zakrasnejsivimperk.cz\/index.php?rest_route=\/wp\/v2\/posts\/19119\/revisions"}],"predecessor-version":[{"id":19262,"href":"https:\/\/zakrasnejsivimperk.cz\/index.php?rest_route=\/wp\/v2\/posts\/19119\/revisions\/19262"}],"wp:featuredmedia":[{"embeddable":true,"href":"https:\/\/zakrasnejsivimperk.cz\/index.php?rest_route=\/wp\/v2\/media\/19114"}],"wp:attachment":[{"href":"https:\/\/zakrasnejsivimperk.cz\/index.php?rest_route=%2Fwp%2Fv2%2Fmedia&parent=19119"}],"wp:term":[{"taxonomy":"category","embeddable":true,"href":"https:\/\/zakrasnejsivimperk.cz\/index.php?rest_route=%2Fwp%2Fv2%2Fcategories&post=19119"},{"taxonomy":"post_tag","embeddable":true,"href":"https:\/\/zakrasnejsivimperk.cz\/index.php?rest_route=%2Fwp%2Fv2%2Ftags&post=19119"}],"curies":[{"name":"wp","href":"https:\/\/api.w.org\/{rel}","templated":true}]}}