{"id":18946,"date":"2015-05-11T12:49:07","date_gmt":"2015-05-11T11:49:07","guid":{"rendered":"http:\/\/zakrasnejsivimperk.cz\/?p=18946"},"modified":"2015-05-11T12:50:50","modified_gmt":"2015-05-11T11:50:50","slug":"majales-vimperk-dve-volne-vstupenky-ziskavaji-klara-zizkova-a-veronika-voldrichova","status":"publish","type":"post","link":"https:\/\/zakrasnejsivimperk.cz\/?p=18946","title":{"rendered":"MAJ\u00c1LES VIMPERK: Sout\u011b\u017e skon\u010dila. Dv\u011b vstupenky z\u00edsk\u00e1vaj\u00ed Kl\u00e1ra \u017di\u017ekov\u00e1 a Veronika Vold\u0159ichov\u00e1"},"content":{"rendered":"<p>V\u010derej\u0161\u00ed p\u016flnoc\u00ed skon\u010dila sout\u011b\u017e o dva voln\u00e9 l\u00edstky na <strong><a class=\"profileLink\" href=\"https:\/\/www.facebook.com\/krasnejsivimperk\" target=\"_blank\" data-gt=\"{&quot;entity_id&quot;:&quot;564254526975617&quot;,&quot;entity_path&quot;:&quot;\\\/ajax\\\/pagelet\\\/generic.php:LitestandMoreStoriesPagelet:topnews&quot;}\" data-hovercard=\"\/ajax\/hovercard\/page.php?id=564254526975617\">Za kr\u00e1sn\u011bj\u0161\u00ed Vimperk<\/a><\/strong>! Spr\u00e1vn\u00e1 odpov\u011b\u010f zn\u00ed, \u017ee t\u0159em hlavn\u00edm po\u0159adatel\u016fm bude v den kon\u00e1n\u00ed maj\u00e1lesu dohromady 74 let!<\/p>\n<p>Jako prvn\u00ed n\u00e1m svou spr\u00e1vnou odpov\u011b\u010f zaslaly a z\u00e1rove\u0148 se staly v\u00edt\u011bzkami voln\u00e9ho l\u00edstky tyto dv\u011b sle\u010dny: Kl\u00e1ra \u017di\u017ekov\u00e1 a\u00a0Veronika Vold\u0159ichov\u00e1.<\/p>\n<div class=\"text_exposed_show\">\n<p style=\"text-align: justify;\"><strong>Gratulujeme!<\/strong><\/p>\n<p style=\"text-align: justify;\"><strong>MAJ\u00c1LES VIMPERK<\/strong><\/p>\n<p style=\"text-align: justify;\">\n<\/div>\n","protected":false},"excerpt":{"rendered":"<p>V\u010derej\u0161\u00ed p\u016flnoc\u00ed <\/p>\n","protected":false},"author":2,"featured_media":17110,"comment_status":"open","ping_status":"open","sticky":false,"template":"","format":"standard","meta":{"footnotes":""},"categories":[4],"tags":[],"jetpack_featured_media_url":"https:\/\/zakrasnejsivimperk.cz\/wp-content\/uploads\/2015\/04\/majales.jpg","_links":{"self":[{"href":"https:\/\/zakrasnejsivimperk.cz\/index.php?rest_route=\/wp\/v2\/posts\/18946"}],"collection":[{"href":"https:\/\/zakrasnejsivimperk.cz\/index.php?rest_route=\/wp\/v2\/posts"}],"about":[{"href":"https:\/\/zakrasnejsivimperk.cz\/index.php?rest_route=\/wp\/v2\/types\/post"}],"author":[{"embeddable":true,"href":"https:\/\/zakrasnejsivimperk.cz\/index.php?rest_route=\/wp\/v2\/users\/2"}],"replies":[{"embeddable":true,"href":"https:\/\/zakrasnejsivimperk.cz\/index.php?rest_route=%2Fwp%2Fv2%2Fcomments&post=18946"}],"version-history":[{"count":5,"href":"https:\/\/zakrasnejsivimperk.cz\/index.php?rest_route=\/wp\/v2\/posts\/18946\/revisions"}],"predecessor-version":[{"id":18951,"href":"https:\/\/zakrasnejsivimperk.cz\/index.php?rest_route=\/wp\/v2\/posts\/18946\/revisions\/18951"}],"wp:featuredmedia":[{"embeddable":true,"href":"https:\/\/zakrasnejsivimperk.cz\/index.php?rest_route=\/wp\/v2\/media\/17110"}],"wp:attachment":[{"href":"https:\/\/zakrasnejsivimperk.cz\/index.php?rest_route=%2Fwp%2Fv2%2Fmedia&parent=18946"}],"wp:term":[{"taxonomy":"category","embeddable":true,"href":"https:\/\/zakrasnejsivimperk.cz\/index.php?rest_route=%2Fwp%2Fv2%2Fcategories&post=18946"},{"taxonomy":"post_tag","embeddable":true,"href":"https:\/\/zakrasnejsivimperk.cz\/index.php?rest_route=%2Fwp%2Fv2%2Ftags&post=18946"}],"curies":[{"name":"wp","href":"https:\/\/api.w.org\/{rel}","templated":true}]}}