{"id":184051,"date":"2020-02-11T13:34:35","date_gmt":"2020-02-11T12:34:35","guid":{"rendered":"http:\/\/zakrasnejsivimperk.cz\/?p=184051"},"modified":"2020-02-14T13:17:01","modified_gmt":"2020-02-14T12:17:01","slug":"stachy-jihocesky-kraj-planuje-silnicni-obchvat-obce-mistni-lide-jsou-proti-pomoc-jim-slibil-senator-karel-kratochvile","status":"publish","type":"post","link":"https:\/\/zakrasnejsivimperk.cz\/?p=184051","title":{"rendered":"STACHY: Jiho\u010desk\u00fd kraj pl\u00e1nuje silni\u010dn\u00ed obchvat obce. M\u00edstn\u00ed lid\u00e9 jsou proti. Pomoc jim sl\u00edbil sen\u00e1tor Karel Kratochv\u00edle"},"content":{"rendered":"<figure id=\"attachment_184054\" aria-describedby=\"caption-attachment-184054\" style=\"width: 1100px\" class=\"wp-caption aligncenter\"><img loading=\"lazy\" decoding=\"async\" class=\"wp-image-184054 size-full\" src=\"http:\/\/zakrasnejsivimperk.cz\/wp-content\/uploads\/2020\/02\/06\/stachy-st\u0159ed.jpg\" alt=\"\" width=\"1100\" height=\"734\" srcset=\"https:\/\/zakrasnejsivimperk.cz\/wp-content\/uploads\/2020\/02\/06\/stachy-st\u0159ed.jpg 1100w, https:\/\/zakrasnejsivimperk.cz\/wp-content\/uploads\/2020\/02\/06\/stachy-st\u0159ed-300x200.jpg 300w, https:\/\/zakrasnejsivimperk.cz\/wp-content\/uploads\/2020\/02\/06\/stachy-st\u0159ed-768x512.jpg 768w, https:\/\/zakrasnejsivimperk.cz\/wp-content\/uploads\/2020\/02\/06\/stachy-st\u0159ed-1024x683.jpg 1024w, https:\/\/zakrasnejsivimperk.cz\/wp-content\/uploads\/2020\/02\/06\/stachy-st\u0159ed-535x357.jpg 535w, https:\/\/zakrasnejsivimperk.cz\/wp-content\/uploads\/2020\/02\/06\/stachy-st\u0159ed-724x483.jpg 724w\" sizes=\"(max-width: 1100px) 100vw, 1100px\" \/><figcaption id=\"caption-attachment-184054\" class=\"wp-caption-text\">Stachy &#8211; loni opraven\u00e1 krajsk\u00e1 silnice uprost\u0159ed obce \/ Foto: Marek Valter &#8211; Za kr\u00e1sn\u011bj\u0161\u00ed Vimperk<\/figcaption><\/figure>\n<p>&nbsp;<\/p>\n<h6>Jiho\u010desk\u00fd kraj pl\u00e1nuje v\u00fdstavbu silni\u010dn\u00edho obchvatu obce Stachy (tak\u00e9 Zd\u00edkovce). Proti sou\u010dasn\u00e9mu z\u00e1m\u011bru je m\u00edstn\u00ed samospr\u00e1va i mnoz\u00ed ob\u010dan\u00e9. Pomoc jim p\u0159i ned\u00e1vn\u00e9 n\u00e1v\u0161t\u011bv\u011b obce sl\u00edbil sen\u00e1tor za obvod Pr\u00e1che\u0148ska Karel Kratochv\u00edle.<\/h6>\n<p><em>&#8220;V\u0161ichni se shoduj\u00ed, \u017ee by to \u017eivotu obce z mnoha d\u016fvod\u016f naopak u\u0161kodilo. Prvn\u00ed kroky, jak jim pomoci, u\u017e jsem podnikl. Tak uvid\u00edme, jak v\u0161e nakonec dopadne. Moj\u00ed podporu maj\u00ed,&#8221;<\/em> uvedl sen\u00e1tor na sv\u00e9m facebookov\u00e9m profilu.<\/p>\n<h6>Dokumenty k t\u00e9matu <em>(redakci Za kr\u00e1sn\u011bj\u0161\u00ed Vimperk je poskytl Tom\u00e1\u0161 Svoboda ze Stach\u016f &#8211; Jaro\u0161kova):<\/em><\/h6>\n<p><strong>V\u0161e ve form\u00e1tu PDF<\/strong><\/p>\n<h4><a href=\"http:\/\/zakrasnejsivimperk.cz\/wp-content\/uploads\/2020\/02\/06\/Od\u016fvodn\u011bn\u00ed-n\u00e1vrhu.pdf\">Od\u016fvodn\u011bn\u00ed n\u00e1vrhu<\/a><\/h4>\n<h4><a href=\"http:\/\/zakrasnejsivimperk.cz\/wp-content\/uploads\/2020\/02\/06\/Ve\u0159ejn\u00e1-vyhl\u00e1\u0161ka.pdf\">Ve\u0159ejn\u00e1 vyhl\u00e1\u0161ka<\/a><\/h4>\n<h4><a href=\"http:\/\/zakrasnejsivimperk.cz\/wp-content\/uploads\/2020\/02\/06\/Z\u00e1pis-Zastupitelstva-obce-Stachy.pdf\">Z\u00e1pis Zastupitelstva obce Stachy<\/a><\/h4>\n<p>&nbsp;<\/p>\n<p><img loading=\"lazy\" decoding=\"async\" class=\"aligncenter wp-image-184060 size-full\" src=\"http:\/\/zakrasnejsivimperk.cz\/wp-content\/uploads\/2020\/02\/06\/sen\u00e1tor-stachy-1.jpg\" alt=\"\" width=\"960\" height=\"717\" srcset=\"https:\/\/zakrasnejsivimperk.cz\/wp-content\/uploads\/2020\/02\/06\/sen\u00e1tor-stachy-1.jpg 960w, https:\/\/zakrasnejsivimperk.cz\/wp-content\/uploads\/2020\/02\/06\/sen\u00e1tor-stachy-1-300x224.jpg 300w, https:\/\/zakrasnejsivimperk.cz\/wp-content\/uploads\/2020\/02\/06\/sen\u00e1tor-stachy-1-768x574.jpg 768w, https:\/\/zakrasnejsivimperk.cz\/wp-content\/uploads\/2020\/02\/06\/sen\u00e1tor-stachy-1-478x357.jpg 478w, https:\/\/zakrasnejsivimperk.cz\/wp-content\/uploads\/2020\/02\/06\/sen\u00e1tor-stachy-1-647x483.jpg 647w\" sizes=\"(max-width: 960px) 100vw, 960px\" \/><\/p>\n<p>&nbsp;<\/p>\n<p><img loading=\"lazy\" decoding=\"async\" class=\"aligncenter wp-image-184061 size-full\" src=\"http:\/\/zakrasnejsivimperk.cz\/wp-content\/uploads\/2020\/02\/06\/sen\u00e1tor-stachy-2.jpg\" alt=\"\" width=\"960\" height=\"717\" srcset=\"https:\/\/zakrasnejsivimperk.cz\/wp-content\/uploads\/2020\/02\/06\/sen\u00e1tor-stachy-2.jpg 960w, https:\/\/zakrasnejsivimperk.cz\/wp-content\/uploads\/2020\/02\/06\/sen\u00e1tor-stachy-2-300x224.jpg 300w, https:\/\/zakrasnejsivimperk.cz\/wp-content\/uploads\/2020\/02\/06\/sen\u00e1tor-stachy-2-768x574.jpg 768w, https:\/\/zakrasnejsivimperk.cz\/wp-content\/uploads\/2020\/02\/06\/sen\u00e1tor-stachy-2-478x357.jpg 478w, https:\/\/zakrasnejsivimperk.cz\/wp-content\/uploads\/2020\/02\/06\/sen\u00e1tor-stachy-2-647x483.jpg 647w\" sizes=\"(max-width: 960px) 100vw, 960px\" \/><\/p>\n<p>&nbsp;<\/p>\n<p><img loading=\"lazy\" decoding=\"async\" class=\"aligncenter wp-image-184062 size-full\" src=\"http:\/\/zakrasnejsivimperk.cz\/wp-content\/uploads\/2020\/02\/06\/sen\u00e1tor-stachy-3.jpg\" alt=\"\" width=\"960\" height=\"716\" srcset=\"https:\/\/zakrasnejsivimperk.cz\/wp-content\/uploads\/2020\/02\/06\/sen\u00e1tor-stachy-3.jpg 960w, https:\/\/zakrasnejsivimperk.cz\/wp-content\/uploads\/2020\/02\/06\/sen\u00e1tor-stachy-3-300x224.jpg 300w, https:\/\/zakrasnejsivimperk.cz\/wp-content\/uploads\/2020\/02\/06\/sen\u00e1tor-stachy-3-768x573.jpg 768w, https:\/\/zakrasnejsivimperk.cz\/wp-content\/uploads\/2020\/02\/06\/sen\u00e1tor-stachy-3-479x357.jpg 479w, https:\/\/zakrasnejsivimperk.cz\/wp-content\/uploads\/2020\/02\/06\/sen\u00e1tor-stachy-3-648x483.jpg 648w\" sizes=\"(max-width: 960px) 100vw, 960px\" \/><\/p>\n<p style=\"text-align: center;\"><strong>Foto: FB &#8211; <a href=\"https:\/\/www.facebook.com\/k.kratochvile\/\" target=\"_blank\" rel=\"noopener\">Karel Kratochv\u00edle<\/a><\/strong><\/p>\n<p>&nbsp;<\/p>\n<p>&nbsp;<\/p>\n<p>&nbsp;<\/p>\n<p>&nbsp;<\/p>\n","protected":false},"excerpt":{"rendered":"<p>&nbsp; Jiho\u010desk\u00fd <\/p>\n","protected":false},"author":2,"featured_media":184424,"comment_status":"open","ping_status":"open","sticky":false,"template":"","format":"gallery","meta":{"footnotes":""},"categories":[71,107],"tags":[],"jetpack_featured_media_url":"https:\/\/zakrasnejsivimperk.cz\/wp-content\/uploads\/2020\/02\/11\/r\u00e1me\u010dek-obchvat.jpg","_links":{"self":[{"href":"https:\/\/zakrasnejsivimperk.cz\/index.php?rest_route=\/wp\/v2\/posts\/184051"}],"collection":[{"href":"https:\/\/zakrasnejsivimperk.cz\/index.php?rest_route=\/wp\/v2\/posts"}],"about":[{"href":"https:\/\/zakrasnejsivimperk.cz\/index.php?rest_route=\/wp\/v2\/types\/post"}],"author":[{"embeddable":true,"href":"https:\/\/zakrasnejsivimperk.cz\/index.php?rest_route=\/wp\/v2\/users\/2"}],"replies":[{"embeddable":true,"href":"https:\/\/zakrasnejsivimperk.cz\/index.php?rest_route=%2Fwp%2Fv2%2Fcomments&post=184051"}],"version-history":[{"count":5,"href":"https:\/\/zakrasnejsivimperk.cz\/index.php?rest_route=\/wp\/v2\/posts\/184051\/revisions"}],"predecessor-version":[{"id":184492,"href":"https:\/\/zakrasnejsivimperk.cz\/index.php?rest_route=\/wp\/v2\/posts\/184051\/revisions\/184492"}],"wp:featuredmedia":[{"embeddable":true,"href":"https:\/\/zakrasnejsivimperk.cz\/index.php?rest_route=\/wp\/v2\/media\/184424"}],"wp:attachment":[{"href":"https:\/\/zakrasnejsivimperk.cz\/index.php?rest_route=%2Fwp%2Fv2%2Fmedia&parent=184051"}],"wp:term":[{"taxonomy":"category","embeddable":true,"href":"https:\/\/zakrasnejsivimperk.cz\/index.php?rest_route=%2Fwp%2Fv2%2Fcategories&post=184051"},{"taxonomy":"post_tag","embeddable":true,"href":"https:\/\/zakrasnejsivimperk.cz\/index.php?rest_route=%2Fwp%2Fv2%2Ftags&post=184051"}],"curies":[{"name":"wp","href":"https:\/\/api.w.org\/{rel}","templated":true}]}}