{"id":18278,"date":"2015-05-05T21:34:56","date_gmt":"2015-05-05T20:34:56","guid":{"rendered":"http:\/\/zakrasnejsivimperk.cz\/?p=18278"},"modified":"2024-10-21T13:24:09","modified_gmt":"2024-10-21T12:24:09","slug":"altan-v-parku-oprava-nebo-demontaz-rozhodne-az-stanovisko-odbornika","status":"publish","type":"post","link":"https:\/\/zakrasnejsivimperk.cz\/?p=18278","title":{"rendered":"ALT\u00c1N V PARKU: Oprava nebo demont\u00e1\u017e? Rozhodne a\u017e stanovisko odborn\u00edka"},"content":{"rendered":"<h6 style=\"text-align: justify;\">Alt\u00e1n ve vimpersk\u00e9m parku pobl\u00ed\u017e autobusov\u00e9ho n\u00e1dra\u017e\u00ed je u\u017e n\u011bkolik t\u00fddn\u016f uzav\u0159en policejn\u00ed p\u00e1skou. D\u016fvodem je havarijn\u00ed stav podlahy. N\u011bkolik prken je viditeln\u011b prohnil\u00fdch.<\/h6>\n<p style=\"text-align: justify;\">Co bude d\u00e1l s touto stavbou, na to jsme se zeptali Lubom\u00edra Pichlera, \u0159editele St\u0159edn\u00ed \u0161koly a Z\u00e1kladn\u00ed \u0161koly v Nerudov\u011b ulici ve Vimperku, jej\u00ed\u017e \u017e\u00e1ci alt\u00e1n spole\u010dn\u011b se sv\u00fdmi vrstevn\u00edky z partnersk\u00e9 n\u011bmeck\u00e9 \u0161koly postavili.<\/p>\n<p style=\"text-align: justify;\">&#8220;Ne\u017e se rozhodneme, co s alt\u00e1nem ud\u011bl\u00e1me, mus\u00edme sly\u0161et vyj\u00e1d\u0159en\u00ed odborn\u00e9ho znalce. Ten v nejbli\u017e\u0161\u00edch dnech posoud\u00ed technick\u00fd stav tr\u00e1m\u016f a podlahy a navrhne, co d\u00e1l. Zda bude sta\u010dit oprava nebo bude nutn\u00e1 celkov\u00e1 demont\u00e1\u017e a op\u011btovn\u00e9 postaven\u00ed alt\u00e1nu na nov\u00fdch z\u00e1kladech,&#8221; informoval Lubom\u00edr Pichler.<\/p>\n<p style=\"text-align: justify;\">P\u0159ipomn\u011bl, \u017ee tato stavba na okraji vimpersk\u00e9ho parku prod\u011blala mnoh\u00e9 ne\u0161etrn\u00e9 z\u00e1sahy vandal\u016f. &#8220;S n\u011bmeck\u00fdmi kolegy jsme v Evrop\u011b postavili \u010dty\u0159i naprosto stejn\u00e9 alt\u00e1ny. Pouze ten vimpersk\u00fd je ale takto celkov\u00e9 poni\u010den\u00fd,&#8221; uvedl.<\/p>\n<p>Redakce na\u0161eho den\u00edku bude nad\u00e1le osud alt\u00e1nu sledovat.<\/p>\n<p><strong>Text a foto: (zj)<\/strong><\/p>\n<hr \/>\n<p>&nbsp;<\/p>\n","protected":false},"excerpt":{"rendered":"<p>Alt\u00e1n ve <\/p>\n","protected":false},"author":2,"featured_media":18315,"comment_status":"open","ping_status":"open","sticky":false,"template":"","format":"gallery","meta":{"footnotes":""},"categories":[4],"tags":[],"jetpack_featured_media_url":"https:\/\/zakrasnejsivimperk.cz\/wp-content\/uploads\/2015\/05\/altan-31.jpg","_links":{"self":[{"href":"https:\/\/zakrasnejsivimperk.cz\/index.php?rest_route=\/wp\/v2\/posts\/18278"}],"collection":[{"href":"https:\/\/zakrasnejsivimperk.cz\/index.php?rest_route=\/wp\/v2\/posts"}],"about":[{"href":"https:\/\/zakrasnejsivimperk.cz\/index.php?rest_route=\/wp\/v2\/types\/post"}],"author":[{"embeddable":true,"href":"https:\/\/zakrasnejsivimperk.cz\/index.php?rest_route=\/wp\/v2\/users\/2"}],"replies":[{"embeddable":true,"href":"https:\/\/zakrasnejsivimperk.cz\/index.php?rest_route=%2Fwp%2Fv2%2Fcomments&post=18278"}],"version-history":[{"count":6,"href":"https:\/\/zakrasnejsivimperk.cz\/index.php?rest_route=\/wp\/v2\/posts\/18278\/revisions"}],"predecessor-version":[{"id":326140,"href":"https:\/\/zakrasnejsivimperk.cz\/index.php?rest_route=\/wp\/v2\/posts\/18278\/revisions\/326140"}],"wp:featuredmedia":[{"embeddable":true,"href":"https:\/\/zakrasnejsivimperk.cz\/index.php?rest_route=\/wp\/v2\/media\/18315"}],"wp:attachment":[{"href":"https:\/\/zakrasnejsivimperk.cz\/index.php?rest_route=%2Fwp%2Fv2%2Fmedia&parent=18278"}],"wp:term":[{"taxonomy":"category","embeddable":true,"href":"https:\/\/zakrasnejsivimperk.cz\/index.php?rest_route=%2Fwp%2Fv2%2Fcategories&post=18278"},{"taxonomy":"post_tag","embeddable":true,"href":"https:\/\/zakrasnejsivimperk.cz\/index.php?rest_route=%2Fwp%2Fv2%2Ftags&post=18278"}],"curies":[{"name":"wp","href":"https:\/\/api.w.org\/{rel}","templated":true}]}}