{"id":18172,"date":"2015-05-04T12:26:37","date_gmt":"2015-05-04T11:26:37","guid":{"rendered":"http:\/\/zakrasnejsivimperk.cz\/?p=18172"},"modified":"2015-05-04T22:37:20","modified_gmt":"2015-05-04T21:37:20","slug":"vec-verejna-jednaci-rad-rady-mesta-stanovi-ukoly-ktere-urednici-radnice-neplni","status":"publish","type":"post","link":"https:\/\/zakrasnejsivimperk.cz\/?p=18172","title":{"rendered":"V\u011aC VE\u0158EJN\u00c1: Jednac\u00ed \u0159\u00e1d rady m\u011bsta stanov\u00ed \u00fakoly, kter\u00e9 \u00fa\u0159edn\u00edci radnice nepln\u00ed"},"content":{"rendered":"<p style=\"text-align: justify;\">Jednac\u00ed \u0159\u00e1d Rady m\u011bsta a komis\u00ed rady m\u011bsta stanov\u00ed, \u017ee &#8220;Z\u00e1pis ze zased\u00e1n\u00ed bez osobn\u00edch \u00fadaj\u016f a dal\u0161\u00edch z\u00e1konem chr\u00e1n\u011bn\u00fdch \u00fadaj\u016f v usnesen\u00edch uv\u00e1d\u011bn\u00fdch je zve\u0159ejn\u011bn do 10 dn\u016f na webov\u00fdch str\u00e1nk\u00e1ch m\u011bsta.&#8221;<\/p>\n<p style=\"text-align: justify;\">Pt\u00e1me se ve\u0159ejn\u011b tajemn\u00edka M\u011bstsk\u00e9ho \u00fa\u0159adu ve Vimperku Zde\u0148ka \u017den\u00ed\u0161ka, pro\u010d dnes, v pond\u011bl\u00ed 4. kv\u011btna, nen\u00ed na <strong><a href=\"http:\/\/www.vimperk.cz\/\" target=\"_blank\">ofici\u00e1ln\u00edch webov\u00fdch str\u00e1nk\u00e1ch m\u011bsta Vimperk<\/a>\u00a0<\/strong>zve\u0159ejn\u011bn z\u00e1pis z jedn\u00e1n\u00ed Rady m\u011bsta Vimperk ze dne 20. dubna 2015?<\/p>\n<p><strong>(red)<\/strong><\/p>\n<p>&nbsp;<\/p>\n<p>&nbsp;<\/p>\n<p>&nbsp;<\/p>\n<p><a href=\"http:\/\/www.vimperk.cz\/files\/386-jednaci-rad.pdf\" target=\"_blank\"><strong>JEDNAC\u00cd \u0158\u00c1D RADY M\u011aSTA A KOMIS\u00cd RADY M\u011aSTA<\/strong><\/a><\/p>\n<p>\u010cL\u00c1NEK 9<\/p>\n<p>Z\u00e1pis ze zased\u00e1n\u00ed rady a kontrola pln\u011bn\u00ed usnesen\u00ed rady<\/p>\n<p>(6) Z\u00e1pis ze zased\u00e1n\u00ed bez osobn\u00edch \u00fadaj\u016f a dal\u0161\u00edch z\u00e1konem chr\u00e1n\u011bn\u00fdch \u00fadaj\u016f v usnesen\u00edch uv\u00e1d\u011bn\u00fdch je zve\u0159ejn\u011bn do 10 dn\u016f na webov\u00fdch str\u00e1nk\u00e1ch m\u011bsta.<\/p>\n<p>&nbsp;<\/p>\n<p>&nbsp;<\/p>\n","protected":false},"excerpt":{"rendered":"<p>Jednac\u00ed \u0159\u00e1d <\/p>\n","protected":false},"author":2,"featured_media":18203,"comment_status":"open","ping_status":"open","sticky":false,"template":"","format":"standard","meta":{"footnotes":""},"categories":[4],"tags":[],"jetpack_featured_media_url":"https:\/\/zakrasnejsivimperk.cz\/wp-content\/uploads\/2015\/05\/rada.jpg","_links":{"self":[{"href":"https:\/\/zakrasnejsivimperk.cz\/index.php?rest_route=\/wp\/v2\/posts\/18172"}],"collection":[{"href":"https:\/\/zakrasnejsivimperk.cz\/index.php?rest_route=\/wp\/v2\/posts"}],"about":[{"href":"https:\/\/zakrasnejsivimperk.cz\/index.php?rest_route=\/wp\/v2\/types\/post"}],"author":[{"embeddable":true,"href":"https:\/\/zakrasnejsivimperk.cz\/index.php?rest_route=\/wp\/v2\/users\/2"}],"replies":[{"embeddable":true,"href":"https:\/\/zakrasnejsivimperk.cz\/index.php?rest_route=%2Fwp%2Fv2%2Fcomments&post=18172"}],"version-history":[{"count":5,"href":"https:\/\/zakrasnejsivimperk.cz\/index.php?rest_route=\/wp\/v2\/posts\/18172\/revisions"}],"predecessor-version":[{"id":18192,"href":"https:\/\/zakrasnejsivimperk.cz\/index.php?rest_route=\/wp\/v2\/posts\/18172\/revisions\/18192"}],"wp:featuredmedia":[{"embeddable":true,"href":"https:\/\/zakrasnejsivimperk.cz\/index.php?rest_route=\/wp\/v2\/media\/18203"}],"wp:attachment":[{"href":"https:\/\/zakrasnejsivimperk.cz\/index.php?rest_route=%2Fwp%2Fv2%2Fmedia&parent=18172"}],"wp:term":[{"taxonomy":"category","embeddable":true,"href":"https:\/\/zakrasnejsivimperk.cz\/index.php?rest_route=%2Fwp%2Fv2%2Fcategories&post=18172"},{"taxonomy":"post_tag","embeddable":true,"href":"https:\/\/zakrasnejsivimperk.cz\/index.php?rest_route=%2Fwp%2Fv2%2Ftags&post=18172"}],"curies":[{"name":"wp","href":"https:\/\/api.w.org\/{rel}","templated":true}]}}