{"id":18092,"date":"2015-05-06T20:23:24","date_gmt":"2015-05-06T19:23:24","guid":{"rendered":"http:\/\/zakrasnejsivimperk.cz\/?p=18092"},"modified":"2015-05-06T20:23:24","modified_gmt":"2015-05-06T19:23:24","slug":"pozvali-jste-nas-takova-vimperska-stezka-odvahy-pro-kazdeho-kdo-tudy-chce-projit","status":"publish","type":"post","link":"https:\/\/zakrasnejsivimperk.cz\/?p=18092","title":{"rendered":"POZVALI  JSTE N\u00c1S: Takov\u00e1 vimpersk\u00e1 stezka odvahy pro ka\u017ed\u00e9ho, kdo tudy chce proj\u00edt"},"content":{"rendered":"<p style=\"text-align: justify;\">Do m\u00edsta na fotografi\u00edch n\u00e1s pozval jeden z ob\u010dan\u016f bydl\u00edc\u00edch v Pasovsk\u00e9 ulici ve Vimperku. Pot\u00e9, co radnice prodala pozemek s \u010d\u00e1st\u00ed cesty spojuj\u00edc\u00ed Pasovskou ulici s ulic\u00ed Zlat\u00e1 stezka, musej\u00ed lid\u00e9 chodit jinudy. Kudy, to dokumentuj\u00ed na\u0161e fotografie. A v\u011b\u0159te, za\u017eili jsme to na vlastn\u00ed o\u010di, nos i boty, nen\u00ed to proch\u00e1zka r\u016f\u017eov\u00fdm parkem. Nepo\u0159\u00e1dek, odpadky, lidsk\u00e9 v\u00fdkaly. Takov\u00e1 vimpersk\u00e1 stezka odvahy pro ka\u017ed\u00e9ho, kdo tudy chce proj\u00edt. Sou\u010dasn\u011b v\u0161ak nep\u011bkn\u00e1 vizitka m\u011bsta.<\/p>\n<p><strong>Text a foto: (red)<\/strong><\/p>\n<div id='gallery-1' class='gallery galleryid-18092 gallery-columns-3 gallery-size-medium'><figure class='gallery-item'>\n\t\t\t<div class='gallery-icon portrait'>\n\t\t\t\t<a href='https:\/\/zakrasnejsivimperk.cz\/?attachment_id=18101'><img loading=\"lazy\" decoding=\"async\" width=\"225\" height=\"300\" src=\"https:\/\/zakrasnejsivimperk.cz\/wp-content\/uploads\/2015\/05\/cesta-pasovska-1-225x300.jpg\" class=\"attachment-medium size-medium\" alt=\"\" srcset=\"https:\/\/zakrasnejsivimperk.cz\/wp-content\/uploads\/2015\/05\/cesta-pasovska-1-225x300.jpg 225w, https:\/\/zakrasnejsivimperk.cz\/wp-content\/uploads\/2015\/05\/cesta-pasovska-1-267x357.jpg 267w, https:\/\/zakrasnejsivimperk.cz\/wp-content\/uploads\/2015\/05\/cesta-pasovska-1-362x483.jpg 362w, https:\/\/zakrasnejsivimperk.cz\/wp-content\/uploads\/2015\/05\/cesta-pasovska-1-150x200.jpg 150w, https:\/\/zakrasnejsivimperk.cz\/wp-content\/uploads\/2015\/05\/cesta-pasovska-1.jpg 600w\" sizes=\"(max-width: 225px) 100vw, 225px\" \/><\/a>\n\t\t\t<\/div><\/figure><figure class='gallery-item'>\n\t\t\t<div class='gallery-icon landscape'>\n\t\t\t\t<a href='https:\/\/zakrasnejsivimperk.cz\/?attachment_id=18102'><img loading=\"lazy\" decoding=\"async\" width=\"300\" height=\"225\" src=\"https:\/\/zakrasnejsivimperk.cz\/wp-content\/uploads\/2015\/05\/cesta-pasovska-2-300x225.jpg\" class=\"attachment-medium size-medium\" alt=\"\" srcset=\"https:\/\/zakrasnejsivimperk.cz\/wp-content\/uploads\/2015\/05\/cesta-pasovska-2-300x225.jpg 300w, https:\/\/zakrasnejsivimperk.cz\/wp-content\/uploads\/2015\/05\/cesta-pasovska-2-476x357.jpg 476w, https:\/\/zakrasnejsivimperk.cz\/wp-content\/uploads\/2015\/05\/cesta-pasovska-2-644x483.jpg 644w, https:\/\/zakrasnejsivimperk.cz\/wp-content\/uploads\/2015\/05\/cesta-pasovska-2.jpg 800w\" sizes=\"(max-width: 300px) 100vw, 300px\" \/><\/a>\n\t\t\t<\/div><\/figure><figure class='gallery-item'>\n\t\t\t<div class='gallery-icon landscape'>\n\t\t\t\t<a href='https:\/\/zakrasnejsivimperk.cz\/?attachment_id=18103'><img loading=\"lazy\" decoding=\"async\" width=\"300\" height=\"225\" src=\"https:\/\/zakrasnejsivimperk.cz\/wp-content\/uploads\/2015\/05\/cesta-pasovska-3-300x225.jpg\" class=\"attachment-medium size-medium\" alt=\"\" srcset=\"https:\/\/zakrasnejsivimperk.cz\/wp-content\/uploads\/2015\/05\/cesta-pasovska-3-300x225.jpg 300w, https:\/\/zakrasnejsivimperk.cz\/wp-content\/uploads\/2015\/05\/cesta-pasovska-3-476x357.jpg 476w, https:\/\/zakrasnejsivimperk.cz\/wp-content\/uploads\/2015\/05\/cesta-pasovska-3-644x483.jpg 644w, https:\/\/zakrasnejsivimperk.cz\/wp-content\/uploads\/2015\/05\/cesta-pasovska-3.jpg 800w\" sizes=\"(max-width: 300px) 100vw, 300px\" \/><\/a>\n\t\t\t<\/div><\/figure><figure class='gallery-item'>\n\t\t\t<div class='gallery-icon landscape'>\n\t\t\t\t<a href='https:\/\/zakrasnejsivimperk.cz\/?attachment_id=18104'><img loading=\"lazy\" decoding=\"async\" width=\"300\" height=\"225\" src=\"https:\/\/zakrasnejsivimperk.cz\/wp-content\/uploads\/2015\/05\/cesta-pasovska-4-300x225.jpg\" class=\"attachment-medium size-medium\" alt=\"\" srcset=\"https:\/\/zakrasnejsivimperk.cz\/wp-content\/uploads\/2015\/05\/cesta-pasovska-4-300x225.jpg 300w, https:\/\/zakrasnejsivimperk.cz\/wp-content\/uploads\/2015\/05\/cesta-pasovska-4-476x357.jpg 476w, https:\/\/zakrasnejsivimperk.cz\/wp-content\/uploads\/2015\/05\/cesta-pasovska-4-644x483.jpg 644w, https:\/\/zakrasnejsivimperk.cz\/wp-content\/uploads\/2015\/05\/cesta-pasovska-4.jpg 800w\" sizes=\"(max-width: 300px) 100vw, 300px\" \/><\/a>\n\t\t\t<\/div><\/figure><figure class='gallery-item'>\n\t\t\t<div class='gallery-icon landscape'>\n\t\t\t\t<a href='https:\/\/zakrasnejsivimperk.cz\/?attachment_id=18105'><img loading=\"lazy\" decoding=\"async\" width=\"300\" height=\"225\" src=\"https:\/\/zakrasnejsivimperk.cz\/wp-content\/uploads\/2015\/05\/cesta-pasovska-5-300x225.jpg\" class=\"attachment-medium size-medium\" alt=\"\" srcset=\"https:\/\/zakrasnejsivimperk.cz\/wp-content\/uploads\/2015\/05\/cesta-pasovska-5-300x225.jpg 300w, https:\/\/zakrasnejsivimperk.cz\/wp-content\/uploads\/2015\/05\/cesta-pasovska-5-476x357.jpg 476w, https:\/\/zakrasnejsivimperk.cz\/wp-content\/uploads\/2015\/05\/cesta-pasovska-5-644x483.jpg 644w, https:\/\/zakrasnejsivimperk.cz\/wp-content\/uploads\/2015\/05\/cesta-pasovska-5.jpg 800w\" sizes=\"(max-width: 300px) 100vw, 300px\" \/><\/a>\n\t\t\t<\/div><\/figure><figure class='gallery-item'>\n\t\t\t<div class='gallery-icon landscape'>\n\t\t\t\t<a href='https:\/\/zakrasnejsivimperk.cz\/?attachment_id=18106'><img loading=\"lazy\" decoding=\"async\" width=\"300\" height=\"225\" src=\"https:\/\/zakrasnejsivimperk.cz\/wp-content\/uploads\/2015\/05\/cesta-pasovska-6-300x225.jpg\" class=\"attachment-medium size-medium\" alt=\"\" srcset=\"https:\/\/zakrasnejsivimperk.cz\/wp-content\/uploads\/2015\/05\/cesta-pasovska-6-300x225.jpg 300w, https:\/\/zakrasnejsivimperk.cz\/wp-content\/uploads\/2015\/05\/cesta-pasovska-6-476x357.jpg 476w, https:\/\/zakrasnejsivimperk.cz\/wp-content\/uploads\/2015\/05\/cesta-pasovska-6-644x483.jpg 644w, https:\/\/zakrasnejsivimperk.cz\/wp-content\/uploads\/2015\/05\/cesta-pasovska-6.jpg 800w\" sizes=\"(max-width: 300px) 100vw, 300px\" \/><\/a>\n\t\t\t<\/div><\/figure><figure class='gallery-item'>\n\t\t\t<div class='gallery-icon landscape'>\n\t\t\t\t<a href='https:\/\/zakrasnejsivimperk.cz\/?attachment_id=18107'><img loading=\"lazy\" decoding=\"async\" width=\"300\" height=\"225\" src=\"https:\/\/zakrasnejsivimperk.cz\/wp-content\/uploads\/2015\/05\/cesta-pasovska-7-300x225.jpg\" class=\"attachment-medium size-medium\" alt=\"\" srcset=\"https:\/\/zakrasnejsivimperk.cz\/wp-content\/uploads\/2015\/05\/cesta-pasovska-7-300x225.jpg 300w, https:\/\/zakrasnejsivimperk.cz\/wp-content\/uploads\/2015\/05\/cesta-pasovska-7-476x357.jpg 476w, https:\/\/zakrasnejsivimperk.cz\/wp-content\/uploads\/2015\/05\/cesta-pasovska-7-644x483.jpg 644w, https:\/\/zakrasnejsivimperk.cz\/wp-content\/uploads\/2015\/05\/cesta-pasovska-7.jpg 800w\" sizes=\"(max-width: 300px) 100vw, 300px\" \/><\/a>\n\t\t\t<\/div><\/figure><figure class='gallery-item'>\n\t\t\t<div class='gallery-icon landscape'>\n\t\t\t\t<a href='https:\/\/zakrasnejsivimperk.cz\/?attachment_id=18108'><img loading=\"lazy\" decoding=\"async\" width=\"300\" height=\"225\" src=\"https:\/\/zakrasnejsivimperk.cz\/wp-content\/uploads\/2015\/05\/cesta-pasovska-8-300x225.jpg\" class=\"attachment-medium size-medium\" alt=\"\" srcset=\"https:\/\/zakrasnejsivimperk.cz\/wp-content\/uploads\/2015\/05\/cesta-pasovska-8-300x225.jpg 300w, https:\/\/zakrasnejsivimperk.cz\/wp-content\/uploads\/2015\/05\/cesta-pasovska-8-476x357.jpg 476w, https:\/\/zakrasnejsivimperk.cz\/wp-content\/uploads\/2015\/05\/cesta-pasovska-8-644x483.jpg 644w, https:\/\/zakrasnejsivimperk.cz\/wp-content\/uploads\/2015\/05\/cesta-pasovska-8.jpg 800w\" sizes=\"(max-width: 300px) 100vw, 300px\" \/><\/a>\n\t\t\t<\/div><\/figure><figure class='gallery-item'>\n\t\t\t<div class='gallery-icon portrait'>\n\t\t\t\t<a href='https:\/\/zakrasnejsivimperk.cz\/?attachment_id=18109'><img loading=\"lazy\" decoding=\"async\" width=\"225\" height=\"300\" src=\"https:\/\/zakrasnejsivimperk.cz\/wp-content\/uploads\/2015\/05\/cesta-pasovska-9-225x300.jpg\" class=\"attachment-medium size-medium\" alt=\"\" srcset=\"https:\/\/zakrasnejsivimperk.cz\/wp-content\/uploads\/2015\/05\/cesta-pasovska-9-225x300.jpg 225w, https:\/\/zakrasnejsivimperk.cz\/wp-content\/uploads\/2015\/05\/cesta-pasovska-9-267x357.jpg 267w, https:\/\/zakrasnejsivimperk.cz\/wp-content\/uploads\/2015\/05\/cesta-pasovska-9-362x483.jpg 362w, https:\/\/zakrasnejsivimperk.cz\/wp-content\/uploads\/2015\/05\/cesta-pasovska-9-150x200.jpg 150w, https:\/\/zakrasnejsivimperk.cz\/wp-content\/uploads\/2015\/05\/cesta-pasovska-9.jpg 600w\" sizes=\"(max-width: 225px) 100vw, 225px\" \/><\/a>\n\t\t\t<\/div><\/figure><figure class='gallery-item'>\n\t\t\t<div class='gallery-icon portrait'>\n\t\t\t\t<a href='https:\/\/zakrasnejsivimperk.cz\/?attachment_id=18110'><img loading=\"lazy\" decoding=\"async\" width=\"225\" height=\"300\" src=\"https:\/\/zakrasnejsivimperk.cz\/wp-content\/uploads\/2015\/05\/cesta-pasovska-10-225x300.jpg\" class=\"attachment-medium size-medium\" alt=\"\" srcset=\"https:\/\/zakrasnejsivimperk.cz\/wp-content\/uploads\/2015\/05\/cesta-pasovska-10-225x300.jpg 225w, https:\/\/zakrasnejsivimperk.cz\/wp-content\/uploads\/2015\/05\/cesta-pasovska-10-267x357.jpg 267w, https:\/\/zakrasnejsivimperk.cz\/wp-content\/uploads\/2015\/05\/cesta-pasovska-10-362x483.jpg 362w, https:\/\/zakrasnejsivimperk.cz\/wp-content\/uploads\/2015\/05\/cesta-pasovska-10-150x200.jpg 150w, https:\/\/zakrasnejsivimperk.cz\/wp-content\/uploads\/2015\/05\/cesta-pasovska-10.jpg 600w\" sizes=\"(max-width: 225px) 100vw, 225px\" \/><\/a>\n\t\t\t<\/div><\/figure><figure class='gallery-item'>\n\t\t\t<div class='gallery-icon portrait'>\n\t\t\t\t<a href='https:\/\/zakrasnejsivimperk.cz\/?attachment_id=18111'><img loading=\"lazy\" decoding=\"async\" width=\"225\" height=\"300\" src=\"https:\/\/zakrasnejsivimperk.cz\/wp-content\/uploads\/2015\/05\/cesta-pasovska-11-225x300.jpg\" class=\"attachment-medium size-medium\" alt=\"\" srcset=\"https:\/\/zakrasnejsivimperk.cz\/wp-content\/uploads\/2015\/05\/cesta-pasovska-11-225x300.jpg 225w, https:\/\/zakrasnejsivimperk.cz\/wp-content\/uploads\/2015\/05\/cesta-pasovska-11-267x357.jpg 267w, https:\/\/zakrasnejsivimperk.cz\/wp-content\/uploads\/2015\/05\/cesta-pasovska-11-362x483.jpg 362w, https:\/\/zakrasnejsivimperk.cz\/wp-content\/uploads\/2015\/05\/cesta-pasovska-11-150x200.jpg 150w, https:\/\/zakrasnejsivimperk.cz\/wp-content\/uploads\/2015\/05\/cesta-pasovska-11.jpg 600w\" sizes=\"(max-width: 225px) 100vw, 225px\" \/><\/a>\n\t\t\t<\/div><\/figure><figure class='gallery-item'>\n\t\t\t<div class='gallery-icon portrait'>\n\t\t\t\t<a href='https:\/\/zakrasnejsivimperk.cz\/?attachment_id=18112'><img loading=\"lazy\" decoding=\"async\" width=\"225\" height=\"300\" src=\"https:\/\/zakrasnejsivimperk.cz\/wp-content\/uploads\/2015\/05\/cesta-pasovska-12-225x300.jpg\" class=\"attachment-medium size-medium\" alt=\"\" srcset=\"https:\/\/zakrasnejsivimperk.cz\/wp-content\/uploads\/2015\/05\/cesta-pasovska-12-225x300.jpg 225w, https:\/\/zakrasnejsivimperk.cz\/wp-content\/uploads\/2015\/05\/cesta-pasovska-12-267x357.jpg 267w, https:\/\/zakrasnejsivimperk.cz\/wp-content\/uploads\/2015\/05\/cesta-pasovska-12-362x483.jpg 362w, https:\/\/zakrasnejsivimperk.cz\/wp-content\/uploads\/2015\/05\/cesta-pasovska-12-150x200.jpg 150w, https:\/\/zakrasnejsivimperk.cz\/wp-content\/uploads\/2015\/05\/cesta-pasovska-12.jpg 600w\" sizes=\"(max-width: 225px) 100vw, 225px\" \/><\/a>\n\t\t\t<\/div><\/figure><figure class='gallery-item'>\n\t\t\t<div class='gallery-icon landscape'>\n\t\t\t\t<a href='https:\/\/zakrasnejsivimperk.cz\/?attachment_id=18113'><img loading=\"lazy\" decoding=\"async\" width=\"300\" height=\"225\" src=\"https:\/\/zakrasnejsivimperk.cz\/wp-content\/uploads\/2015\/05\/cesta-pasovska-13-300x225.jpg\" class=\"attachment-medium size-medium\" alt=\"\" srcset=\"https:\/\/zakrasnejsivimperk.cz\/wp-content\/uploads\/2015\/05\/cesta-pasovska-13-300x225.jpg 300w, https:\/\/zakrasnejsivimperk.cz\/wp-content\/uploads\/2015\/05\/cesta-pasovska-13-476x357.jpg 476w, https:\/\/zakrasnejsivimperk.cz\/wp-content\/uploads\/2015\/05\/cesta-pasovska-13-644x483.jpg 644w, https:\/\/zakrasnejsivimperk.cz\/wp-content\/uploads\/2015\/05\/cesta-pasovska-13.jpg 800w\" sizes=\"(max-width: 300px) 100vw, 300px\" \/><\/a>\n\t\t\t<\/div><\/figure><figure class='gallery-item'>\n\t\t\t<div class='gallery-icon landscape'>\n\t\t\t\t<a href='https:\/\/zakrasnejsivimperk.cz\/?attachment_id=18114'><img loading=\"lazy\" decoding=\"async\" width=\"300\" height=\"225\" src=\"https:\/\/zakrasnejsivimperk.cz\/wp-content\/uploads\/2015\/05\/cesta-pasovska-14-300x225.jpg\" class=\"attachment-medium size-medium\" alt=\"\" srcset=\"https:\/\/zakrasnejsivimperk.cz\/wp-content\/uploads\/2015\/05\/cesta-pasovska-14-300x225.jpg 300w, https:\/\/zakrasnejsivimperk.cz\/wp-content\/uploads\/2015\/05\/cesta-pasovska-14-476x357.jpg 476w, https:\/\/zakrasnejsivimperk.cz\/wp-content\/uploads\/2015\/05\/cesta-pasovska-14-644x483.jpg 644w, https:\/\/zakrasnejsivimperk.cz\/wp-content\/uploads\/2015\/05\/cesta-pasovska-14.jpg 800w\" sizes=\"(max-width: 300px) 100vw, 300px\" \/><\/a>\n\t\t\t<\/div><\/figure>\n\t\t<\/div>\n\n","protected":false},"excerpt":{"rendered":"<p>Do m\u00edsta <\/p>\n","protected":false},"author":2,"featured_media":18103,"comment_status":"open","ping_status":"open","sticky":false,"template":"","format":"gallery","meta":{"footnotes":""},"categories":[4],"tags":[],"jetpack_featured_media_url":"https:\/\/zakrasnejsivimperk.cz\/wp-content\/uploads\/2015\/05\/cesta-pasovska-3.jpg","_links":{"self":[{"href":"https:\/\/zakrasnejsivimperk.cz\/index.php?rest_route=\/wp\/v2\/posts\/18092"}],"collection":[{"href":"https:\/\/zakrasnejsivimperk.cz\/index.php?rest_route=\/wp\/v2\/posts"}],"about":[{"href":"https:\/\/zakrasnejsivimperk.cz\/index.php?rest_route=\/wp\/v2\/types\/post"}],"author":[{"embeddable":true,"href":"https:\/\/zakrasnejsivimperk.cz\/index.php?rest_route=\/wp\/v2\/users\/2"}],"replies":[{"embeddable":true,"href":"https:\/\/zakrasnejsivimperk.cz\/index.php?rest_route=%2Fwp%2Fv2%2Fcomments&post=18092"}],"version-history":[{"count":3,"href":"https:\/\/zakrasnejsivimperk.cz\/index.php?rest_route=\/wp\/v2\/posts\/18092\/revisions"}],"predecessor-version":[{"id":18382,"href":"https:\/\/zakrasnejsivimperk.cz\/index.php?rest_route=\/wp\/v2\/posts\/18092\/revisions\/18382"}],"wp:featuredmedia":[{"embeddable":true,"href":"https:\/\/zakrasnejsivimperk.cz\/index.php?rest_route=\/wp\/v2\/media\/18103"}],"wp:attachment":[{"href":"https:\/\/zakrasnejsivimperk.cz\/index.php?rest_route=%2Fwp%2Fv2%2Fmedia&parent=18092"}],"wp:term":[{"taxonomy":"category","embeddable":true,"href":"https:\/\/zakrasnejsivimperk.cz\/index.php?rest_route=%2Fwp%2Fv2%2Fcategories&post=18092"},{"taxonomy":"post_tag","embeddable":true,"href":"https:\/\/zakrasnejsivimperk.cz\/index.php?rest_route=%2Fwp%2Fv2%2Ftags&post=18092"}],"curies":[{"name":"wp","href":"https:\/\/api.w.org\/{rel}","templated":true}]}}