{"id":18032,"date":"2015-05-03T14:51:19","date_gmt":"2015-05-03T13:51:19","guid":{"rendered":"http:\/\/zakrasnejsivimperk.cz\/?p=18032"},"modified":"2015-05-04T12:33:30","modified_gmt":"2015-05-04T11:33:30","slug":"pomoc-nepalu-vsem-kteri-prispeli-patri-obrovsky-dik-rika-vimpersky-mistostarosta-jiri-cais","status":"publish","type":"post","link":"https:\/\/zakrasnejsivimperk.cz\/?p=18032","title":{"rendered":"POMOC NEP\u00c1LU: &#8220;V\u0161em, kte\u0159\u00ed p\u0159isp\u011bli, pat\u0159\u00ed velk\u00fd d\u00edk,&#8221; \u0159\u00edk\u00e1 Ji\u0159\u00ed Cais, vimpersk\u00fd m\u00edstostarosta"},"content":{"rendered":"<p style=\"text-align: justify;\"><strong>Vimpersk\u00fd m\u00edstostarosta Ji\u0159\u00ed Cais a \u010dky\u0148sk\u00fd fotograf Vladislav Ho\u0161ek uspo\u0159\u00e1dali v sobotu 2. kv\u011btna ve\u010der charitativn\u00ed akci na pomoc zem\u011bt\u0159esen\u00edm posti\u017een\u00e9mu Nep\u00e1lu. Pro svoji my\u0161lenku dok\u00e1zali z\u00edskat v pom\u011brn\u011b nevhodn\u00e9m \u010dase v\u00edkendov\u00e9ho odpo\u010dinku stovku m\u00edstn\u00edch ob\u010dan\u016f, kte\u0159\u00ed p\u0159isp\u011bli do kasi\u010dky \u00fahrnnou \u010d\u00e1stkou 18 000 korun.\u00a0<\/strong><\/p>\n<p style=\"text-align: justify;\">N\u00e1pad se vyda\u0159il a byl praktickou uk\u00e1zkou, \u017ee sb\u00edrky na charitu se daj\u00ed d\u011blat i jin\u00fdm zp\u016fsobem, ne\u017e n\u00e1m doposud bylo ve Vimperku prezentov\u00e1no a nab\u00edzeno.<\/p>\n<p style=\"text-align: justify;\">Na p\u0159\u00edprav\u011b a pr\u016fb\u011bhu ve\u010dera spolupracovaly Hotel Zlat\u00e1 Hv\u011bzda, Pizzerie Marco, firma IT Profi a M\u011bstsk\u00e9 kulturn\u00ed st\u0159edisko Vimperk.<\/p>\n<p style=\"text-align: justify;\">Organiz\u00e1to\u0159i pozvali ve\u0159ejnost do Hotelu Zlat\u00e1 Hv\u011bzda na cestovatelskou p\u0159edn\u00e1\u0161ku a prom\u00edt\u00e1n\u00ed sn\u00edmk\u016f o Nep\u00e1lu. Dop\u0159edu avizovali, \u017ee na podporu posti\u017een\u00e9 zemi p\u016fjde ve\u0161ker\u00e9 dobrovoln\u00e9 vstupn\u00e9, kter\u00e9 \u00fa\u010dastn\u00edci vlo\u017e\u00ed do kasi\u010dky. Ta byla um\u00edst\u011bna u vstupu bez toho, \u017ee by u n\u00ed n\u011bkdo st\u00e1l a na p\u0159\u00edchoz\u00ed nal\u00e9hal, aby p\u0159isp\u011bli.<\/p>\n<p style=\"text-align: justify;\"><em><strong>&#8220;Mysl\u00edm, \u017ee m\u016f\u017eeme b\u00fdt spokojeni. Rozhodn\u011b jsme ne\u010dekali, \u017ee v sobotu ve\u010der bude pln\u00fd s\u00e1l lid\u00ed. M\u00e1me radost, \u017ee lid\u00e9 ve Vimperku nejsou lhostejn\u00ed k pot\u0159eb\u00e1m druh\u00fdch,&#8221;<\/strong><\/em> uvedla \u0161\u00e9fov\u00e1 hotelu Jolana Kutilov\u00e1.<\/p>\n<p style=\"text-align: justify;\"><em><strong>&#8220;Jsem moc r\u00e1d, \u017ee se n\u00e1m akce na podporu Nep\u00e1lu poda\u0159ila. Lid\u00e9 darovali osmn\u00e1ct tis\u00edc korun, co\u017e je neuv\u011b\u0159iteln\u00e9. Douf\u00e1m, \u017ee tyto pen\u00edze pomohou pot\u0159ebn\u00fdm.V\u0161em d\u00e1rc\u016fm pat\u0159\u00ed n\u00e1\u0161 velk\u00fd d\u00edk,&#8221;<\/strong><\/em> hodnotil bezprost\u0159edn\u011b po akci vimpersk\u00fd m\u00edstostarosta Ji\u0159\u00ed Cais.<\/p>\n<p style=\"text-align: justify;\">Vybran\u00e9 pen\u00edze organiz\u00e1to\u0159i charitativn\u00edho ve\u010dera pouk\u00e1zali na konto organizace \u010clov\u011bk v t\u00edsni, kter\u00e1 ji\u017e v Nep\u00e1lu aktivn\u011b pom\u00e1h\u00e1.<\/p>\n<p><strong>(red)<\/strong><\/p>\n<p><strong>Foto: Hotel Zlat\u00e1 Hv\u011bzda Vimperk<\/strong><\/p>\n<div id='gallery-1' class='gallery galleryid-18032 gallery-columns-3 gallery-size-medium'><figure class='gallery-item'>\n\t\t\t<div class='gallery-icon landscape'>\n\t\t\t\t<a href='https:\/\/zakrasnejsivimperk.cz\/?attachment_id=18050'><img loading=\"lazy\" decoding=\"async\" width=\"300\" height=\"199\" src=\"https:\/\/zakrasnejsivimperk.cz\/wp-content\/uploads\/2015\/05\/nep\u00e1l-1-300x199.jpg\" class=\"attachment-medium size-medium\" alt=\"\" srcset=\"https:\/\/zakrasnejsivimperk.cz\/wp-content\/uploads\/2015\/05\/nep\u00e1l-1-300x199.jpg 300w, https:\/\/zakrasnejsivimperk.cz\/wp-content\/uploads\/2015\/05\/nep\u00e1l-1-100x65.jpg 100w, https:\/\/zakrasnejsivimperk.cz\/wp-content\/uploads\/2015\/05\/nep\u00e1l-1-538x357.jpg 538w, https:\/\/zakrasnejsivimperk.cz\/wp-content\/uploads\/2015\/05\/nep\u00e1l-1-727x483.jpg 727w, https:\/\/zakrasnejsivimperk.cz\/wp-content\/uploads\/2015\/05\/nep\u00e1l-1-570x380.jpg 570w, https:\/\/zakrasnejsivimperk.cz\/wp-content\/uploads\/2015\/05\/nep\u00e1l-1-375x250.jpg 375w, https:\/\/zakrasnejsivimperk.cz\/wp-content\/uploads\/2015\/05\/nep\u00e1l-1-276x184.jpg 276w, https:\/\/zakrasnejsivimperk.cz\/wp-content\/uploads\/2015\/05\/nep\u00e1l-1-180x120.jpg 180w, https:\/\/zakrasnejsivimperk.cz\/wp-content\/uploads\/2015\/05\/nep\u00e1l-1-480x320.jpg 480w, https:\/\/zakrasnejsivimperk.cz\/wp-content\/uploads\/2015\/05\/nep\u00e1l-1.jpg 960w\" sizes=\"(max-width: 300px) 100vw, 300px\" \/><\/a>\n\t\t\t<\/div><\/figure><figure class='gallery-item'>\n\t\t\t<div class='gallery-icon landscape'>\n\t\t\t\t<a href='https:\/\/zakrasnejsivimperk.cz\/?attachment_id=18051'><img loading=\"lazy\" decoding=\"async\" width=\"300\" height=\"199\" src=\"https:\/\/zakrasnejsivimperk.cz\/wp-content\/uploads\/2015\/05\/nep\u00e1l-2-300x199.jpg\" class=\"attachment-medium size-medium\" alt=\"\" srcset=\"https:\/\/zakrasnejsivimperk.cz\/wp-content\/uploads\/2015\/05\/nep\u00e1l-2-300x199.jpg 300w, https:\/\/zakrasnejsivimperk.cz\/wp-content\/uploads\/2015\/05\/nep\u00e1l-2-100x65.jpg 100w, https:\/\/zakrasnejsivimperk.cz\/wp-content\/uploads\/2015\/05\/nep\u00e1l-2-538x357.jpg 538w, https:\/\/zakrasnejsivimperk.cz\/wp-content\/uploads\/2015\/05\/nep\u00e1l-2-727x483.jpg 727w, https:\/\/zakrasnejsivimperk.cz\/wp-content\/uploads\/2015\/05\/nep\u00e1l-2-570x380.jpg 570w, https:\/\/zakrasnejsivimperk.cz\/wp-content\/uploads\/2015\/05\/nep\u00e1l-2-375x250.jpg 375w, https:\/\/zakrasnejsivimperk.cz\/wp-content\/uploads\/2015\/05\/nep\u00e1l-2-276x184.jpg 276w, https:\/\/zakrasnejsivimperk.cz\/wp-content\/uploads\/2015\/05\/nep\u00e1l-2-180x120.jpg 180w, https:\/\/zakrasnejsivimperk.cz\/wp-content\/uploads\/2015\/05\/nep\u00e1l-2-480x320.jpg 480w, https:\/\/zakrasnejsivimperk.cz\/wp-content\/uploads\/2015\/05\/nep\u00e1l-2.jpg 960w\" sizes=\"(max-width: 300px) 100vw, 300px\" \/><\/a>\n\t\t\t<\/div><\/figure><figure class='gallery-item'>\n\t\t\t<div class='gallery-icon landscape'>\n\t\t\t\t<a href='https:\/\/zakrasnejsivimperk.cz\/?attachment_id=18052'><img loading=\"lazy\" decoding=\"async\" width=\"300\" height=\"199\" src=\"https:\/\/zakrasnejsivimperk.cz\/wp-content\/uploads\/2015\/05\/nep\u00e1l-3-300x199.jpg\" class=\"attachment-medium size-medium\" alt=\"\" srcset=\"https:\/\/zakrasnejsivimperk.cz\/wp-content\/uploads\/2015\/05\/nep\u00e1l-3-300x199.jpg 300w, https:\/\/zakrasnejsivimperk.cz\/wp-content\/uploads\/2015\/05\/nep\u00e1l-3-100x65.jpg 100w, https:\/\/zakrasnejsivimperk.cz\/wp-content\/uploads\/2015\/05\/nep\u00e1l-3-538x357.jpg 538w, https:\/\/zakrasnejsivimperk.cz\/wp-content\/uploads\/2015\/05\/nep\u00e1l-3-727x483.jpg 727w, https:\/\/zakrasnejsivimperk.cz\/wp-content\/uploads\/2015\/05\/nep\u00e1l-3-570x380.jpg 570w, https:\/\/zakrasnejsivimperk.cz\/wp-content\/uploads\/2015\/05\/nep\u00e1l-3-375x250.jpg 375w, https:\/\/zakrasnejsivimperk.cz\/wp-content\/uploads\/2015\/05\/nep\u00e1l-3-276x184.jpg 276w, https:\/\/zakrasnejsivimperk.cz\/wp-content\/uploads\/2015\/05\/nep\u00e1l-3-180x120.jpg 180w, https:\/\/zakrasnejsivimperk.cz\/wp-content\/uploads\/2015\/05\/nep\u00e1l-3-480x320.jpg 480w, https:\/\/zakrasnejsivimperk.cz\/wp-content\/uploads\/2015\/05\/nep\u00e1l-3.jpg 960w\" sizes=\"(max-width: 300px) 100vw, 300px\" \/><\/a>\n\t\t\t<\/div><\/figure><figure class='gallery-item'>\n\t\t\t<div class='gallery-icon landscape'>\n\t\t\t\t<a href='https:\/\/zakrasnejsivimperk.cz\/?attachment_id=18053'><img loading=\"lazy\" decoding=\"async\" width=\"300\" height=\"199\" src=\"https:\/\/zakrasnejsivimperk.cz\/wp-content\/uploads\/2015\/05\/nep\u00e1l-4-300x199.jpg\" class=\"attachment-medium size-medium\" alt=\"\" srcset=\"https:\/\/zakrasnejsivimperk.cz\/wp-content\/uploads\/2015\/05\/nep\u00e1l-4-300x199.jpg 300w, https:\/\/zakrasnejsivimperk.cz\/wp-content\/uploads\/2015\/05\/nep\u00e1l-4-100x65.jpg 100w, https:\/\/zakrasnejsivimperk.cz\/wp-content\/uploads\/2015\/05\/nep\u00e1l-4-538x357.jpg 538w, https:\/\/zakrasnejsivimperk.cz\/wp-content\/uploads\/2015\/05\/nep\u00e1l-4-727x483.jpg 727w, https:\/\/zakrasnejsivimperk.cz\/wp-content\/uploads\/2015\/05\/nep\u00e1l-4-570x380.jpg 570w, https:\/\/zakrasnejsivimperk.cz\/wp-content\/uploads\/2015\/05\/nep\u00e1l-4-375x250.jpg 375w, https:\/\/zakrasnejsivimperk.cz\/wp-content\/uploads\/2015\/05\/nep\u00e1l-4-276x184.jpg 276w, https:\/\/zakrasnejsivimperk.cz\/wp-content\/uploads\/2015\/05\/nep\u00e1l-4-180x120.jpg 180w, https:\/\/zakrasnejsivimperk.cz\/wp-content\/uploads\/2015\/05\/nep\u00e1l-4-480x320.jpg 480w, https:\/\/zakrasnejsivimperk.cz\/wp-content\/uploads\/2015\/05\/nep\u00e1l-4.jpg 960w\" sizes=\"(max-width: 300px) 100vw, 300px\" \/><\/a>\n\t\t\t<\/div><\/figure><figure class='gallery-item'>\n\t\t\t<div class='gallery-icon landscape'>\n\t\t\t\t<a href='https:\/\/zakrasnejsivimperk.cz\/?attachment_id=18054'><img loading=\"lazy\" decoding=\"async\" width=\"300\" height=\"199\" src=\"https:\/\/zakrasnejsivimperk.cz\/wp-content\/uploads\/2015\/05\/nep\u00e1l-5-300x199.jpg\" class=\"attachment-medium size-medium\" alt=\"\" srcset=\"https:\/\/zakrasnejsivimperk.cz\/wp-content\/uploads\/2015\/05\/nep\u00e1l-5-300x199.jpg 300w, https:\/\/zakrasnejsivimperk.cz\/wp-content\/uploads\/2015\/05\/nep\u00e1l-5-100x65.jpg 100w, https:\/\/zakrasnejsivimperk.cz\/wp-content\/uploads\/2015\/05\/nep\u00e1l-5-538x357.jpg 538w, https:\/\/zakrasnejsivimperk.cz\/wp-content\/uploads\/2015\/05\/nep\u00e1l-5-727x483.jpg 727w, https:\/\/zakrasnejsivimperk.cz\/wp-content\/uploads\/2015\/05\/nep\u00e1l-5-570x380.jpg 570w, https:\/\/zakrasnejsivimperk.cz\/wp-content\/uploads\/2015\/05\/nep\u00e1l-5-375x250.jpg 375w, https:\/\/zakrasnejsivimperk.cz\/wp-content\/uploads\/2015\/05\/nep\u00e1l-5-276x184.jpg 276w, https:\/\/zakrasnejsivimperk.cz\/wp-content\/uploads\/2015\/05\/nep\u00e1l-5-180x120.jpg 180w, https:\/\/zakrasnejsivimperk.cz\/wp-content\/uploads\/2015\/05\/nep\u00e1l-5-480x320.jpg 480w, https:\/\/zakrasnejsivimperk.cz\/wp-content\/uploads\/2015\/05\/nep\u00e1l-5.jpg 960w\" sizes=\"(max-width: 300px) 100vw, 300px\" \/><\/a>\n\t\t\t<\/div><\/figure><figure class='gallery-item'>\n\t\t\t<div class='gallery-icon landscape'>\n\t\t\t\t<a href='https:\/\/zakrasnejsivimperk.cz\/?attachment_id=18055'><img loading=\"lazy\" decoding=\"async\" width=\"300\" height=\"199\" src=\"https:\/\/zakrasnejsivimperk.cz\/wp-content\/uploads\/2015\/05\/nep\u00e1l-6-300x199.jpg\" class=\"attachment-medium size-medium\" alt=\"\" srcset=\"https:\/\/zakrasnejsivimperk.cz\/wp-content\/uploads\/2015\/05\/nep\u00e1l-6-300x199.jpg 300w, https:\/\/zakrasnejsivimperk.cz\/wp-content\/uploads\/2015\/05\/nep\u00e1l-6-100x65.jpg 100w, https:\/\/zakrasnejsivimperk.cz\/wp-content\/uploads\/2015\/05\/nep\u00e1l-6-538x357.jpg 538w, https:\/\/zakrasnejsivimperk.cz\/wp-content\/uploads\/2015\/05\/nep\u00e1l-6-727x483.jpg 727w, https:\/\/zakrasnejsivimperk.cz\/wp-content\/uploads\/2015\/05\/nep\u00e1l-6-570x380.jpg 570w, https:\/\/zakrasnejsivimperk.cz\/wp-content\/uploads\/2015\/05\/nep\u00e1l-6-375x250.jpg 375w, https:\/\/zakrasnejsivimperk.cz\/wp-content\/uploads\/2015\/05\/nep\u00e1l-6-276x184.jpg 276w, https:\/\/zakrasnejsivimperk.cz\/wp-content\/uploads\/2015\/05\/nep\u00e1l-6-180x120.jpg 180w, https:\/\/zakrasnejsivimperk.cz\/wp-content\/uploads\/2015\/05\/nep\u00e1l-6-480x320.jpg 480w, https:\/\/zakrasnejsivimperk.cz\/wp-content\/uploads\/2015\/05\/nep\u00e1l-6.jpg 960w\" sizes=\"(max-width: 300px) 100vw, 300px\" \/><\/a>\n\t\t\t<\/div><\/figure><figure class='gallery-item'>\n\t\t\t<div class='gallery-icon landscape'>\n\t\t\t\t<a href='https:\/\/zakrasnejsivimperk.cz\/?attachment_id=18056'><img loading=\"lazy\" decoding=\"async\" width=\"300\" height=\"199\" src=\"https:\/\/zakrasnejsivimperk.cz\/wp-content\/uploads\/2015\/05\/nep\u00e1l-7-300x199.jpg\" class=\"attachment-medium size-medium\" alt=\"\" srcset=\"https:\/\/zakrasnejsivimperk.cz\/wp-content\/uploads\/2015\/05\/nep\u00e1l-7-300x199.jpg 300w, https:\/\/zakrasnejsivimperk.cz\/wp-content\/uploads\/2015\/05\/nep\u00e1l-7-100x65.jpg 100w, https:\/\/zakrasnejsivimperk.cz\/wp-content\/uploads\/2015\/05\/nep\u00e1l-7-538x357.jpg 538w, https:\/\/zakrasnejsivimperk.cz\/wp-content\/uploads\/2015\/05\/nep\u00e1l-7-727x483.jpg 727w, https:\/\/zakrasnejsivimperk.cz\/wp-content\/uploads\/2015\/05\/nep\u00e1l-7-570x380.jpg 570w, https:\/\/zakrasnejsivimperk.cz\/wp-content\/uploads\/2015\/05\/nep\u00e1l-7-375x250.jpg 375w, https:\/\/zakrasnejsivimperk.cz\/wp-content\/uploads\/2015\/05\/nep\u00e1l-7-276x184.jpg 276w, https:\/\/zakrasnejsivimperk.cz\/wp-content\/uploads\/2015\/05\/nep\u00e1l-7-180x120.jpg 180w, https:\/\/zakrasnejsivimperk.cz\/wp-content\/uploads\/2015\/05\/nep\u00e1l-7-480x320.jpg 480w, https:\/\/zakrasnejsivimperk.cz\/wp-content\/uploads\/2015\/05\/nep\u00e1l-7.jpg 960w\" sizes=\"(max-width: 300px) 100vw, 300px\" \/><\/a>\n\t\t\t<\/div><\/figure><figure class='gallery-item'>\n\t\t\t<div class='gallery-icon landscape'>\n\t\t\t\t<a href='https:\/\/zakrasnejsivimperk.cz\/?attachment_id=17421'><img loading=\"lazy\" decoding=\"async\" width=\"300\" height=\"205\" src=\"https:\/\/zakrasnejsivimperk.cz\/wp-content\/uploads\/2015\/04\/nep\u00e1l-1-300x205.jpg\" class=\"attachment-medium size-medium\" alt=\"\" srcset=\"https:\/\/zakrasnejsivimperk.cz\/wp-content\/uploads\/2015\/04\/nep\u00e1l-1-300x205.jpg 300w, https:\/\/zakrasnejsivimperk.cz\/wp-content\/uploads\/2015\/04\/nep\u00e1l-1-520x357.jpg 520w, https:\/\/zakrasnejsivimperk.cz\/wp-content\/uploads\/2015\/04\/nep\u00e1l-1.jpg 557w\" sizes=\"(max-width: 300px) 100vw, 300px\" \/><\/a>\n\t\t\t<\/div><\/figure><figure class='gallery-item'>\n\t\t\t<div class='gallery-icon landscape'>\n\t\t\t\t<a href='https:\/\/zakrasnejsivimperk.cz\/?attachment_id=17423'><img loading=\"lazy\" decoding=\"async\" width=\"300\" height=\"217\" src=\"https:\/\/zakrasnejsivimperk.cz\/wp-content\/uploads\/2015\/04\/nep\u00e1l-3-300x217.jpg\" class=\"attachment-medium size-medium\" alt=\"\" srcset=\"https:\/\/zakrasnejsivimperk.cz\/wp-content\/uploads\/2015\/04\/nep\u00e1l-3-300x217.jpg 300w, https:\/\/zakrasnejsivimperk.cz\/wp-content\/uploads\/2015\/04\/nep\u00e1l-3-326x235.jpg 326w, https:\/\/zakrasnejsivimperk.cz\/wp-content\/uploads\/2015\/04\/nep\u00e1l-3-492x357.jpg 492w, https:\/\/zakrasnejsivimperk.cz\/wp-content\/uploads\/2015\/04\/nep\u00e1l-3-198x143.jpg 198w, https:\/\/zakrasnejsivimperk.cz\/wp-content\/uploads\/2015\/04\/nep\u00e1l-3.jpg 564w\" sizes=\"(max-width: 300px) 100vw, 300px\" \/><\/a>\n\t\t\t<\/div><\/figure><figure class='gallery-item'>\n\t\t\t<div class='gallery-icon portrait'>\n\t\t\t\t<a href='https:\/\/zakrasnejsivimperk.cz\/?attachment_id=17422'><img loading=\"lazy\" decoding=\"async\" width=\"212\" height=\"300\" src=\"https:\/\/zakrasnejsivimperk.cz\/wp-content\/uploads\/2015\/04\/nep\u00e1l-2-212x300.jpg\" class=\"attachment-medium size-medium\" alt=\"\" srcset=\"https:\/\/zakrasnejsivimperk.cz\/wp-content\/uploads\/2015\/04\/nep\u00e1l-2-212x300.jpg 212w, https:\/\/zakrasnejsivimperk.cz\/wp-content\/uploads\/2015\/04\/nep\u00e1l-2-252x357.jpg 252w, https:\/\/zakrasnejsivimperk.cz\/wp-content\/uploads\/2015\/04\/nep\u00e1l-2-341x483.jpg 341w, https:\/\/zakrasnejsivimperk.cz\/wp-content\/uploads\/2015\/04\/nep\u00e1l-2.jpg 566w\" sizes=\"(max-width: 212px) 100vw, 212px\" \/><\/a>\n\t\t\t<\/div><\/figure>\n\t\t<\/div>\n\n<p>&nbsp;<\/p>\n<p>&nbsp;<\/p>\n<p>&nbsp;<\/p>\n<p>&nbsp;<\/p>\n<p>&nbsp;<\/p>\n","protected":false},"excerpt":{"rendered":"<p>Vimpersk\u00fd m\u00edstostarosta <\/p>\n","protected":false},"author":2,"featured_media":18054,"comment_status":"open","ping_status":"open","sticky":false,"template":"","format":"gallery","meta":{"footnotes":""},"categories":[4],"tags":[],"jetpack_featured_media_url":"https:\/\/zakrasnejsivimperk.cz\/wp-content\/uploads\/2015\/05\/nep\u00e1l-5.jpg","_links":{"self":[{"href":"https:\/\/zakrasnejsivimperk.cz\/index.php?rest_route=\/wp\/v2\/posts\/18032"}],"collection":[{"href":"https:\/\/zakrasnejsivimperk.cz\/index.php?rest_route=\/wp\/v2\/posts"}],"about":[{"href":"https:\/\/zakrasnejsivimperk.cz\/index.php?rest_route=\/wp\/v2\/types\/post"}],"author":[{"embeddable":true,"href":"https:\/\/zakrasnejsivimperk.cz\/index.php?rest_route=\/wp\/v2\/users\/2"}],"replies":[{"embeddable":true,"href":"https:\/\/zakrasnejsivimperk.cz\/index.php?rest_route=%2Fwp%2Fv2%2Fcomments&post=18032"}],"version-history":[{"count":10,"href":"https:\/\/zakrasnejsivimperk.cz\/index.php?rest_route=\/wp\/v2\/posts\/18032\/revisions"}],"predecessor-version":[{"id":18152,"href":"https:\/\/zakrasnejsivimperk.cz\/index.php?rest_route=\/wp\/v2\/posts\/18032\/revisions\/18152"}],"wp:featuredmedia":[{"embeddable":true,"href":"https:\/\/zakrasnejsivimperk.cz\/index.php?rest_route=\/wp\/v2\/media\/18054"}],"wp:attachment":[{"href":"https:\/\/zakrasnejsivimperk.cz\/index.php?rest_route=%2Fwp%2Fv2%2Fmedia&parent=18032"}],"wp:term":[{"taxonomy":"category","embeddable":true,"href":"https:\/\/zakrasnejsivimperk.cz\/index.php?rest_route=%2Fwp%2Fv2%2Fcategories&post=18032"},{"taxonomy":"post_tag","embeddable":true,"href":"https:\/\/zakrasnejsivimperk.cz\/index.php?rest_route=%2Fwp%2Fv2%2Ftags&post=18032"}],"curies":[{"name":"wp","href":"https:\/\/api.w.org\/{rel}","templated":true}]}}