{"id":17503,"date":"2015-04-29T21:25:45","date_gmt":"2015-04-29T20:25:45","guid":{"rendered":"http:\/\/zakrasnejsivimperk.cz\/?p=17503"},"modified":"2015-04-29T21:29:28","modified_gmt":"2015-04-29T20:29:28","slug":"vsimavy-objektiv-technika-pomaha-mestskym-sluzbach-pri-jarnim-uklidu-ulic","status":"publish","type":"post","link":"https:\/\/zakrasnejsivimperk.cz\/?p=17503","title":{"rendered":"V\u0160\u00cdMAV\u00dd OBJEKTIV: Technika pom\u00e1h\u00e1 m\u011bstsk\u00fdm slu\u017eb\u00e1ch p\u0159i jarn\u00edm \u00faklidu vimpersk\u00fdch ulic"},"content":{"rendered":"<p><strong>Foto: (zj)<\/strong><\/p>\n<div id='gallery-1' class='gallery galleryid-17503 gallery-columns-3 gallery-size-medium'><figure class='gallery-item'>\n\t\t\t<div class='gallery-icon landscape'>\n\t\t\t\t<a href='https:\/\/zakrasnejsivimperk.cz\/?attachment_id=17504'><img loading=\"lazy\" decoding=\"async\" width=\"300\" height=\"225\" src=\"https:\/\/zakrasnejsivimperk.cz\/wp-content\/uploads\/2015\/04\/zametac\u00ed-v\u016fz-1-300x225.jpg\" class=\"attachment-medium size-medium\" alt=\"\" srcset=\"https:\/\/zakrasnejsivimperk.cz\/wp-content\/uploads\/2015\/04\/zametac\u00ed-v\u016fz-1-300x225.jpg 300w, https:\/\/zakrasnejsivimperk.cz\/wp-content\/uploads\/2015\/04\/zametac\u00ed-v\u016fz-1-476x357.jpg 476w, https:\/\/zakrasnejsivimperk.cz\/wp-content\/uploads\/2015\/04\/zametac\u00ed-v\u016fz-1-644x483.jpg 644w, https:\/\/zakrasnejsivimperk.cz\/wp-content\/uploads\/2015\/04\/zametac\u00ed-v\u016fz-1.jpg 800w\" sizes=\"(max-width: 300px) 100vw, 300px\" \/><\/a>\n\t\t\t<\/div><\/figure><figure class='gallery-item'>\n\t\t\t<div class='gallery-icon landscape'>\n\t\t\t\t<a href='https:\/\/zakrasnejsivimperk.cz\/?attachment_id=17505'><img loading=\"lazy\" decoding=\"async\" width=\"300\" height=\"225\" src=\"https:\/\/zakrasnejsivimperk.cz\/wp-content\/uploads\/2015\/04\/zametac\u00ed-v\u016fz-2-300x225.jpg\" class=\"attachment-medium size-medium\" alt=\"\" srcset=\"https:\/\/zakrasnejsivimperk.cz\/wp-content\/uploads\/2015\/04\/zametac\u00ed-v\u016fz-2-300x225.jpg 300w, https:\/\/zakrasnejsivimperk.cz\/wp-content\/uploads\/2015\/04\/zametac\u00ed-v\u016fz-2-476x357.jpg 476w, https:\/\/zakrasnejsivimperk.cz\/wp-content\/uploads\/2015\/04\/zametac\u00ed-v\u016fz-2-644x483.jpg 644w, https:\/\/zakrasnejsivimperk.cz\/wp-content\/uploads\/2015\/04\/zametac\u00ed-v\u016fz-2.jpg 800w\" sizes=\"(max-width: 300px) 100vw, 300px\" \/><\/a>\n\t\t\t<\/div><\/figure><figure class='gallery-item'>\n\t\t\t<div class='gallery-icon landscape'>\n\t\t\t\t<a href='https:\/\/zakrasnejsivimperk.cz\/?attachment_id=17506'><img loading=\"lazy\" decoding=\"async\" width=\"300\" height=\"225\" src=\"https:\/\/zakrasnejsivimperk.cz\/wp-content\/uploads\/2015\/04\/zametac\u00ed-v\u016fz-3-300x225.jpg\" class=\"attachment-medium size-medium\" alt=\"\" srcset=\"https:\/\/zakrasnejsivimperk.cz\/wp-content\/uploads\/2015\/04\/zametac\u00ed-v\u016fz-3-300x225.jpg 300w, https:\/\/zakrasnejsivimperk.cz\/wp-content\/uploads\/2015\/04\/zametac\u00ed-v\u016fz-3-476x357.jpg 476w, https:\/\/zakrasnejsivimperk.cz\/wp-content\/uploads\/2015\/04\/zametac\u00ed-v\u016fz-3-644x483.jpg 644w, https:\/\/zakrasnejsivimperk.cz\/wp-content\/uploads\/2015\/04\/zametac\u00ed-v\u016fz-3.jpg 800w\" sizes=\"(max-width: 300px) 100vw, 300px\" \/><\/a>\n\t\t\t<\/div><\/figure><figure class='gallery-item'>\n\t\t\t<div class='gallery-icon landscape'>\n\t\t\t\t<a href='https:\/\/zakrasnejsivimperk.cz\/?attachment_id=17507'><img loading=\"lazy\" decoding=\"async\" width=\"300\" height=\"225\" src=\"https:\/\/zakrasnejsivimperk.cz\/wp-content\/uploads\/2015\/04\/zametac\u00ed-v\u016fz-4-300x225.jpg\" class=\"attachment-medium size-medium\" alt=\"\" srcset=\"https:\/\/zakrasnejsivimperk.cz\/wp-content\/uploads\/2015\/04\/zametac\u00ed-v\u016fz-4-300x225.jpg 300w, https:\/\/zakrasnejsivimperk.cz\/wp-content\/uploads\/2015\/04\/zametac\u00ed-v\u016fz-4-476x357.jpg 476w, https:\/\/zakrasnejsivimperk.cz\/wp-content\/uploads\/2015\/04\/zametac\u00ed-v\u016fz-4-644x483.jpg 644w, https:\/\/zakrasnejsivimperk.cz\/wp-content\/uploads\/2015\/04\/zametac\u00ed-v\u016fz-4.jpg 800w\" sizes=\"(max-width: 300px) 100vw, 300px\" \/><\/a>\n\t\t\t<\/div><\/figure><figure class='gallery-item'>\n\t\t\t<div class='gallery-icon landscape'>\n\t\t\t\t<a href='https:\/\/zakrasnejsivimperk.cz\/?attachment_id=17508'><img loading=\"lazy\" decoding=\"async\" width=\"300\" height=\"225\" src=\"https:\/\/zakrasnejsivimperk.cz\/wp-content\/uploads\/2015\/04\/zametac\u00ed-v\u016fz-5-300x225.jpg\" class=\"attachment-medium size-medium\" alt=\"\" srcset=\"https:\/\/zakrasnejsivimperk.cz\/wp-content\/uploads\/2015\/04\/zametac\u00ed-v\u016fz-5-300x225.jpg 300w, https:\/\/zakrasnejsivimperk.cz\/wp-content\/uploads\/2015\/04\/zametac\u00ed-v\u016fz-5-476x357.jpg 476w, https:\/\/zakrasnejsivimperk.cz\/wp-content\/uploads\/2015\/04\/zametac\u00ed-v\u016fz-5-644x483.jpg 644w, https:\/\/zakrasnejsivimperk.cz\/wp-content\/uploads\/2015\/04\/zametac\u00ed-v\u016fz-5.jpg 800w\" sizes=\"(max-width: 300px) 100vw, 300px\" \/><\/a>\n\t\t\t<\/div><\/figure>\n\t\t<\/div>\n\n","protected":false},"excerpt":{"rendered":"<p>Foto: (zj)<\/p>\n","protected":false},"author":2,"featured_media":17505,"comment_status":"open","ping_status":"open","sticky":false,"template":"","format":"gallery","meta":{"footnotes":""},"categories":[4],"tags":[],"jetpack_featured_media_url":"https:\/\/zakrasnejsivimperk.cz\/wp-content\/uploads\/2015\/04\/zametac\u00ed-v\u016fz-2.jpg","_links":{"self":[{"href":"https:\/\/zakrasnejsivimperk.cz\/index.php?rest_route=\/wp\/v2\/posts\/17503"}],"collection":[{"href":"https:\/\/zakrasnejsivimperk.cz\/index.php?rest_route=\/wp\/v2\/posts"}],"about":[{"href":"https:\/\/zakrasnejsivimperk.cz\/index.php?rest_route=\/wp\/v2\/types\/post"}],"author":[{"embeddable":true,"href":"https:\/\/zakrasnejsivimperk.cz\/index.php?rest_route=\/wp\/v2\/users\/2"}],"replies":[{"embeddable":true,"href":"https:\/\/zakrasnejsivimperk.cz\/index.php?rest_route=%2Fwp%2Fv2%2Fcomments&post=17503"}],"version-history":[{"count":3,"href":"https:\/\/zakrasnejsivimperk.cz\/index.php?rest_route=\/wp\/v2\/posts\/17503\/revisions"}],"predecessor-version":[{"id":17511,"href":"https:\/\/zakrasnejsivimperk.cz\/index.php?rest_route=\/wp\/v2\/posts\/17503\/revisions\/17511"}],"wp:featuredmedia":[{"embeddable":true,"href":"https:\/\/zakrasnejsivimperk.cz\/index.php?rest_route=\/wp\/v2\/media\/17505"}],"wp:attachment":[{"href":"https:\/\/zakrasnejsivimperk.cz\/index.php?rest_route=%2Fwp%2Fv2%2Fmedia&parent=17503"}],"wp:term":[{"taxonomy":"category","embeddable":true,"href":"https:\/\/zakrasnejsivimperk.cz\/index.php?rest_route=%2Fwp%2Fv2%2Fcategories&post=17503"},{"taxonomy":"post_tag","embeddable":true,"href":"https:\/\/zakrasnejsivimperk.cz\/index.php?rest_route=%2Fwp%2Fv2%2Ftags&post=17503"}],"curies":[{"name":"wp","href":"https:\/\/api.w.org\/{rel}","templated":true}]}}