{"id":17295,"date":"2015-04-27T19:49:06","date_gmt":"2015-04-27T18:49:06","guid":{"rendered":"http:\/\/zakrasnejsivimperk.cz\/?p=17295"},"modified":"2015-04-28T10:02:10","modified_gmt":"2015-04-28T09:02:10","slug":"na-kole-s-jirim-caisem-okolo-vimperka-muzete-vase-problemy-prenechat-jeho-hlave","status":"publish","type":"post","link":"https:\/\/zakrasnejsivimperk.cz\/?p=17295","title":{"rendered":"NA KOLE S JI\u0158\u00cdM CAISEM: Okolo Vimperka m\u016f\u017eete va\u0161e probl\u00e9my bez obav sv\u011b\u0159it jeho hlav\u011b"},"content":{"rendered":"<p style=\"text-align: justify;\">M\u00edstostarosta Vimperka Ji\u0159\u00ed Cais zve v\u0161echny p\u0159\u00edznivce cyklistiky na dal\u0161\u00ed v\u00fdlet v r\u00e1mci j\u00edm organizovan\u00e9 tour s n\u00e1zvem Na kole okolo Vimperka aneb va\u0161e probl\u00e9my na mou hlavu. Sraz je v \u00fater\u00fd 28. dubna v 16:30 \u00a0hodin u Informa\u010dn\u00edho st\u0159ediska na n\u00e1m\u011bst\u00ed. P\u0159i vyj\u00ed\u017e\u010fce budou jej\u00ed \u00fa\u010dastn\u00edci spole\u010dn\u011b konzultovat a \u0159e\u0161it probl\u00e9my, kter\u00e9 je ve Vimperku tr\u00e1p\u00ed.<\/p>\n<p style=\"text-align: justify;\"><strong>(pp)<\/strong><\/p>\n<p style=\"text-align: justify;\"><strong>Foto: (red)<\/strong><\/p>\n<p>&nbsp;<\/p>\n<p>&nbsp;<\/p>\n<p>&nbsp;<\/p>\n<p style=\"text-align: justify;\">\n","protected":false},"excerpt":{"rendered":"<p>M\u00edstostarosta Vimperka <\/p>\n","protected":false},"author":2,"featured_media":9276,"comment_status":"open","ping_status":"open","sticky":false,"template":"","format":"standard","meta":{"footnotes":""},"categories":[4],"tags":[],"jetpack_featured_media_url":"https:\/\/zakrasnejsivimperk.cz\/wp-content\/uploads\/2015\/02\/ji\u0159i-cais.jpg","_links":{"self":[{"href":"https:\/\/zakrasnejsivimperk.cz\/index.php?rest_route=\/wp\/v2\/posts\/17295"}],"collection":[{"href":"https:\/\/zakrasnejsivimperk.cz\/index.php?rest_route=\/wp\/v2\/posts"}],"about":[{"href":"https:\/\/zakrasnejsivimperk.cz\/index.php?rest_route=\/wp\/v2\/types\/post"}],"author":[{"embeddable":true,"href":"https:\/\/zakrasnejsivimperk.cz\/index.php?rest_route=\/wp\/v2\/users\/2"}],"replies":[{"embeddable":true,"href":"https:\/\/zakrasnejsivimperk.cz\/index.php?rest_route=%2Fwp%2Fv2%2Fcomments&post=17295"}],"version-history":[{"count":6,"href":"https:\/\/zakrasnejsivimperk.cz\/index.php?rest_route=\/wp\/v2\/posts\/17295\/revisions"}],"predecessor-version":[{"id":17346,"href":"https:\/\/zakrasnejsivimperk.cz\/index.php?rest_route=\/wp\/v2\/posts\/17295\/revisions\/17346"}],"wp:featuredmedia":[{"embeddable":true,"href":"https:\/\/zakrasnejsivimperk.cz\/index.php?rest_route=\/wp\/v2\/media\/9276"}],"wp:attachment":[{"href":"https:\/\/zakrasnejsivimperk.cz\/index.php?rest_route=%2Fwp%2Fv2%2Fmedia&parent=17295"}],"wp:term":[{"taxonomy":"category","embeddable":true,"href":"https:\/\/zakrasnejsivimperk.cz\/index.php?rest_route=%2Fwp%2Fv2%2Fcategories&post=17295"},{"taxonomy":"post_tag","embeddable":true,"href":"https:\/\/zakrasnejsivimperk.cz\/index.php?rest_route=%2Fwp%2Fv2%2Ftags&post=17295"}],"curies":[{"name":"wp","href":"https:\/\/api.w.org\/{rel}","templated":true}]}}