{"id":172675,"date":"2020-10-16T12:17:11","date_gmt":"2020-10-16T11:17:11","guid":{"rendered":"http:\/\/zakrasnejsivimperk.cz\/?p=172675"},"modified":"2020-10-16T22:00:28","modified_gmt":"2020-10-16T21:00:28","slug":"vzpominky-na-detstvi-josefa-lady-pousteni-draka","status":"publish","type":"post","link":"https:\/\/zakrasnejsivimperk.cz\/?p=172675","title":{"rendered":"VZPOM\u00cdNKY NA D\u011aTSTV\u00cd JOSEFA LADY: Pou\u0161t\u011bn\u00ed draka"},"content":{"rendered":"<p><img loading=\"lazy\" decoding=\"async\" class=\"aligncenter wp-image-172676 size-full\" src=\"http:\/\/zakrasnejsivimperk.cz\/wp-content\/uploads\/2019\/09\/29\/lada-pou\u0161t\u011bn\u00ed-draka.jpg\" alt=\"\" width=\"773\" height=\"960\" srcset=\"https:\/\/zakrasnejsivimperk.cz\/wp-content\/uploads\/2019\/09\/29\/lada-pou\u0161t\u011bn\u00ed-draka.jpg 773w, https:\/\/zakrasnejsivimperk.cz\/wp-content\/uploads\/2019\/09\/29\/lada-pou\u0161t\u011bn\u00ed-draka-242x300.jpg 242w, https:\/\/zakrasnejsivimperk.cz\/wp-content\/uploads\/2019\/09\/29\/lada-pou\u0161t\u011bn\u00ed-draka-768x954.jpg 768w, https:\/\/zakrasnejsivimperk.cz\/wp-content\/uploads\/2019\/09\/29\/lada-pou\u0161t\u011bn\u00ed-draka-326x406.jpg 326w, https:\/\/zakrasnejsivimperk.cz\/wp-content\/uploads\/2019\/09\/29\/lada-pou\u0161t\u011bn\u00ed-draka-287x357.jpg 287w, https:\/\/zakrasnejsivimperk.cz\/wp-content\/uploads\/2019\/09\/29\/lada-pou\u0161t\u011bn\u00ed-draka-389x483.jpg 389w\" sizes=\"(max-width: 773px) 100vw, 773px\" \/><\/p>\n<p>&nbsp;<\/p>\n<p>&nbsp;<\/p>\n<p>&nbsp;<\/p>\n<p>&nbsp;<\/p>\n<p>&nbsp;<\/p>\n","protected":false},"excerpt":{"rendered":"<p>&nbsp; &nbsp; <\/p>\n","protected":false},"author":2,"featured_media":172677,"comment_status":"open","ping_status":"open","sticky":false,"template":"","format":"gallery","meta":{"footnotes":""},"categories":[89],"tags":[],"jetpack_featured_media_url":"https:\/\/zakrasnejsivimperk.cz\/wp-content\/uploads\/2019\/09\/29\/r\u00e1me\u010dek-lada.jpg","_links":{"self":[{"href":"https:\/\/zakrasnejsivimperk.cz\/index.php?rest_route=\/wp\/v2\/posts\/172675"}],"collection":[{"href":"https:\/\/zakrasnejsivimperk.cz\/index.php?rest_route=\/wp\/v2\/posts"}],"about":[{"href":"https:\/\/zakrasnejsivimperk.cz\/index.php?rest_route=\/wp\/v2\/types\/post"}],"author":[{"embeddable":true,"href":"https:\/\/zakrasnejsivimperk.cz\/index.php?rest_route=\/wp\/v2\/users\/2"}],"replies":[{"embeddable":true,"href":"https:\/\/zakrasnejsivimperk.cz\/index.php?rest_route=%2Fwp%2Fv2%2Fcomments&post=172675"}],"version-history":[{"count":2,"href":"https:\/\/zakrasnejsivimperk.cz\/index.php?rest_route=\/wp\/v2\/posts\/172675\/revisions"}],"predecessor-version":[{"id":172790,"href":"https:\/\/zakrasnejsivimperk.cz\/index.php?rest_route=\/wp\/v2\/posts\/172675\/revisions\/172790"}],"wp:featuredmedia":[{"embeddable":true,"href":"https:\/\/zakrasnejsivimperk.cz\/index.php?rest_route=\/wp\/v2\/media\/172677"}],"wp:attachment":[{"href":"https:\/\/zakrasnejsivimperk.cz\/index.php?rest_route=%2Fwp%2Fv2%2Fmedia&parent=172675"}],"wp:term":[{"taxonomy":"category","embeddable":true,"href":"https:\/\/zakrasnejsivimperk.cz\/index.php?rest_route=%2Fwp%2Fv2%2Fcategories&post=172675"},{"taxonomy":"post_tag","embeddable":true,"href":"https:\/\/zakrasnejsivimperk.cz\/index.php?rest_route=%2Fwp%2Fv2%2Ftags&post=172675"}],"curies":[{"name":"wp","href":"https:\/\/api.w.org\/{rel}","templated":true}]}}