{"id":17219,"date":"2015-04-28T20:55:34","date_gmt":"2015-04-28T19:55:34","guid":{"rendered":"http:\/\/zakrasnejsivimperk.cz\/?p=17219"},"modified":"2015-04-29T07:22:23","modified_gmt":"2015-04-29T06:22:23","slug":"radnice-porusila-zakon-informacni-tabuli-umistila-v-parku-bez-souhlasu-stavebniho-uradu","status":"publish","type":"post","link":"https:\/\/zakrasnejsivimperk.cz\/?p=17219","title":{"rendered":"RADNICE PORU\u0160ILA Z\u00c1KON: Informa\u010dn\u00ed tabuli um\u00edstila v parku bez souhlasu stavebn\u00edho \u00fa\u0159adu"},"content":{"rendered":"<p style=\"text-align: justify;\"><strong>P\u0159ed Z\u00e1kladn\u00ed \u0161kolou T. G. Masaryka \u00a0ve vimpersk\u00e9m parku se ve st\u0159edu 15. dubna objevila nov\u00e1 dvoustrann\u00e1 tabule s informacemi a fotografiemi z historie t\u00e9to \u0161koly, kter\u00e1 si letos p\u0159ipom\u00edn\u00e1 p\u011btaosmdes\u00e1t let od sv\u00e9ho zalo\u017een\u00ed. Informoval jsme zde: <a href=\"http:\/\/zakrasnejsivimperk.cz\/?p=15817\" target=\"_blank\">V\u0160\u00cdMAV\u00dd OBJEKTIV: Nov\u00e1 informa\u010dn\u00ed tabule m\u00e1 vadu na kr\u00e1se, je obt\u00ed\u017en\u011b p\u0159\u00edstupn\u00e1 a \u0161patn\u011b \u010diteln\u00e1<\/a>.\u00a0To jsme ale je\u0161t\u011b nev\u011bd\u011bli, \u017ee tabule m\u00e1 dal\u0161\u00ed, podstatn\u011bj\u0161\u00ed vadu. Stru\u010dn\u011b \u0159e\u010deno, byla um\u00edst\u011bna na\u010derno. <\/strong><\/p>\n<p style=\"text-align: justify;\"><strong>Zjistili jsme to na Odboru v\u00fdstavby a \u00fazemn\u00edho pl\u00e1nov\u00e1n\u00ed M\u011bstsk\u00e9ho \u00fa\u0159adu ve Vimperku, kde jsme se dot\u00e1zali, zda um\u00edst\u011bn\u00ed tabule t\u011bchto rozm\u011br\u016f podl\u00e9h\u00e1 stavebn\u00edmu z\u00e1konu, jako nap\u0159. billboard u cesty. Vedouc\u00ed odboru V\u00e1clav Kok\u0161tein n\u00e1m odpov\u011bd\u011bl:<\/strong><\/p>\n<p style=\"text-align: justify;\"><em>Na z\u00e1klad\u011b p\u0159ezkoum\u00e1n\u00ed datab\u00e1ze vydan\u00fdch opat\u0159en\u00ed a rozhodnut\u00ed stavebn\u00edho \u00fa\u0159adu potvrzujeme, \u017ee p\u0159edm\u011btn\u00e1 informa\u010dn\u00ed tabule byla na pozemku \u010d. 923\/1 um\u00edst\u011bna v\u00a0rozporu se stavebn\u00edm z\u00e1konem bez \u00fazemn\u00edho rozhodnut\u00ed v\u00a0d\u016fsledku \u0161patn\u00e9 komunikace odpov\u011bdn\u00fdch \u00fa\u0159edn\u00edk\u016f. Po projedn\u00e1n\u00ed s\u00a0veden\u00edm m\u011bsta a \u0159editelkou Z\u0160 T.G. Masaryka bylo rozhodnuto o jej\u00edm odstran\u011bn\u00ed s\u00a0t\u00edm, \u017ee po vyd\u00e1n\u00ed \u0159\u00e1dn\u00e9ho \u00fazemn\u00edho rozhodnut\u00ed bude um\u00edst\u011bna na vhodn\u011bj\u0161\u00ed \u010d\u00e1sti pozemku v\u00a0p\u0159\u00edm\u00e9 n\u00e1vaznosti na \u00a0chodn\u00edk tak, aby byla dob\u0159e p\u0159\u00edstupn\u00e1 i \u010diteln\u00e1.\u00a0<\/em><\/p>\n<p style=\"text-align: justify;\"><strong>No vida. \u00da\u0159edn\u00edci, v tomto p\u0159\u00edpad\u011b z Odboru \u0161kolstv\u00ed, kultury a cestovn\u00edho ruchu M\u011bstsk\u00e9ho \u00fa\u0159adu ve Vimperku <\/strong>(viz info radnice <strong><a href=\"http:\/\/www.vimperk.cz\/2736\/cz\/normal\/nova-informacni-cedule-odkazuje-na-bohatou-historii-zakladni-skoly-t-g-masaryka\/#.VT4uJtysVlM\" target=\"_blank\">ZDE<\/a><\/strong>)<strong>, kte\u0159\u00ed by m\u011bli m\u00edt z\u00e1kony v mal\u00ed\u010dku, selhali. Jak potom m\u016f\u017ee radnice cht\u00edt po ob\u010danech, aby dodr\u017eovali stavebn\u00ed z\u00e1kon a jin\u00e9 p\u0159edpisy, kdy\u017e sama toto nezvl\u00e1d\u00e1. Chyba se stala, tabule bude odstran\u011bna a znovu instalov\u00e1na. N\u011bkdo vezme krump\u00e1\u010d a lopatu a op\u011bt se pusti do pr\u00e1ce. Zadarmo to d\u011blat nebude. Ve fabrice by to byl zmetek, kter\u00fd\u00a0dostane d\u011bln\u00edk k n\u00e1hrad\u011b. Jak tomu bude v tomto p\u0159\u00edpad\u011b?\u00a0<\/strong><\/p>\n<p style=\"text-align: justify;\"><strong>(red)<\/strong><\/p>\n<div id='gallery-1' class='gallery galleryid-17219 gallery-columns-3 gallery-size-medium'><figure class='gallery-item'>\n\t\t\t<div class='gallery-icon landscape'>\n\t\t\t\t<a href='https:\/\/zakrasnejsivimperk.cz\/?attachment_id=17238'><img loading=\"lazy\" decoding=\"async\" width=\"300\" height=\"225\" src=\"https:\/\/zakrasnejsivimperk.cz\/wp-content\/uploads\/2015\/04\/tabule-v-parku-300x225.jpg\" class=\"attachment-medium size-medium\" alt=\"\" srcset=\"https:\/\/zakrasnejsivimperk.cz\/wp-content\/uploads\/2015\/04\/tabule-v-parku-300x225.jpg 300w, https:\/\/zakrasnejsivimperk.cz\/wp-content\/uploads\/2015\/04\/tabule-v-parku-476x357.jpg 476w, https:\/\/zakrasnejsivimperk.cz\/wp-content\/uploads\/2015\/04\/tabule-v-parku-644x483.jpg 644w, https:\/\/zakrasnejsivimperk.cz\/wp-content\/uploads\/2015\/04\/tabule-v-parku.jpg 800w\" sizes=\"(max-width: 300px) 100vw, 300px\" \/><\/a>\n\t\t\t<\/div><\/figure><figure class='gallery-item'>\n\t\t\t<div class='gallery-icon landscape'>\n\t\t\t\t<a href='https:\/\/zakrasnejsivimperk.cz\/?attachment_id=17239'><img loading=\"lazy\" decoding=\"async\" width=\"300\" height=\"225\" src=\"https:\/\/zakrasnejsivimperk.cz\/wp-content\/uploads\/2015\/04\/tabule-v-parku-21-300x225.jpg\" class=\"attachment-medium size-medium\" alt=\"\" srcset=\"https:\/\/zakrasnejsivimperk.cz\/wp-content\/uploads\/2015\/04\/tabule-v-parku-21-300x225.jpg 300w, https:\/\/zakrasnejsivimperk.cz\/wp-content\/uploads\/2015\/04\/tabule-v-parku-21-476x357.jpg 476w, https:\/\/zakrasnejsivimperk.cz\/wp-content\/uploads\/2015\/04\/tabule-v-parku-21-644x483.jpg 644w, https:\/\/zakrasnejsivimperk.cz\/wp-content\/uploads\/2015\/04\/tabule-v-parku-21.jpg 800w\" sizes=\"(max-width: 300px) 100vw, 300px\" \/><\/a>\n\t\t\t<\/div><\/figure>\n\t\t<\/div>\n\n","protected":false},"excerpt":{"rendered":"<p>P\u0159ed Z\u00e1kladn\u00ed <\/p>\n","protected":false},"author":2,"featured_media":17238,"comment_status":"open","ping_status":"open","sticky":false,"template":"","format":"gallery","meta":{"footnotes":""},"categories":[4],"tags":[],"jetpack_featured_media_url":"https:\/\/zakrasnejsivimperk.cz\/wp-content\/uploads\/2015\/04\/tabule-v-parku.jpg","_links":{"self":[{"href":"https:\/\/zakrasnejsivimperk.cz\/index.php?rest_route=\/wp\/v2\/posts\/17219"}],"collection":[{"href":"https:\/\/zakrasnejsivimperk.cz\/index.php?rest_route=\/wp\/v2\/posts"}],"about":[{"href":"https:\/\/zakrasnejsivimperk.cz\/index.php?rest_route=\/wp\/v2\/types\/post"}],"author":[{"embeddable":true,"href":"https:\/\/zakrasnejsivimperk.cz\/index.php?rest_route=\/wp\/v2\/users\/2"}],"replies":[{"embeddable":true,"href":"https:\/\/zakrasnejsivimperk.cz\/index.php?rest_route=%2Fwp%2Fv2%2Fcomments&post=17219"}],"version-history":[{"count":8,"href":"https:\/\/zakrasnejsivimperk.cz\/index.php?rest_route=\/wp\/v2\/posts\/17219\/revisions"}],"predecessor-version":[{"id":17452,"href":"https:\/\/zakrasnejsivimperk.cz\/index.php?rest_route=\/wp\/v2\/posts\/17219\/revisions\/17452"}],"wp:featuredmedia":[{"embeddable":true,"href":"https:\/\/zakrasnejsivimperk.cz\/index.php?rest_route=\/wp\/v2\/media\/17238"}],"wp:attachment":[{"href":"https:\/\/zakrasnejsivimperk.cz\/index.php?rest_route=%2Fwp%2Fv2%2Fmedia&parent=17219"}],"wp:term":[{"taxonomy":"category","embeddable":true,"href":"https:\/\/zakrasnejsivimperk.cz\/index.php?rest_route=%2Fwp%2Fv2%2Fcategories&post=17219"},{"taxonomy":"post_tag","embeddable":true,"href":"https:\/\/zakrasnejsivimperk.cz\/index.php?rest_route=%2Fwp%2Fv2%2Ftags&post=17219"}],"curies":[{"name":"wp","href":"https:\/\/api.w.org\/{rel}","templated":true}]}}