{"id":171719,"date":"2024-11-18T21:24:35","date_gmt":"2024-11-18T20:24:35","guid":{"rendered":"http:\/\/zakrasnejsivimperk.cz\/?p=171719"},"modified":"2024-11-18T21:24:35","modified_gmt":"2024-11-18T20:24:35","slug":"stara-sumava-a-posumavi-opomenuta-zeme-zamyslena","status":"publish","type":"post","link":"https:\/\/zakrasnejsivimperk.cz\/?p=171719","title":{"rendered":"STAR\u00c1 \u0160UMAVA A PO\u0160UMAV\u00cd: Opomenut\u00e1 Zem\u011b zamy\u0161len\u00e1"},"content":{"rendered":"<p><em>Kolikr\u00e1t je\u0161t\u011b<\/em><br \/>\n<em>Kolikr\u00e1t je\u0161t\u011b povede mne<\/em><br \/>\n<em>ta cesta mezi o\u0159e\u0161\u00edm?<\/em><br \/>\n<em>Kolikr\u00e1t je\u0161t\u011b,smrky temn\u00e9,<\/em><br \/>\n<em><img loading=\"lazy\" decoding=\"async\" class=\"alignright wp-image-171724\" src=\"http:\/\/zakrasnejsivimperk.cz\/wp-content\/uploads\/2019\/09\/19\/OPOMENUT\u00c1-ZEM\u011a-ZAMY\u0160LEN\u00c1...-kopie-300x153.jpg\" alt=\"\" width=\"800\" height=\"408\" srcset=\"https:\/\/zakrasnejsivimperk.cz\/wp-content\/uploads\/2019\/09\/19\/OPOMENUT\u00c1-ZEM\u011a-ZAMY\u0160LEN\u00c1...-kopie-300x153.jpg 300w, https:\/\/zakrasnejsivimperk.cz\/wp-content\/uploads\/2019\/09\/19\/OPOMENUT\u00c1-ZEM\u011a-ZAMY\u0160LEN\u00c1...-kopie-768x391.jpg 768w, https:\/\/zakrasnejsivimperk.cz\/wp-content\/uploads\/2019\/09\/19\/OPOMENUT\u00c1-ZEM\u011a-ZAMY\u0160LEN\u00c1...-kopie-700x357.jpg 700w, https:\/\/zakrasnejsivimperk.cz\/wp-content\/uploads\/2019\/09\/19\/OPOMENUT\u00c1-ZEM\u011a-ZAMY\u0160LEN\u00c1...-kopie-701x357.jpg 701w, https:\/\/zakrasnejsivimperk.cz\/wp-content\/uploads\/2019\/09\/19\/OPOMENUT\u00c1-ZEM\u011a-ZAMY\u0160LEN\u00c1...-kopie-948x483.jpg 948w, https:\/\/zakrasnejsivimperk.cz\/wp-content\/uploads\/2019\/09\/19\/OPOMENUT\u00c1-ZEM\u011a-ZAMY\u0160LEN\u00c1...-kopie.jpg 960w\" sizes=\"(max-width: 800px) 100vw, 800px\" \/>se s v\u00e1mi ve\u010der pot\u011b\u0161\u00edm?<\/em><\/p>\n<p><em>Kolikr\u00e1t je\u0161t\u011b,kroky moje,<\/em><br \/>\n<em>se zastav\u00edte v kru\u010dink\u00e1ch?<\/em><br \/>\n<em>Kolikr\u00e1t,zbaven nepokoje,<\/em><br \/>\n<em>jda nepoc\u00edt\u00edm \u017e\u00e1dn\u00fd strach?<\/em><\/p>\n<p><em>Kolikr\u00e1t je\u0161t\u011b rozhl\u00e9dnu se<\/em><br \/>\n<em>k \u0161umavsk\u00fdm hor\u00e1m modrav\u00fdm?<\/em><br \/>\n<em>Kolikr\u00e1t je\u0161t\u011b dny tv\u00e9 rus\u00e9<\/em><br \/>\n<em>pod letn\u00edm nebem pozdrav\u00edm?<\/em><\/p>\n<p><em>Kolikr\u00e1t je\u0161t\u011b prodl\u00e9vav\u011b<\/em><br \/>\n<em>t\u0159pytiv\u00e1 jitra projdou mnou?<\/em><br \/>\n<em>\u017dampi\u00f3n v ovse,\u0161pi\u010dky v tr\u00e1v\u011b<\/em><br \/>\n<em>vydychnou v\u016fn\u00ed houbovou?<\/em><\/p>\n<p><em>Kolikr\u00e1t je\u0161t\u011b budu z tebe<\/em><br \/>\n<em>naslouchat,kraji,vln\u00e1m \u017eit?<\/em><br \/>\n<em>Stud\u00e1nko \u017eab\u00ed,pta\u010d\u00ed nebe<\/em><br \/>\n<em>zde cht\u011bl bych v\u011b\u010dn\u00e9 ticho p\u00edt.<\/em><\/p>\n<h6>Zem\u011b zamy\u0161len\u00e1 je pova\u017eov\u00e1na za nejv\u011bt\u0161\u00ed d\u00edlo Ladislava Stehl\u00edka. D\u00edlo je lyrick\u00fdm i turistick\u00fdm pr\u016fvodcem po jihoz\u00e1padn\u00edch \u010cech\u00e1ch. Autor p\u0159i sv\u00fdch cest\u00e1ch po kraji sesb\u00edral pov\u011bsti, zaznamenal osudy m\u00edstn\u00edch lid\u00ed \u010di zastaven\u00ed zaj\u00edmav\u00fdch n\u00e1v\u0161t\u011bvn\u00edk\u016f \u2013 mal\u00ed\u0159\u016f, socha\u0159\u016f, spisovatel\u016f, herc\u016f, hudebn\u00edch skladatel\u016f a dal\u0161\u00edch. To doplnil mistrn\u00fdm popisem p\u0159\u00edrody a obr\u00e1zky.<\/h6>\n<p>Kl\u00ed\u010d k br\u00e1n\u011b tohoto vypr\u00e1v\u011bn\u00ed se dosud neporu\u0161en\u00fd leskne v pr\u016fzra\u010dn\u00e9 stud\u00e1nce hodn\u011b ran\u00e9ho d\u011btstv\u00ed, n\u011bkde pod ohmatan\u00fdmi listy star\u00e9ho Al\u0161ova slabik\u00e1\u0159e, po nich\u017e bloudily umoun\u011bn\u00e9 klukovsk\u00e9 prsty za udiven\u00fdma o\u010dima jako po tajemn\u00e9 map\u011b, a tenkr\u00e1t ani zdaleka netu\u0161ily, \u017ee je to vlastn\u011b prvn\u00ed vzru\u0161uj\u00edc\u00ed v\u00fdprava do sv\u011bta poezie. Pokus\u00edm se nahl\u00e9dnout za clonu minul\u00e9ho \u010dasu a nahmatati tam citliv\u011b nesm\u011bl\u00fd tep, kter\u00fdm se ohl\u00e1sila prvn\u00ed vlna vzru\u0161en\u00ed z ti\u0161t\u011bn\u00e9ho slova.<\/p>\n<p>Ladislav Stehl\u00edk, narodil se dne 26. \u010dervna 1908 v malebn\u00e9m m\u011bste\u010dku B\u011bl\u010dice, le\u017e\u00edc\u00edm 10 km severn\u011b od m\u011bsta Blatn\u00e9 v krajin\u011b pln\u00e9 luk, les\u016f a rybn\u00edk\u016f, kter\u00e1 se nesmazateln\u011b vepsala do b\u00e1sn\u00edkova srdce. \u201eKdybychom na t\u00e9to planet\u011b pro\u0161li krajiny v\u0161ech zem\u011bp\u00e1s\u016f, bude to nakonec jeden les, jedna poln\u00ed cesta, jedna p\u011b\u0161ina v luk\u00e1ch nebo rybni\u010dn\u00ed hr\u00e1z v rodn\u00e9 krajin\u011b, kam si soust\u0159ed\u00edme nej\u0161\u0165astn\u011bj\u0161\u00ed i nejbolestn\u011bj\u0161\u00ed okam\u017eiky sv\u00e9ho \u017eivota. Ano, jen rodn\u00e1 krajina je ohrani\u010dena obzorem nezam\u011bniteln\u011b vykrou\u017een\u00fdm \u00fa\u017easem na\u0161eho d\u011btsk\u00e9ho zraku, kter\u00fd bude magnetickou st\u0159elkou pro v\u0161echny na\u0161e citov\u00e9 n\u00e1vraty.\u201c<\/p>\n<p>U\u017e od sv\u00fdch studentsk\u00fdch let sb\u00edral materi\u00e1l o ji\u017en\u00edch \u010cech\u00e1ch, \u0160umav\u011b a Chodsku, se skic\u00e1\u0159em procho\u00addil p\u011b\u0161ky od vesnice k vesnici cel\u00fd tenhle prostor a hledal souvislosti, je\u017e by mu pomohly pronik\u00adnout do du\u0161e kraje. Vedle sv\u00e9ho p\u016fvodn\u00edho u\u010ditelsk\u00e9ho povol\u00e1n\u00ed se intenzivn\u011b v\u011bnoval literatu\u0159e. Psal pro d\u011bti, psal i b\u00e1sn\u011b, p\u0159esto jeho nejv\u011bt\u0161\u00edm d\u00edlem je prozaick\u00e1 \u201ekniha putov\u00e1n\u00ed a vzpom\u00ed\u00adnek&#8221;, t\u0159\u00edd\u00edln\u00e1 Zem\u011b zamy\u0161len\u00e1, doprov\u00e1zen\u00e1 i mno\u017estv\u00edm autorov\u00fdch kreseb. Ne nadarmo je toto jeho d\u00edlo ozna\u010dov\u00e1no za b\u00e1se\u0148 v pr\u00f3ze.<\/p>\n<p>Stehl\u00edk v n\u011bm proch\u00e1z\u00ed krajem a vypr\u00e1v\u00ed o jeho osudech b\u00e1snick\u00fdm jazykem, zachycuje etapy historick\u00e9 i sou\u010dasn\u00e9, p\u0159ipom\u00edn\u00e1 pam\u00e1tky, lidov\u00e9 pov\u011bsti, reprodukuje vzpom\u00ednky kum\u0161t\u00fd\u0159\u016f &#8230; Jeho pocitov\u00fd \u201ecestopis&#8221; je vlastn\u011b autorov\u00fdm vyzn\u00e1n\u00edm domovu, nav\u00edc psan\u00fd vyt\u0159\u00edbenou kr\u00e1snou a sluchu lahod\u00edc\u00ed \u010de\u0161tinou, kter\u00e1 byla pro n\u011bj typick\u00e1 i p\u0159i jeho \u00fastn\u00edm projevu. Pod dobov\u00fdmi politick\u00fdmi n\u00e1nosy se zrcadl\u00ed \u010de\u0161stv\u00ed jako hluboce a nitern\u00e1 \u017eit\u00e1 a p\u0159ij\u00edman\u00e1 identita \u2013 jiho\u010de\u0161stv\u00ed, kter\u00e9mu se st\u011b\u017e\u00ed m\u016f\u017ee dostat v\u011bt\u0161\u00ed pocty a v\u011bt\u0161\u00edho projevu rod\u00e1ck\u00e9 l\u00e1sky, ne\u017e jak\u00e9 mu vzdal svou Zem\u00ed zamy\u0161lenou Ladislav Stehl\u00edk.<\/p>\n<p>A onen stesk a smutek, kter\u00fd na Stehl\u00edka dopad\u00e1 cestou krajem, nakonec pad\u00e1 i na \u010dten\u00e1\u0159e, kdy\u017e \u010dte z\u00e1v\u011bre\u010dn\u00e9 v\u011bty t\u0159et\u00edho d\u00edlu: \u201eNa mnoha cest\u00e1ch i necest\u00e1ch, poutn\u00ed\u010de na\u0161eho \u010dasu, jsi zanechal sv\u00e9 stopy a ukl\u00e1dal do smysl\u016f linie, barvy, hlasy a v\u016fn\u011b milovan\u00fdch krajin, p\u0159e\u010dasto se zam\u00fd\u0161leje nad smyslem lidsk\u00e9ho kon\u00e1n\u00ed i nad ml\u010den\u00edm v\u0161ech mrtv\u00fdch, \u0161\u0165asten na tomto sv\u00e9m putov\u00e1n\u00ed vlast\u00ed, st\u00e1le zamilovan\u011bj\u0161\u00ed do jej\u00edch objevovan\u00fdch kr\u00e1s a st\u00e1le roztou\u017een\u00fd v jej\u00ed vo\u0148av\u00e9 n\u00e1ru\u010di, \u010dekaje usm\u00ed\u0159en, a\u017e t\u011b jednou, unaven\u00e9ho celou \u017eivotn\u00ed pout\u00ed, p\u0159ijme u\u017e nav\u017edycky. S pocitem hlubok\u00e9 pokory a \u010dist\u00e9 lidsk\u00e9 vd\u011b\u010dnosti se raduj z ka\u017ed\u00e9 chv\u00edle, kter\u00e1 ti je\u0161t\u011b bude dop\u0159\u00e1na na t\u011bchto potulk\u00e1ch, pod\u011bkuj za v\u0161echno kr\u00e1sn\u00e9, \u010d\u00edm t\u011b podarovala a ne\u017e\u00e1dala od tebe nic, tv\u00e1 zem\u011b zamy\u0161len\u00e1, ne\u017e synovskou up\u0159\u00edmnost, l\u00e1sku a v\u011brnost. Jen jedna zneklid\u0148uj\u00edc\u00ed ot\u00e1zka t\u011b tu prov\u00e1z\u00ed, poutn\u00edku, kr\u00e1\u010dej\u00edc\u00ed u\u017e pomalej\u0161\u00edm krokem k sv\u00e9mu posledn\u00edmu c\u00edli: Kolikr\u00e1t, kolikr\u00e1t je\u0161t\u011b?&#8230;\u201c<\/p>\n<p>Ladislav Stehl\u00edk ve sv\u00e9 Zemi zamy\u0161len\u00e9 por\u00adtr\u00e9toval \u0160umavu jako m\u00e1lokdo jin\u00fd. Ka\u017ed\u00fd, kdo m\u00e1 r\u00e1d tuto krajinu, tyto m\u011bs\u00adta, jejich historii i ty, kte\u0159\u00ed st\u00e1li v jeho kulturn\u00edm pozad\u00ed, mus\u00ed tomuto spisovateli pod\u011bkovat. V\u011bnoval m\u011bstu i kraji velk\u00fd kus sv\u00e9ho \u017eivota i um\u011bn\u00ed &#8211; snad ne nadarmo.<\/p>\n<p>&nbsp;<\/p>\n<p><strong>Zdroj:<\/strong> Chv\u00e1ly ji\u017en\u00edch \u010cech, Stanislav C\u00edfka, Ludv\u00edk Pokorn\u00fd, \u010cesk\u00e9 Bud\u011bjovice: R\u016f\u017ee, 1973, Ladislav Stehl\u00edk Ticho v oranic\u00edch, 1979 Praha<\/p>\n<p><strong>P\u0159ipravuje: Miroslav K\u016eS ANDRES<\/strong><\/p>\n<p><strong>Foto: archiv autora<\/strong><\/p>\n<hr \/>\n<p>&nbsp;<\/p>\n","protected":false},"excerpt":{"rendered":"<p>Kolikr\u00e1t je\u0161t\u011b <\/p>\n","protected":false},"author":2,"featured_media":329047,"comment_status":"open","ping_status":"open","sticky":false,"template":"","format":"gallery","meta":{"footnotes":""},"categories":[111],"tags":[],"jetpack_featured_media_url":"https:\/\/zakrasnejsivimperk.cz\/wp-content\/uploads\/2024\/11\/18\/ram-zeme-zamyslena.jpg","_links":{"self":[{"href":"https:\/\/zakrasnejsivimperk.cz\/index.php?rest_route=\/wp\/v2\/posts\/171719"}],"collection":[{"href":"https:\/\/zakrasnejsivimperk.cz\/index.php?rest_route=\/wp\/v2\/posts"}],"about":[{"href":"https:\/\/zakrasnejsivimperk.cz\/index.php?rest_route=\/wp\/v2\/types\/post"}],"author":[{"embeddable":true,"href":"https:\/\/zakrasnejsivimperk.cz\/index.php?rest_route=\/wp\/v2\/users\/2"}],"replies":[{"embeddable":true,"href":"https:\/\/zakrasnejsivimperk.cz\/index.php?rest_route=%2Fwp%2Fv2%2Fcomments&post=171719"}],"version-history":[{"count":7,"href":"https:\/\/zakrasnejsivimperk.cz\/index.php?rest_route=\/wp\/v2\/posts\/171719\/revisions"}],"predecessor-version":[{"id":329046,"href":"https:\/\/zakrasnejsivimperk.cz\/index.php?rest_route=\/wp\/v2\/posts\/171719\/revisions\/329046"}],"wp:featuredmedia":[{"embeddable":true,"href":"https:\/\/zakrasnejsivimperk.cz\/index.php?rest_route=\/wp\/v2\/media\/329047"}],"wp:attachment":[{"href":"https:\/\/zakrasnejsivimperk.cz\/index.php?rest_route=%2Fwp%2Fv2%2Fmedia&parent=171719"}],"wp:term":[{"taxonomy":"category","embeddable":true,"href":"https:\/\/zakrasnejsivimperk.cz\/index.php?rest_route=%2Fwp%2Fv2%2Fcategories&post=171719"},{"taxonomy":"post_tag","embeddable":true,"href":"https:\/\/zakrasnejsivimperk.cz\/index.php?rest_route=%2Fwp%2Fv2%2Ftags&post=171719"}],"curies":[{"name":"wp","href":"https:\/\/api.w.org\/{rel}","templated":true}]}}