{"id":17144,"date":"2015-05-10T22:30:51","date_gmt":"2015-05-10T21:30:51","guid":{"rendered":"http:\/\/zakrasnejsivimperk.cz\/?p=17144"},"modified":"2017-04-20T07:35:57","modified_gmt":"2017-04-20T06:35:57","slug":"nastvany-ctenar-zabetonovany-a-drahy-nesmysl-ve-vimperskem-parku-u-volynky","status":"publish","type":"post","link":"https:\/\/zakrasnejsivimperk.cz\/?p=17144","title":{"rendered":"NA\u0160TVAN\u00dd \u010cTEN\u00c1\u0158: Zabetonovan\u00fd a drah\u00fd nesmysl ve vimpersk\u00e9m parku u Voly\u0148ky"},"content":{"rendered":"<p style=\"text-align: justify;\"><strong>V reakci na \u010dl\u00e1nek\u00a0<a href=\"http:\/\/zakrasnejsivimperk.cz\/?p=16551\" target=\"_blank\">RADNICE INFORMUJE: U Voly\u0148ky je atypick\u00e1 odpo\u010dinkov\u00e1 lavice, vedle pokvete kv\u011btinov\u00e1 louka<\/a>\u00a0se v redak\u010dn\u00ed po\u0161t\u011b objevil dopis, jeho\u017e pisatel se podepsal jako &#8220;Na\u0161tvan\u00fd \u010dten\u00e1\u0159.&#8221; P\u0159etiskujeme jeho n\u00e1zor v pln\u00e9m zn\u011bn\u00ed:\u00a0<\/strong><\/p>\n<p style=\"text-align: justify;\"><em>Nov\u00e1 odpo\u010dinkov\u00e1 lavice v parku p\u0159ipom\u00edn\u00e1 sp\u00ed\u0161e leti\u0161t\u011b. Ur\u010dit\u011b nebude slou\u017eit v\u0161em. Star\u0161\u00ed ob\u010dan\u00e9 a senio\u0159i pot\u0159ebuj\u00ed vy\u0161\u0161\u00ed sed\u00e1k a op\u011bradlo. Pokud si sednou na na\u0161e leti\u0161t\u011b, u\u017e nevstanou, ujede jim autobus nebo nedojdou dom\u016f. Na prudk\u00e9m letn\u00edm slunci spole\u010dn\u011b s n\u00e1v\u0161t\u011bvn\u00edky z hmyz\u00ed \u0159\u00ed\u0161e u\u017e p\u016fjde o \u017eivot. Lavice bude slou\u017eit sp\u00ed\u0161e pro mlad\u00e9, ale ti v z\u00e1sad\u011b odpo\u010d\u00edvat nemus\u00ed. Budou ji vyu\u017e\u00edvat sp\u00ed\u0161e jako leti\u0161t\u011b v no\u010dn\u00edch hodin\u00e1ch, proto\u017ee na kv\u011btinov\u00e9 louce bude rosa. Nem\u00e1 cenu komentovat, co v\u0161echno z\u016fstane ve \u0161kv\u00edr\u00e1ch mezi prkny a co propadne pod. I kdyby leti\u0161t\u011b st\u00e1lo pouh\u00fdch 40 000 K\u010d, tak pohodln\u00e1 klasick\u00e1 lavi\u010dka stoj\u00ed\u00a05000 K\u010d. Je ot\u00e1zka, zda v\u00edce podobn\u00fdch nesmysl\u016f bude m\u011bsto kr\u00e1\u0161lit. Ur\u010dit\u011b to je dobr\u00fd k\u0161eft pro zainteresovan\u00e9 akt\u00e9ry.<\/em><\/p>\n<p style=\"text-align: justify;\"><strong>(red)<\/strong><\/p>\n<p style=\"text-align: justify;\"><strong>Foto: (pp)<\/strong><\/p>\n<div id='gallery-1' class='gallery galleryid-17144 gallery-columns-3 gallery-size-medium'><figure class='gallery-item'>\n\t\t\t<div class='gallery-icon landscape'>\n\t\t\t\t<a href='https:\/\/zakrasnejsivimperk.cz\/?attachment_id=16553'><img loading=\"lazy\" decoding=\"async\" width=\"300\" height=\"225\" src=\"https:\/\/zakrasnejsivimperk.cz\/wp-content\/uploads\/2015\/04\/lavice-1-300x225.jpg\" class=\"attachment-medium size-medium\" alt=\"\" srcset=\"https:\/\/zakrasnejsivimperk.cz\/wp-content\/uploads\/2015\/04\/lavice-1-300x225.jpg 300w, https:\/\/zakrasnejsivimperk.cz\/wp-content\/uploads\/2015\/04\/lavice-1-476x357.jpg 476w, https:\/\/zakrasnejsivimperk.cz\/wp-content\/uploads\/2015\/04\/lavice-1-644x483.jpg 644w, https:\/\/zakrasnejsivimperk.cz\/wp-content\/uploads\/2015\/04\/lavice-1.jpg 800w\" sizes=\"(max-width: 300px) 100vw, 300px\" \/><\/a>\n\t\t\t<\/div><\/figure><figure class='gallery-item'>\n\t\t\t<div class='gallery-icon landscape'>\n\t\t\t\t<a href='https:\/\/zakrasnejsivimperk.cz\/?attachment_id=16554'><img loading=\"lazy\" decoding=\"async\" width=\"300\" height=\"225\" src=\"https:\/\/zakrasnejsivimperk.cz\/wp-content\/uploads\/2015\/04\/lavice-2-300x225.jpg\" class=\"attachment-medium size-medium\" alt=\"\" srcset=\"https:\/\/zakrasnejsivimperk.cz\/wp-content\/uploads\/2015\/04\/lavice-2-300x225.jpg 300w, https:\/\/zakrasnejsivimperk.cz\/wp-content\/uploads\/2015\/04\/lavice-2-476x357.jpg 476w, https:\/\/zakrasnejsivimperk.cz\/wp-content\/uploads\/2015\/04\/lavice-2-644x483.jpg 644w, https:\/\/zakrasnejsivimperk.cz\/wp-content\/uploads\/2015\/04\/lavice-2.jpg 800w\" sizes=\"(max-width: 300px) 100vw, 300px\" \/><\/a>\n\t\t\t<\/div><\/figure>\n\t\t<\/div>\n\n<p>&nbsp;<\/p>\n","protected":false},"excerpt":{"rendered":"<p>V reakci <\/p>\n","protected":false},"author":2,"featured_media":17145,"comment_status":"open","ping_status":"open","sticky":false,"template":"","format":"gallery","meta":{"footnotes":""},"categories":[4],"tags":[],"jetpack_featured_media_url":"https:\/\/zakrasnejsivimperk.cz\/wp-content\/uploads\/2015\/04\/dopis-redakci.jpg","_links":{"self":[{"href":"https:\/\/zakrasnejsivimperk.cz\/index.php?rest_route=\/wp\/v2\/posts\/17144"}],"collection":[{"href":"https:\/\/zakrasnejsivimperk.cz\/index.php?rest_route=\/wp\/v2\/posts"}],"about":[{"href":"https:\/\/zakrasnejsivimperk.cz\/index.php?rest_route=\/wp\/v2\/types\/post"}],"author":[{"embeddable":true,"href":"https:\/\/zakrasnejsivimperk.cz\/index.php?rest_route=\/wp\/v2\/users\/2"}],"replies":[{"embeddable":true,"href":"https:\/\/zakrasnejsivimperk.cz\/index.php?rest_route=%2Fwp%2Fv2%2Fcomments&post=17144"}],"version-history":[{"count":4,"href":"https:\/\/zakrasnejsivimperk.cz\/index.php?rest_route=\/wp\/v2\/posts\/17144\/revisions"}],"predecessor-version":[{"id":17149,"href":"https:\/\/zakrasnejsivimperk.cz\/index.php?rest_route=\/wp\/v2\/posts\/17144\/revisions\/17149"}],"wp:featuredmedia":[{"embeddable":true,"href":"https:\/\/zakrasnejsivimperk.cz\/index.php?rest_route=\/wp\/v2\/media\/17145"}],"wp:attachment":[{"href":"https:\/\/zakrasnejsivimperk.cz\/index.php?rest_route=%2Fwp%2Fv2%2Fmedia&parent=17144"}],"wp:term":[{"taxonomy":"category","embeddable":true,"href":"https:\/\/zakrasnejsivimperk.cz\/index.php?rest_route=%2Fwp%2Fv2%2Fcategories&post=17144"},{"taxonomy":"post_tag","embeddable":true,"href":"https:\/\/zakrasnejsivimperk.cz\/index.php?rest_route=%2Fwp%2Fv2%2Ftags&post=17144"}],"curies":[{"name":"wp","href":"https:\/\/api.w.org\/{rel}","templated":true}]}}