{"id":16675,"date":"2015-04-23T09:05:25","date_gmt":"2015-04-23T08:05:25","guid":{"rendered":"http:\/\/zakrasnejsivimperk.cz\/?p=16675"},"modified":"2015-04-23T09:57:55","modified_gmt":"2015-04-23T08:57:55","slug":"ptame-se-pavla-pechouska-propagacniho-pracovnika-radnice-co-prinesou-vimperske-noviny","status":"publish","type":"post","link":"https:\/\/zakrasnejsivimperk.cz\/?p=16675","title":{"rendered":"ZEPTALI JSME SE PAVLA PECHOU\u0160KA: Co \u010dten\u00e1\u0159\u016fm p\u0159inesou kv\u011btnov\u00e9 Vimpersk\u00e9 noviny?"},"content":{"rendered":"<p style=\"text-align: justify;\"><strong>Ve st\u0159edu 22. dubna se se\u0161la redak\u010dn\u00ed rada Vimpersk\u00fdch novin, aby p\u0159ipravila p\u0159\u00edsp\u011bvky pro kv\u011btnov\u00e9 \u010d\u00edslo tohoto m\u011bs\u00ed\u010dn\u00edku. Zeptali jsme se proto pracovn\u00edka propagace radnice Pavla Pechou\u0161ka: Co p\u0159inesou kv\u011btnov\u00e9 Vimpersk\u00e9 noviny? Na co se mohou \u010dten\u00e1\u0159i t\u011b\u0161it? Tady je odpov\u011b\u010f:<\/strong><\/p>\n<p style=\"text-align: justify;\">Standardn\u011b po\u0161lou p\u0159isp\u011bvatel\u00e9 zhruba 40 \u010dl\u00e1nk\u016f, b\u00fdv\u00e1 i 50. Do tohoto \u010d\u00edsla ale evidujeme 62 p\u0159\u00edsp\u011bvk\u016f, podle dlouholet\u00fdch \u010dlen\u016f redak\u010dn\u00ed rady se jedn\u00e1 ur\u010dit\u011b o jedno z nejvy\u0161\u0161\u00edch \u010d\u00edsel. Z toho lze usuzovat, \u017ee Vimpersk\u00e9 noviny budou velice pestr\u00e9 a zaj\u00edmav\u00e9. Pokra\u010duje rubrika &#8211; Z m\u011bsta a okoln\u00edch osad. Vznikla nov\u00e1 rubrika o vimpersk\u00fdch ob\u010dansk\u00fdch sdru\u017een\u00edch, d\u00e1le o \u010dinnosti organizac\u00ed, kter\u00e9 z\u0159izuje m\u011bsto. \u010cten\u00e1\u0159i se mohou t\u011b\u0161it na rozhovor s nov\u00fdm tren\u00e9rem vimpersk\u00fdch fotbalist\u016f Michalem Uhl\u00edkem. Zaj\u00edmav\u00fd je p\u0159\u00edsp\u011bvek o osvobozen\u00ed Vimperka americkou arm\u00e1dou, nebo pov\u00edd\u00e1n\u00ed s dlouholetou profesorkou vimpersk\u00e9 ekonomky Mari\u00ed Rou\u010dkovou. Nechyb\u00ed ani \u010dl\u00e1nek o v\u00fdjime\u010dn\u00e9 sez\u00f3n\u011b \u00fasp\u011b\u0161n\u00e9 vimpersk\u00e9 ly\u017ea\u0159ky B\u00e1ry Havl\u00ed\u010dkov\u00e9.<\/p>\n<p style=\"text-align: justify;\"><strong>(red)<\/strong><\/p>\n<p style=\"text-align: justify;\">\n","protected":false},"excerpt":{"rendered":"<p>Ve st\u0159edu <\/p>\n","protected":false},"author":2,"featured_media":2778,"comment_status":"open","ping_status":"open","sticky":false,"template":"","format":"standard","meta":{"footnotes":""},"categories":[4],"tags":[],"jetpack_featured_media_url":"https:\/\/zakrasnejsivimperk.cz\/wp-content\/uploads\/2014\/12\/Radnice.jpg","_links":{"self":[{"href":"https:\/\/zakrasnejsivimperk.cz\/index.php?rest_route=\/wp\/v2\/posts\/16675"}],"collection":[{"href":"https:\/\/zakrasnejsivimperk.cz\/index.php?rest_route=\/wp\/v2\/posts"}],"about":[{"href":"https:\/\/zakrasnejsivimperk.cz\/index.php?rest_route=\/wp\/v2\/types\/post"}],"author":[{"embeddable":true,"href":"https:\/\/zakrasnejsivimperk.cz\/index.php?rest_route=\/wp\/v2\/users\/2"}],"replies":[{"embeddable":true,"href":"https:\/\/zakrasnejsivimperk.cz\/index.php?rest_route=%2Fwp%2Fv2%2Fcomments&post=16675"}],"version-history":[{"count":8,"href":"https:\/\/zakrasnejsivimperk.cz\/index.php?rest_route=\/wp\/v2\/posts\/16675\/revisions"}],"predecessor-version":[{"id":16687,"href":"https:\/\/zakrasnejsivimperk.cz\/index.php?rest_route=\/wp\/v2\/posts\/16675\/revisions\/16687"}],"wp:featuredmedia":[{"embeddable":true,"href":"https:\/\/zakrasnejsivimperk.cz\/index.php?rest_route=\/wp\/v2\/media\/2778"}],"wp:attachment":[{"href":"https:\/\/zakrasnejsivimperk.cz\/index.php?rest_route=%2Fwp%2Fv2%2Fmedia&parent=16675"}],"wp:term":[{"taxonomy":"category","embeddable":true,"href":"https:\/\/zakrasnejsivimperk.cz\/index.php?rest_route=%2Fwp%2Fv2%2Fcategories&post=16675"},{"taxonomy":"post_tag","embeddable":true,"href":"https:\/\/zakrasnejsivimperk.cz\/index.php?rest_route=%2Fwp%2Fv2%2Ftags&post=16675"}],"curies":[{"name":"wp","href":"https:\/\/api.w.org\/{rel}","templated":true}]}}