{"id":16397,"date":"2015-04-21T23:05:12","date_gmt":"2015-04-21T22:05:12","guid":{"rendered":"http:\/\/zakrasnejsivimperk.cz\/?p=16397"},"modified":"2017-04-20T07:32:58","modified_gmt":"2017-04-20T06:32:58","slug":"dopis-ctenare-pan-mistostarosta-by-si-mel-udelat-cas-i-na-druhou-skupinu-aby-nevznikla-cyklostrana","status":"publish","type":"post","link":"https:\/\/zakrasnejsivimperk.cz\/?p=16397","title":{"rendered":"DOPIS: Pan m\u00edstostarosta by si m\u011bl ud\u011blat \u010das i na druhou skupinu, aby nevznikla cyklostrana"},"content":{"rendered":"<p style=\"text-align: justify;\"><strong>V redak\u010dn\u00ed po\u0161t\u011b se objevil dopis reaguj\u00edc\u00ed na n\u00e1\u0161 \u010dl\u00e1nek<\/strong> <strong><a href=\"http:\/\/zakrasnejsivimperk.cz\/?p=15895\" target=\"_blank\">M\u00cdSTOSTAROSTA JI\u0158\u00cd CAIS: Poje\u010fte se mnou na kole okolo Vimperka aneb va\u0161e probl\u00e9my na moji hlavu<\/a>.\u00a0Pisatel nechce, aby bylo jeho jm\u00e9no zve\u0159ejn\u011bno. Redakce toto p\u0159\u00e1n\u00ed respektuje. V dopise stoj\u00ed:\u00a0<\/strong><em>M\u00e1 to jednu chybku. Ti, kte\u0159\u00ed nemaj\u00ed \u010das, jsou je\u0161t\u011b v\u00a0zam\u011bstn\u00e1n\u00ed, nemaj\u00ed kolo, neum\u00ed na kole, jsou t\u011blesn\u011b posti\u017een\u00ed, nejsou milovn\u00edci cyklistiky, jsou tak trochu diskriminov\u00e1ni. Pan m\u00edstostarosta by si m\u011bl ud\u011blat \u010das i na tu druhou skupinu, t\u0159eba ka\u017ed\u00fd \u010dtvrtek od 18:00 hod. v\u00a0M\u011bKS nebo jin\u00e9 spole\u010densk\u00e9 budov\u011b, stejn\u011b tak dlouho jako na cyklov\u00fdletu. To aby to bylo v\u00a0rovnov\u00e1ze a nevznikla n\u00e1m cyklostrana.<\/em><\/p>\n<p style=\"text-align: justify;\"><strong>No, uvid\u00edme, zda a jak vimpersk\u00fd m\u00edstostarosta Ji\u0159\u00ed Cais odpov\u00ed. T\u0159eba pro n\u011bj bude tento dopis inspirac\u00ed pro dal\u0161\u00ed aktivity sm\u011b\u0159uj\u00edc\u00ed ke zlep\u0161en\u00ed komunikace radnice s ob\u010dany.<\/strong><\/p>\n<p style=\"text-align: justify;\"><strong>(red)<\/strong><\/p>\n<p style=\"text-align: justify;\">\n","protected":false},"excerpt":{"rendered":"<p>V redak\u010dn\u00ed <\/p>\n","protected":false},"author":2,"featured_media":16400,"comment_status":"open","ping_status":"open","sticky":false,"template":"","format":"standard","meta":{"footnotes":""},"categories":[4],"tags":[],"jetpack_featured_media_url":"https:\/\/zakrasnejsivimperk.cz\/wp-content\/uploads\/2015\/04\/email-1.jpg","_links":{"self":[{"href":"https:\/\/zakrasnejsivimperk.cz\/index.php?rest_route=\/wp\/v2\/posts\/16397"}],"collection":[{"href":"https:\/\/zakrasnejsivimperk.cz\/index.php?rest_route=\/wp\/v2\/posts"}],"about":[{"href":"https:\/\/zakrasnejsivimperk.cz\/index.php?rest_route=\/wp\/v2\/types\/post"}],"author":[{"embeddable":true,"href":"https:\/\/zakrasnejsivimperk.cz\/index.php?rest_route=\/wp\/v2\/users\/2"}],"replies":[{"embeddable":true,"href":"https:\/\/zakrasnejsivimperk.cz\/index.php?rest_route=%2Fwp%2Fv2%2Fcomments&post=16397"}],"version-history":[{"count":6,"href":"https:\/\/zakrasnejsivimperk.cz\/index.php?rest_route=\/wp\/v2\/posts\/16397\/revisions"}],"predecessor-version":[{"id":16576,"href":"https:\/\/zakrasnejsivimperk.cz\/index.php?rest_route=\/wp\/v2\/posts\/16397\/revisions\/16576"}],"wp:featuredmedia":[{"embeddable":true,"href":"https:\/\/zakrasnejsivimperk.cz\/index.php?rest_route=\/wp\/v2\/media\/16400"}],"wp:attachment":[{"href":"https:\/\/zakrasnejsivimperk.cz\/index.php?rest_route=%2Fwp%2Fv2%2Fmedia&parent=16397"}],"wp:term":[{"taxonomy":"category","embeddable":true,"href":"https:\/\/zakrasnejsivimperk.cz\/index.php?rest_route=%2Fwp%2Fv2%2Fcategories&post=16397"},{"taxonomy":"post_tag","embeddable":true,"href":"https:\/\/zakrasnejsivimperk.cz\/index.php?rest_route=%2Fwp%2Fv2%2Ftags&post=16397"}],"curies":[{"name":"wp","href":"https:\/\/api.w.org\/{rel}","templated":true}]}}