{"id":16352,"date":"2015-04-26T17:57:38","date_gmt":"2015-04-26T16:57:38","guid":{"rendered":"http:\/\/zakrasnejsivimperk.cz\/?p=16352"},"modified":"2015-04-27T18:51:46","modified_gmt":"2015-04-27T17:51:46","slug":"euroregion-sumava-jiri-cais-mistostarosta-vimperka-byl-zvolen-do-predsednictva","status":"publish","type":"post","link":"https:\/\/zakrasnejsivimperk.cz\/?p=16352","title":{"rendered":"EUROREGION \u0160UMAVA: Ji\u0159\u00ed Cais, m\u00edstostarosta Vimperka, byl zvolen do p\u0159edsednictva"},"content":{"rendered":"<p style=\"text-align: justify;\"><strong>Vimpersk\u00fd m\u00edstostarosta Ji\u0159\u00ed Cais byl v dubnu zvolen do devaten\u00e1cti\u010dlenn\u00e9ho p\u0159edsednictva Euroregionu \u0160umava jihoz\u00e1padn\u00ed \u010cechy jako druh\u00fd z\u00e1stupce z Prachaticka. (Dvojici dopl\u0148uje Ji\u0159\u00ed Fastner, starosta Horn\u00ed Vltavice). Na\u0161\u00ed redakci to potvrdila\u00a0Jana Mix\u00e1nov\u00e1, vedouc\u00ed kancel\u00e1\u0159e Euroregionu. Uvedla, \u017ee od roku 1999, kam sahaj\u00ed archivn\u00ed dokumenty, je Ji\u0159\u00ed Cais prvn\u00edm z\u00e1stupcem vimpersk\u00e9 samospr\u00e1vy ve vrcholn\u00e9m org\u00e1nu tohoto v\u00fdznamn\u00e9ho sdru\u017een\u00ed m\u011bsta a obc\u00ed.\u00a0<\/strong><\/p>\n<p>&nbsp;<\/p>\n<p style=\"text-align: justify;\"><strong>Euroregion<\/strong> je form\u00e1ln\u00ed n\u00e1stroj pro p\u0159eshrani\u010dn\u00ed spolupr\u00e1ci\u00a0region\u00e1ln\u00edch organizac\u00ed a obc\u00ed spojen\u00fdch p\u0159\u00edpadn\u011b s\u00a0partnery ze v\u0161ech soci\u00e1ln\u00edch a hospod\u00e1\u0159sk\u00fdch oblast\u00ed. Nejstar\u0161\u00ed t\u00edmto zp\u016fsobem vznikl\u00e1 organizace (roku 1958), je oblast na holandsko-n\u011bmeck\u00fdch hranic\u00edch &#8211; Euregio, kter\u00e1 se stala modelem pro dal\u0161\u00ed podobn\u00e9 iniciativy, a proto jej\u00ed ozna\u010den\u00ed p\u0159evzaly nov\u011b vznikaj\u00edc\u00ed hrani\u010dn\u00ed oblasti tohoto druhu.<\/p>\n<p style=\"text-align: justify;\">Euroregion \u0160umava vznikl roku 1993 v\u00a0\u010cesk\u00e9m Krumlov\u011b. Zahrnuje \u00fazem\u00ed okres\u016f Doma\u017elice, Klatovy, Prachatice, \u010cesk\u00fd Krumlov a Strakonice. V\u00a0sou\u010dasn\u00e9 dob\u011b m\u00e1 p\u0159ibli\u017en\u011b 125 \u010dlensk\u00fdch m\u011bst a obc\u00ed. Euroregion je p\u0159eshrani\u010dn\u00ed struktura, proto zahrani\u010dn\u00edmi partnery Euroregionu \u0160umava jsou Euregio Bayerischer Wald \u2013 Unterer Inn v\u00a0Bavorsku a Regionalmanagement M\u00fchlviertel v\u00a0Horn\u00edm Rakousku. Dohromady s\u00a0t\u011bmito partnery tvo\u0159\u00ed Euroregion \u0160umava jeden p\u0159eshrani\u010dn\u00ed celek.<\/p>\n<p><b>Hlavn\u00ed \u010dinnost\u00ed Euroregionu \u0160umava je:<\/b><\/p>\n<ul>\n<li>\n<div><b>\u00a0<\/b>zkvalitn\u011bn\u00ed a koordinace p\u0159eshrani\u010dn\u00ed spolupr\u00e1ce,<\/div>\n<\/li>\n<li>\n<div>\u00a0reprezentace regionu,<\/div>\n<\/li>\n<li>\n<div>\u00a0v\u00fdm\u011bna informac\u00ed,<\/div>\n<\/li>\n<li>\n<div>\u00a0spr\u00e1va Dispozi\u010dn\u00edho fondu Programu p\u0159eshrani\u010dn\u00ed spolupr\u00e1ce C\u00edl 3 \u010cesk\u00e1 republika &#8211; Svobodn\u00fd st\u00e1t Bavorsko v regionu \u0160umava,<\/div>\n<\/li>\n<li>\n<div>\u00a0\u00fa\u010dast na tvorb\u011b strategi\u00ed rozvoje a program\u016f EU<\/div>\n<\/li>\n<\/ul>\n<p><strong>V sou\u010dasn\u00e9 dob\u011b m\u00e1 Euroregion \u0160umava 96 \u010dlen\u016f (93 obc\u00ed, 4 organizace)<\/strong><\/p>\n<p style=\"text-align: justify;\">B\u011bl\u00e1 nad Radbuzou, Bene\u0161ov nad \u010cernou, B\u011b\u0161iny, Bezd\u011bkov, Bohdalovice, Bohumilice, Borov\u00e1 Lada, Bujanov, \u010cern\u00e1 v\u00a0Po\u0161umav\u00ed, \u010cesk\u00fd Krumlov, \u010c\u00edmice, \u010ckyn\u011b, De\u0161enice, Dlouh\u00e1 Ves u Su\u0161ice, Doln\u00ed T\u0159ebon\u00edn, Doma\u017elice, Drslavice, Frymburk, Hamry, Hartmanice, Hlav\u0148ovice, Hora\u017e\u010fovice, Horn\u00ed Dvo\u0159i\u0161t\u011b, Horn\u00ed Plan\u00e1, Horn\u00ed Vltavice, Horsk\u00e1 Kvilda, Hor\u0161ovsk\u00fd T\u00fdn, Hr\u00e1dek u Su\u0161ice, Husinec, Chel\u010dice, Chroboly, Chuden\u00edn, Chval\u0161iny, Janovice nad \u00dahlavou, K\u00e1jov, Kaplice, Ka\u0161persk\u00e9 Hory, Kdyn\u011b, Klatovy, Klen\u010d\u00ed pod \u010cerchovem, Kolinec, Kov\u010d\u00edn, Kratu\u0161\u00edn, Kti\u0161, Kubova Hu\u0165, Kvilda, La\u017ei\u0161t\u011b, L\u010dovice, Lenora, Lipno nad Vltavou, Lou\u010dim, Malonty,Mi\u010dovice, Modrava, Mut\u011bn\u00edn, Netolice, Nezdice na \u0160umav\u011b, Nov\u00e1 Pec, Nov\u00e9 Hut\u011b, N\u00fdrsko, Petrovice u Su\u0161ice, Pob\u011b\u017eovice, Pohorsk\u00e1 Ves, Prachatice, Pr\u00e1\u0161ily, P\u0159edn\u00ed V\u00fdto\u0148, P\u0159\u00eddol\u00ed,\u00a0 Rej\u0161tejn, Ro\u017emit\u00e1l na \u0160umav\u011b, Stachy, Sto\u017eec, Stra\u0161\u00edn, Str\u00e1\u017en\u00fd, Str\u00e1\u017eov, Su\u0161ice, Sv\u011btl\u00edk, \u0160vihov, T\u00fdnec, Vacov, Velhartice, Vimperk, Vlachovo B\u0159ez\u00ed, Volary, Volyn\u011b, Vrhave\u010d, Vy\u0161\u0161\u00ed Brod, Z\u00e1lezly, Zbytiny, Zd\u00edkov, Zlat\u00e1 Koruna, \u017delezn\u00e1 Ruda, \u017delnava, \u017dihobce.<\/p>\n<p>Okresn\u00ed hospod\u00e1\u0159sk\u00e1 komora Klatovy<\/p>\n<p>Spr\u00e1va NP a CHKO \u0160umava<\/p>\n<p>\u0158\u00edmskokatolick\u00e1 farnost \u017dihobce<\/p>\n<p>OHK Prachatice<\/p>\n<p>&nbsp;<\/p>\n<p><strong>(red)<\/strong><\/p>\n","protected":false},"excerpt":{"rendered":"<p>Vimpersk\u00fd m\u00edstostarosta <\/p>\n","protected":false},"author":2,"featured_media":14374,"comment_status":"open","ping_status":"open","sticky":false,"template":"","format":"standard","meta":{"footnotes":""},"categories":[4],"tags":[],"jetpack_featured_media_url":"https:\/\/zakrasnejsivimperk.cz\/wp-content\/uploads\/2015\/04\/JIRI-CAIS.jpg","_links":{"self":[{"href":"https:\/\/zakrasnejsivimperk.cz\/index.php?rest_route=\/wp\/v2\/posts\/16352"}],"collection":[{"href":"https:\/\/zakrasnejsivimperk.cz\/index.php?rest_route=\/wp\/v2\/posts"}],"about":[{"href":"https:\/\/zakrasnejsivimperk.cz\/index.php?rest_route=\/wp\/v2\/types\/post"}],"author":[{"embeddable":true,"href":"https:\/\/zakrasnejsivimperk.cz\/index.php?rest_route=\/wp\/v2\/users\/2"}],"replies":[{"embeddable":true,"href":"https:\/\/zakrasnejsivimperk.cz\/index.php?rest_route=%2Fwp%2Fv2%2Fcomments&post=16352"}],"version-history":[{"count":13,"href":"https:\/\/zakrasnejsivimperk.cz\/index.php?rest_route=\/wp\/v2\/posts\/16352\/revisions"}],"predecessor-version":[{"id":17157,"href":"https:\/\/zakrasnejsivimperk.cz\/index.php?rest_route=\/wp\/v2\/posts\/16352\/revisions\/17157"}],"wp:featuredmedia":[{"embeddable":true,"href":"https:\/\/zakrasnejsivimperk.cz\/index.php?rest_route=\/wp\/v2\/media\/14374"}],"wp:attachment":[{"href":"https:\/\/zakrasnejsivimperk.cz\/index.php?rest_route=%2Fwp%2Fv2%2Fmedia&parent=16352"}],"wp:term":[{"taxonomy":"category","embeddable":true,"href":"https:\/\/zakrasnejsivimperk.cz\/index.php?rest_route=%2Fwp%2Fv2%2Fcategories&post=16352"},{"taxonomy":"post_tag","embeddable":true,"href":"https:\/\/zakrasnejsivimperk.cz\/index.php?rest_route=%2Fwp%2Fv2%2Ftags&post=16352"}],"curies":[{"name":"wp","href":"https:\/\/api.w.org\/{rel}","templated":true}]}}