{"id":161575,"date":"2023-06-03T20:09:31","date_gmt":"2023-06-03T19:09:31","guid":{"rendered":"http:\/\/zakrasnejsivimperk.cz\/?p=161575"},"modified":"2023-06-03T20:09:31","modified_gmt":"2023-06-03T19:09:31","slug":"stara-sumava-cervnove-rozjimani-2","status":"publish","type":"post","link":"https:\/\/zakrasnejsivimperk.cz\/?p=161575","title":{"rendered":"STAR\u00c1 \u0160UMAVA: \u010cervnov\u00e9 rozj\u00edm\u00e1n\u00ed"},"content":{"rendered":"<p><img loading=\"lazy\" decoding=\"async\" class=\"aligncenter wp-image-161576 size-full\" src=\"https:\/\/zakrasnejsivimperk.cz\/wp-content\/uploads\/2019\/06\/01\/\u010cERVEN-NA-\u0160UMAV\u011a...jpg\" alt=\"\" width=\"960\" height=\"532\" srcset=\"https:\/\/zakrasnejsivimperk.cz\/wp-content\/uploads\/2019\/06\/01\/\u010cERVEN-NA-\u0160UMAV\u011a...jpg 960w, https:\/\/zakrasnejsivimperk.cz\/wp-content\/uploads\/2019\/06\/01\/\u010cERVEN-NA-\u0160UMAV\u011a..-300x166.jpg 300w, https:\/\/zakrasnejsivimperk.cz\/wp-content\/uploads\/2019\/06\/01\/\u010cERVEN-NA-\u0160UMAV\u011a..-768x426.jpg 768w, https:\/\/zakrasnejsivimperk.cz\/wp-content\/uploads\/2019\/06\/01\/\u010cERVEN-NA-\u0160UMAV\u011a..-644x357.jpg 644w, https:\/\/zakrasnejsivimperk.cz\/wp-content\/uploads\/2019\/06\/01\/\u010cERVEN-NA-\u0160UMAV\u011a..-872x483.jpg 872w\" sizes=\"(max-width: 960px) 100vw, 960px\" \/><\/p>\n<p>&nbsp;<\/p>\n<h6>\u010cerven<\/h6>\n<p><em>St\u00edn strom\u016f zelen\u00fd t\u011b na sv\u011bt uv\u00edtal,<\/em><br \/>\n<em>zahrada jarn\u00ed ti\u0161ila tv\u016fj pl\u00e1\u010d.<\/em><br \/>\n<em>A s ka\u017ed\u00fdm \u010dervnem vzpom\u00edn\u00e1me,<\/em><br \/>\n<em>co ti ten prvn\u00ed dal,<\/em><br \/>\n<em>a s tebou koup\u00e1me se v jeho slunci.<\/em><\/p>\n<p><em>Sen matky tv\u00e9 a otce se snem lidu kvete,<\/em><br \/>\n<em>i tebe vepjal v \u0159et\u011bz \u010darovn\u00fd,<\/em><br \/>\n<em>kde hlad a b\u00edda umlk\u00e1,<\/em><br \/>\n<em>kde miz\u00ed v\u0161e, co bol\u00ed \u010dlov\u011bka<\/em><br \/>\n<em>a hn\u011bte.<\/em><\/p>\n<p><em>Sni, hrej si v \u010dervnu sv\u00e9m. Vy v\u0161echny d\u011bti,<\/em><br \/>\n<em>sn\u011bte domova nejpy\u0161n\u011bj\u0161\u00ed sny,<\/em><br \/>\n<em>ne\u017e \u0159ekne velk\u00fd den: Jsem napln\u011bn\u00ed, procitn\u011bte!<\/em><\/p>\n<p>&nbsp;<\/p>\n<h6>Vo\u0148av\u00e9 lesy a louky, \u00fadol\u00ed ztracen\u00e1 na konci sv\u011bta, bezedn\u00e9 slat\u011b, ledovcov\u00e1 jezera a obzory pln\u00e9 hor a kopc\u016f \u2013 tak se v\u00e1m p\u0159edstav\u00ed \u0160umava v \u010dervnu. Je to kraj pytl\u00e1k\u016f, pa\u0161er\u00e1k\u016f, financ\u016f a d\u0159evorubc\u016f, t\u011bch b\u00e1jn\u00fdch kr\u00e1l\u016f \u0160umavy. Je to m\u00edsto tvrd\u00e9ho z\u00e1pasu a p\u0159ekr\u00e1sn\u00e9 p\u0159\u00edrody. A za\u010d\u00edn\u00e1 \u010derven \u2013 \u0161est\u00fd m\u011bs\u00edc v roce.<\/h6>\n<p>Ten kr\u00e1sn\u00fd, p\u0159edpr\u00e1zdninov\u00fd m\u011bs\u00edc \u010derven, to \u0161koln\u00ed fin\u00e1le a nat\u011b\u0161en\u00e9 o\u010dek\u00e1v\u00e1n\u00ed pr\u00e1zdnin, se v\u011bt\u0161in\u011b z n\u00e1s, od \u0161koln\u00edch let, l\u00edb\u00ed po\u0159\u00e1d stejn\u011b. Opona se za divadlem jm\u00e9nem \u0161kola zav\u0159e a nastupuj\u00ed dva \u00fa\u017easn\u00e9 pr\u00e1zdninov\u00e9 m\u011bs\u00edce \u010dervenec a srpen. Mo\u017en\u00e1 je n\u011bkomu i tro\u0161ku smutno, zvl\u00e1\u0161t\u011b t\u011bm, kte\u0159\u00ed se se svou \u0161kolou lou\u010d\u00ed nav\u017edy.<\/p>\n<p>Uva\u017eovali jste n\u011bkdy nad t\u00edm, odkud poch\u00e1z\u00ed \u010desk\u00fd n\u00e1zev tohoto m\u011bs\u00edce? Mo\u017en\u00fdch vysv\u011btlen\u00ed je v\u00edce. Nejp\u0159\u00edhodn\u011bj\u0161\u00ed se zd\u00e1 b\u00fdt teorie o tom, \u017ee n\u00e1zev \u010derven se odvozuje od \u010derven\u00e9 barvy ovoce, kter\u00e9 te\u010f za\u010d\u00edn\u00e1 dozr\u00e1vat \u2013 t\u0159e\u0161n\u011b, vi\u0161n\u011b, jahody nebo ryb\u00edz. Jin\u00e9 vysv\u011btlen\u00ed p\u0159isuzuje p\u016fvod n\u00e1zvu \u010derv\u016fm, kte\u0159\u00ed se te\u010f objevuj\u00ed v p\u0159\u00edrod\u011b. Tyto dv\u011b mo\u017enosti v\u0161ak nejsou tak protikladn\u00e9, jak se na prvn\u00ed pohled zd\u00e1!<\/p>\n<p>Jak\u00fd to kr\u00e1sn\u00fd kolob\u011bh p\u0159\u00edrody, kr\u00e1sn\u011bj\u0161\u00ed v\u011bru ne\u017e onen b\u00e1je\u010dn\u00fd zv\u011brokruh dvan\u00e1ctera souhv\u011bzd\u00ed na no\u010dn\u00ed obloze, kruh opravdu hodn\u00fd \u0161t\u011btce M\u00e1nesova, av\u0161ak dvan\u00e1cte obraz\u016f vynikaj\u00edc\u00edch nad jeho pam\u00e1tn\u00fd orloj t\u00edm, \u017ee se n\u00e1m p\u0159edstavuj\u00ed ka\u017ed\u00e9ho dne a ka\u017ed\u00e9ho m\u011bs\u00edce \u017eiv\u011b v \u017eiv\u00e9 \u0159e\u010di.<\/p>\n<p>Ve st\u0159edov\u011bku nemohl \u010derven\u00e9 oble\u010den\u00ed nosit kdokoliv \u2013 bylo d\u00edky vysok\u00e9 cen\u011b vyhrazeno jen vy\u0161\u0161\u00ed spole\u010densk\u00e9 vrstv\u011b! N\u011bkdy se proto \u010derven\u00e9 barv\u011b \u0159\u00edkalo tak\u00e9 &#8220;kr\u00e1sn\u00e1 barva&#8221; nebo &#8220;kr\u00e1lova barva&#8221;. Hlavn\u00ed sezona sb\u011bru \u010dervc\u016f byla pr\u00e1v\u011b v \u010dervnu \u2013 tak\u017ee je mo\u017en\u00e9, \u017ee ko\u0159eny n\u00e1zvy m\u016f\u017eeme hledat i tady!<\/p>\n<p>Prvn\u00ed polovina \u010dervna je na lidov\u00e9 zvyky pom\u011brn\u011b chud\u00e1. Po Letnic\u00edch a pok\u00e1cen\u00ed m\u00e1je v z\u00e1v\u011bru kv\u011btna spole\u010densk\u00fd \u017eivot na n\u011bjakou dobu utichne \u2013 je toti\u017e pot\u0159eba v\u011bnovat se pr\u00e1ci! Pole a zahrady si te\u010f vy\u017eadovaly v\u011bt\u0161\u00ed pozornost a na\u0161i p\u0159edkov\u00e9 to dob\u0159e v\u011bd\u011bli, proto si na p\u0159elomu jara a l\u00e9ta nena\u0161li moc \u010dasu na slaven\u00ed.<\/p>\n<p>Co m\u011bly v t\u00e9 dob\u011b na pr\u00e1ci \u010darod\u011bjky? Pr\u00e1v\u011b te\u010f je nejvhodn\u011bj\u0161\u00ed \u010das na sb\u011br r\u016fzn\u00fdch l\u00e9\u010div\u00fdch a magick\u00fdch rostlin. Pokud v\u0161ak chceme byliny pou\u017e\u00edt k magick\u00fdm \u00fa\u010del\u016fm, mus\u00edme nav\u00edc dodr\u017eet je\u0161t\u011b dal\u0161\u00ed z\u00e1sady! \u010carod\u011bjky v\u011b\u0159\u00ed, \u017ee i rostliny maj\u00ed svou du\u0161i, proto si od nich nem\u016f\u017eeme nic vz\u00edt bez opt\u00e1n\u00ed. P\u0159ed sb\u011brem proto rostlinu v\u017edy po\u017e\u00e1d\u00e1me o dovolen\u00ed a nikdy j\u00ed neutrhneme v\u0161echny kv\u011bty! Sb\u00edr\u00e1me rukami bez pou\u017eit\u00ed kovov\u00fdch p\u0159edm\u011bt\u016f, jedinou v\u00fdjimkou m\u016f\u017ee b\u00fdt, pokud m\u00e1me posv\u011bcen\u00fd n\u016f\u017e ur\u010den\u00fd jenom pro tento \u00fa\u010del. Utr\u017een\u00e1 rostlina by se pak ji\u017e nem\u011bla dotknout zem\u011b, jinak ztr\u00e1c\u00ed \u010d\u00e1st sv\u00e9 s\u00edly! Nasb\u00edran\u00e9 rostliny m\u016f\u017eeme pou\u017e\u00edt \u010derstv\u00e9, p\u0159ipravovat z nich tinktury, masti a oleje nebo si je nasu\u0161it do z\u00e1soby na cel\u00fd rok.<\/p>\n<p>M\u011bjte se kr\u00e1sn\u011b \u010dervnov\u011b&#8230;..<\/p>\n<p>&nbsp;<\/p>\n<p><strong>Zdroj:<\/strong> M\u011bs\u00edce Karel Toman<\/p>\n<p><strong>P\u0159ipravuje: Miroslav K\u016eS ANDRES<\/strong><\/p>\n<p><strong>Foto: archiv autora<\/strong><\/p>\n<hr \/>\n<p>&nbsp;<\/p>\n<p>&nbsp;<\/p>\n","protected":false},"excerpt":{"rendered":"<p>&nbsp; \u010cerven <\/p>\n","protected":false},"author":2,"featured_media":280311,"comment_status":"open","ping_status":"open","sticky":false,"template":"","format":"gallery","meta":{"footnotes":""},"categories":[111],"tags":[],"jetpack_featured_media_url":"https:\/\/zakrasnejsivimperk.cz\/wp-content\/uploads\/2023\/06\/03\/ram-rozjimani.jpg","_links":{"self":[{"href":"https:\/\/zakrasnejsivimperk.cz\/index.php?rest_route=\/wp\/v2\/posts\/161575"}],"collection":[{"href":"https:\/\/zakrasnejsivimperk.cz\/index.php?rest_route=\/wp\/v2\/posts"}],"about":[{"href":"https:\/\/zakrasnejsivimperk.cz\/index.php?rest_route=\/wp\/v2\/types\/post"}],"author":[{"embeddable":true,"href":"https:\/\/zakrasnejsivimperk.cz\/index.php?rest_route=\/wp\/v2\/users\/2"}],"replies":[{"embeddable":true,"href":"https:\/\/zakrasnejsivimperk.cz\/index.php?rest_route=%2Fwp%2Fv2%2Fcomments&post=161575"}],"version-history":[{"count":2,"href":"https:\/\/zakrasnejsivimperk.cz\/index.php?rest_route=\/wp\/v2\/posts\/161575\/revisions"}],"predecessor-version":[{"id":280312,"href":"https:\/\/zakrasnejsivimperk.cz\/index.php?rest_route=\/wp\/v2\/posts\/161575\/revisions\/280312"}],"wp:featuredmedia":[{"embeddable":true,"href":"https:\/\/zakrasnejsivimperk.cz\/index.php?rest_route=\/wp\/v2\/media\/280311"}],"wp:attachment":[{"href":"https:\/\/zakrasnejsivimperk.cz\/index.php?rest_route=%2Fwp%2Fv2%2Fmedia&parent=161575"}],"wp:term":[{"taxonomy":"category","embeddable":true,"href":"https:\/\/zakrasnejsivimperk.cz\/index.php?rest_route=%2Fwp%2Fv2%2Fcategories&post=161575"},{"taxonomy":"post_tag","embeddable":true,"href":"https:\/\/zakrasnejsivimperk.cz\/index.php?rest_route=%2Fwp%2Fv2%2Ftags&post=161575"}],"curies":[{"name":"wp","href":"https:\/\/api.w.org\/{rel}","templated":true}]}}