{"id":161474,"date":"2023-05-30T19:16:11","date_gmt":"2023-05-30T18:16:11","guid":{"rendered":"http:\/\/zakrasnejsivimperk.cz\/?p=161474"},"modified":"2023-05-30T19:16:11","modified_gmt":"2023-05-30T18:16:11","slug":"stara-sumava-o-kaceni-maje","status":"publish","type":"post","link":"https:\/\/zakrasnejsivimperk.cz\/?p=161474","title":{"rendered":"STAR\u00c1 \u0160UMAVA: O k\u00e1cen\u00ed m\u00e1je"},"content":{"rendered":"<p><img loading=\"lazy\" decoding=\"async\" class=\"aligncenter wp-image-161475 size-full\" src=\"https:\/\/zakrasnejsivimperk.cz\/wp-content\/uploads\/2019\/05\/31\/O-K\u00c1CEN\u00cd-M\u00c1JE.jpg\" alt=\"\" width=\"960\" height=\"532\" srcset=\"https:\/\/zakrasnejsivimperk.cz\/wp-content\/uploads\/2019\/05\/31\/O-K\u00c1CEN\u00cd-M\u00c1JE.jpg 960w, https:\/\/zakrasnejsivimperk.cz\/wp-content\/uploads\/2019\/05\/31\/O-K\u00c1CEN\u00cd-M\u00c1JE-300x166.jpg 300w, https:\/\/zakrasnejsivimperk.cz\/wp-content\/uploads\/2019\/05\/31\/O-K\u00c1CEN\u00cd-M\u00c1JE-768x426.jpg 768w, https:\/\/zakrasnejsivimperk.cz\/wp-content\/uploads\/2019\/05\/31\/O-K\u00c1CEN\u00cd-M\u00c1JE-644x357.jpg 644w, https:\/\/zakrasnejsivimperk.cz\/wp-content\/uploads\/2019\/05\/31\/O-K\u00c1CEN\u00cd-M\u00c1JE-872x483.jpg 872w\" sizes=\"(max-width: 960px) 100vw, 960px\" \/><\/p>\n<p>&nbsp;<\/p>\n<h6>M\u00e1je se stav\u00ed u\u017e cel\u00e1 stalet\u00ed a na\u0161i p\u0159edkov\u00e9 jimi v\u00edtali jaro. P\u0159edev\u0161\u00edm to ale byla oslava ml\u00e1d\u00ed, l\u00e1sky a plodnosti. Ne n\u00e1hodou pova\u017eovali mravok\u00e1rci m\u00e1jku za &#8220;v\u011bc nestydatou a nek\u0159es\u0165anskou&#8221; a sna\u017eili se ji zak\u00e1zat. Hezk\u00e9 tradice je t\u0159eba ct\u00edt. Slune\u010dn\u00ed paprsky probudily z letargie na\u0161e hormony, p\u0159i\u0161la doba aktivity, z\u00e1bavy a l\u00e1sky. Poj\u010fme si proto p\u0159ipomenout m\u00e1jov\u00e9 tradice, kter\u00e9 se v\u00e1\u017eou k posledn\u00edmu dnu m\u011bs\u00edce m\u00e1je.<\/h6>\n<p>Kdy\u017e nade\u0161el den k\u00e1cen\u00ed m\u00e1je, to byl<span class=\"text_exposed_show\">o v\u011bt\u0161inou o posledn\u00ed m\u00e1jov\u00e9 ned\u011bli, prov\u00e1d\u011bla ml\u00e1de\u017e je\u0161t\u011b p\u0159ed vlastn\u00edm k\u00e1cen\u00edm obch\u016fzku obc\u00ed. V \u010dele pr\u016fvodu kr\u00e1\u010dela b\u00edle od\u011bn\u00e1 kr\u00e1lovna doprov\u00e1zen\u00e1 skupinou nejr\u016fzn\u011bj\u0161\u00edch masek. Nechyb\u011bli zde d\u0159evorubci nesouc\u00ed d\u0159ev\u011bn\u00e9 n\u00e1stroje, myslivec, sedl\u00e1k, \u017eid, cik\u00e1n, fla\u0161inet\u00e1\u0159 atd.<\/span><\/p>\n<p><span class=\"text_exposed_show\">V\u0161ude m\u011blo k\u00e1cen\u00ed m\u00e1je zvl\u00e1\u0161\u0165 p\u016fsobiv\u00fd charakter. P\u0159ed m\u00e1j nejd\u0159\u00edve p\u0159edstoupil \u017eid a d\u00e1val posunky najevo, \u017ee by cht\u011bl m\u00e1j koupit. Potom vyjedn\u00e1val s myslivcem, kter\u00fd v\u011bt\u0161inou p\u0159ij\u00ed\u017ed\u011bl na koni. Kdy\u017e se dohodli, myslivec p\u0159ivolal d\u0159evorubce a ode\u0161el spole\u010dn\u011b s \u017eidem n\u011bkam stranou, aby od n\u011bho inkasoval \u201elitkup\u201c (odstupn\u00e9; zap\u00edjen\u00ed uzav\u0159en\u00e9 koup\u011b). Mezit\u00edm za\u010dali d\u0159evorubci k\u00e1cet m\u00e1j. Po\u010d\u00ednali si v\u0161ak velmi ne\u0161ikovn\u011b. N\u00e1hle se objevil dr\u00e1\u017en\u00edk s brusem a nab\u00eddl se, \u017ee jim n\u00e1stroje nabrous\u00ed. Objevily se tak\u00e9 \u017eeny d\u0159evorubc\u016f s ob\u011bdem. Ten tvo\u0159ily pilinami pln\u011bn\u00e9 vu\u0159ty, shnil\u00e1 \u0159epa, syrov\u00e9 brambory a dal\u0161\u00ed pochutiny. Za sv\u00e9 kucha\u0159sk\u00e9 um\u011bn\u00ed dostaly \u017eeny odm\u011bnu v podob\u011b v\u00fdprasku. Za v\u0161eobecn\u00e9ho zmatku se vr\u00e1til myslivec a hnal d\u0159evorubce znovu do pr\u00e1ce. Kdy\u017e se nakonec poda\u0159ilo m\u00e1j sk\u00e1cet, ihned kdy\u017e dopadl k zemi, \u0159\u00edtili se k n\u011bmu v\u0161ichni p\u0159\u00edtomn\u00ed, aby si vybojovali jeho ozdobn\u00fd vr\u0161ek. Ten, komu se to poda\u0159ilo, byl potom oby\u010dejn\u011b bohat\u011b obdarov\u00e1n.<\/span><\/p>\n<p><span class=\"text_exposed_show\">V bl\u00edzkosti m\u00e1je se po celou dobu pohyboval tak\u00e9 \u201ehloup\u00fd August\u201c, kter\u00fd se sv\u00fdmi \u017eertovn\u00fdmi kousky sna\u017eil rozesm\u00e1t p\u0159ihl\u00ed\u017eej\u00edc\u00ed div\u00e1ky. Mlad\u00edk, p\u0159evle\u010den za kosteln\u00edka, obch\u00e1zel p\u0159\u00edtomn\u00e9 s m\u011b\u0161cem a vyb\u00edral od nich pen\u00edze.<\/span><\/p>\n<p><span class=\"text_exposed_show\">Kdy\u017e byl posl\u00e9ze padl\u00fd kmen m\u00e1je vydra\u017een, p\u0159ivedl myslivec m\u00e1jovou kr\u00e1lovnu. Byla to do b\u00edl\u00fdch \u0161at\u016f od\u011bn\u00e1 d\u00edvka se zlatou korunkou na hlav\u011b, kter\u00e1 v rukou nesla \u010derstv\u00fd, barevn\u00fdmi f\u00e1bory a cigaretami ozdoben\u00fd stromek. Myslivec potom je\u0161t\u011b spole\u010dn\u011b s brusi\u010dem n\u016f\u017eek odvedl m\u00e1jovou kr\u00e1lovnu za doprovodu kapely, j\u00e1sotu d\u0159evorubc\u016f a tak\u00e9 jejich \u017een do kostela. Je\u0161t\u011b p\u0159ed vlastn\u00edm ukon\u010den\u00edm m\u00e1jov\u00e9ho v\u011bne\u010dku byl vydra\u017een tak\u00e9 stromek m\u00e1jov\u00e9 kr\u00e1lovny. Posl\u00e9ze se v\u0161ichni odebrali do hospody, kde se p\u0159i muzice veselili a\u017e do pozdn\u00edch ve\u010dern\u00edch hodin. Slavnost po\u0159\u00e1daly ve t\u0159ic\u00e1t\u00fdch letech n\u011bmeck\u00e9 spolky a ne z\u0159\u00eddka se do n\u00ed za\u010dle\u0148ovaly nov\u00e9 prvky, nap\u0159. divadeln\u00ed sc\u00e9nky, pr\u016fvod maskovan\u00fdch postav z poh\u00e1dek, ale i d\u011btsk\u00e9 tradi\u010dn\u00ed hry, m\u00edstn\u00ed tance v pod\u00e1n\u00ed krojovan\u00e9 ml\u00e1de\u017ee aj. Tak\u00e9 p\u0159ij\u00ed\u017ed\u011bl k m\u00e1ji ko\u010d\u00e1r s m\u00e1jovou kr\u00e1lovnou, jej\u00edm\u017e partnerem se stal ml\u00e1denec, kter\u00fd z\u00edskal vr\u0161ek m\u00e1je.<\/span><\/p>\n<p>&nbsp;<\/p>\n<p><span class=\"text_exposed_show\"><br \/>\n<strong>Zdroj:<\/strong> HADWICH, Rudolf:-\u00a0 Reitendorf imTesstal. Deustch\u2013m\u00e4hr. Heimat 9, 1923, s. 164 \u2013 173<\/span><\/p>\n<p><strong>P\u0159ipravuje: Miroslav K\u016eS ANDRES<\/strong><\/p>\n<p><strong>Foto: archiv autora<\/strong><\/p>\n<hr \/>\n<p>&nbsp;<\/p>\n<p>&nbsp;<\/p>\n","protected":false},"excerpt":{"rendered":"<p>&nbsp; M\u00e1je <\/p>\n","protected":false},"author":2,"featured_media":279907,"comment_status":"open","ping_status":"open","sticky":false,"template":"","format":"gallery","meta":{"footnotes":""},"categories":[111],"tags":[],"jetpack_featured_media_url":"https:\/\/zakrasnejsivimperk.cz\/wp-content\/uploads\/2023\/05\/30\/ram-kaceni.jpg","_links":{"self":[{"href":"https:\/\/zakrasnejsivimperk.cz\/index.php?rest_route=\/wp\/v2\/posts\/161474"}],"collection":[{"href":"https:\/\/zakrasnejsivimperk.cz\/index.php?rest_route=\/wp\/v2\/posts"}],"about":[{"href":"https:\/\/zakrasnejsivimperk.cz\/index.php?rest_route=\/wp\/v2\/types\/post"}],"author":[{"embeddable":true,"href":"https:\/\/zakrasnejsivimperk.cz\/index.php?rest_route=\/wp\/v2\/users\/2"}],"replies":[{"embeddable":true,"href":"https:\/\/zakrasnejsivimperk.cz\/index.php?rest_route=%2Fwp%2Fv2%2Fcomments&post=161474"}],"version-history":[{"count":2,"href":"https:\/\/zakrasnejsivimperk.cz\/index.php?rest_route=\/wp\/v2\/posts\/161474\/revisions"}],"predecessor-version":[{"id":279908,"href":"https:\/\/zakrasnejsivimperk.cz\/index.php?rest_route=\/wp\/v2\/posts\/161474\/revisions\/279908"}],"wp:featuredmedia":[{"embeddable":true,"href":"https:\/\/zakrasnejsivimperk.cz\/index.php?rest_route=\/wp\/v2\/media\/279907"}],"wp:attachment":[{"href":"https:\/\/zakrasnejsivimperk.cz\/index.php?rest_route=%2Fwp%2Fv2%2Fmedia&parent=161474"}],"wp:term":[{"taxonomy":"category","embeddable":true,"href":"https:\/\/zakrasnejsivimperk.cz\/index.php?rest_route=%2Fwp%2Fv2%2Fcategories&post=161474"},{"taxonomy":"post_tag","embeddable":true,"href":"https:\/\/zakrasnejsivimperk.cz\/index.php?rest_route=%2Fwp%2Fv2%2Ftags&post=161474"}],"curies":[{"name":"wp","href":"https:\/\/api.w.org\/{rel}","templated":true}]}}