{"id":16003,"date":"2015-04-17T11:15:54","date_gmt":"2015-04-17T10:15:54","guid":{"rendered":"http:\/\/zakrasnejsivimperk.cz\/?p=16003"},"modified":"2015-04-17T11:28:39","modified_gmt":"2015-04-17T10:28:39","slug":"radnice-informuje-rada-mesta-jmenuje-v-pondeli-nove-cleny-svych-komisi","status":"publish","type":"post","link":"https:\/\/zakrasnejsivimperk.cz\/?p=16003","title":{"rendered":"RADNICE INFORMUJE: Rada m\u011bsta jmenuje v pond\u011bl\u00ed nov\u00e9 \u010dleny sv\u00fdch komis\u00ed"},"content":{"rendered":"<p style=\"text-align: justify;\"><strong>Rada m\u011bsta se rozhodla jmenovat na sv\u00e9m pond\u011bln\u00edm zased\u00e1n\u00ed sv\u00e9 komise. Komise jsou iniciativn\u00ed a poradn\u00ed org\u00e1ny Rady m\u011bsta Vimperk a z\u00e1le\u017e\u00ed pouze na Rad\u011b m\u011bsta Vimperk, zdali je jmenuje, jak\u00e1 podrobn\u011bj\u0161\u00ed pravidla pro jejich \u010dinnost stanov\u00ed a jak\u00fd v\u00fdznam bude p\u0159ikl\u00e1dat iniciativ\u00e1m a v\u00fdsledk\u016fm pr\u00e1ce t\u011bchto komis\u00ed. Tato kompetence je zcela v\u00a0autonomn\u00ed p\u016fsobnosti Rady m\u011bsta Vimperk, kter\u00e9 p\u0159\u00edslu\u0161\u00ed zv\u00e1\u017eit \u00fa\u010delovost z\u0159\u00edzen\u00ed komis\u00ed. Rada m\u011bsta, pokud se rozhodne z\u0159\u00eddit komise, jmenuje jej\u00ed \u010dleny a p\u0159edsedu.<\/strong><\/p>\n<p style=\"text-align: justify;\">Na z\u00e1klad\u011b zku\u0161enost\u00ed z\u00a0\u010dinnost\u00ed komis\u00ed, kter\u00e9 byly z\u0159\u00edzeny Radou m\u011bsta Vimperk v\u00a0minul\u00fdch letech, se jej\u00ed \u010dlenov\u00e9 dohodli na ustanoven\u00ed bytov\u00e9, kulturn\u00ed, dopravn\u00ed a sportovn\u00ed komise a komise prevence. Ze z\u00e1kona vypl\u00fdv\u00e1 ustanoven\u00ed komise soci\u00e1ln\u011b pr\u00e1vn\u00ed ochrany d\u011bt\u00ed a povod\u0148ov\u00e9 komise.<\/p>\n<p>&nbsp;<\/p>\n<p>&nbsp;<\/p>\n<p style=\"text-align: justify;\">\u010clenov\u00e9 Rady m\u011bsta Vimperk v\u00a0duchu Iniciativy pro m\u011bsto Vimperk 2014 diskutovali na dvou setk\u00e1n\u00ed z\u00e1stupc\u016f v\u0161ech uskupen\u00ed, kter\u00e1 jsou zastoupena v\u00a0Zastupitelstvu m\u011bsta Vimperk, slo\u017een\u00ed komis\u00ed a v\u00fdsledkem je dohoda na jejich person\u00e1ln\u00edm obsazen\u00ed. Rada m\u011bsta Vimperk bude jmenovat \u010dleny komis\u00ed a jejich p\u0159edsedy na sv\u00e9m pond\u011bln\u00edm zased\u00e1n\u00ed dne 20.4.2015 (slo\u017een\u00ed viz n\u00ed\u017ee).<\/p>\n<p style=\"text-align: justify;\">P\u0159edm\u011btem spole\u010dn\u00fdch sch\u016fzek tak\u00e9 byla diskuze o slo\u017een\u00ed a po\u010dtu \u010dlen\u016f dozor\u010d\u00edch rad m\u011bstsk\u00fdch organizac\u00ed, tj. M\u011bstsk\u00e9 slu\u017eby Vimperk, s.r.o., M\u011bstsk\u00e9 lesy s.r.o. a M\u011bstsk\u00e1 spr\u00e1va dom\u016f s.r.o. Ustanoven\u00ed dozor\u010d\u00ed rad a po\u010det jejich \u010dlen\u016f u spole\u010dnost\u00ed s\u00a0ru\u010den\u00edm omezen\u00fdm vypl\u00fdv\u00e1 ze z\u00e1kona o obchodn\u00edch korporac\u00edch. Jejich \u00fakolem je doz\u00edrat na hospoda\u0159en\u00ed t\u011bchto spole\u010dnost\u00ed a sv\u00fdm odborn\u00fdm a konstruktivn\u00edm p\u0159\u00edstupem p\u0159isp\u00edvat k\u00a0jejich rozvoji. Z\u00e1kladn\u00edm p\u0159edpokladem dobr\u00e9 pr\u00e1ce \u010dlen\u016f dozor\u010d\u00edch rad je znalost \u010dinnosti, odbornost, znalost ekonomiky spole\u010dnosti a schopnost komunikace s\u00a0jednatelem spole\u010dnosti a jej\u00ed valnou hromadou.<\/p>\n<p style=\"text-align: justify;\">V\u00a0sou\u010dasn\u00e9 dob\u011b je slo\u017een\u00ed dozor\u010d\u00edch rad t\u0159\u00ed\u010dlenn\u00e9 a svoji funkci pln\u00ed dostate\u010dn\u011b. P\u011bti\u010dlenn\u00e9 slo\u017een\u00ed dozor\u010d\u00edch rad tak, jak bylo po\u017eadov\u00e1no ze strany Jiho\u010dech\u016f 2012, \u010cSSD, Hnut\u00ed ANO a KS\u010cM, by znamenalo vytvo\u0159it nov\u00e9 stanovy spole\u010dnost\u00ed a jejich z\u00e1pis v\u00a0obchodn\u00edm rejst\u0159\u00edku. To v\u0161e by znamenalo nemal\u00e9 finan\u010dn\u00ed prost\u0159edky. Po dobu fungov\u00e1n\u00ed dozor\u010d\u00edch rad se ukazuje t\u0159\u00ed\u010dlenn\u00e9 slo\u017een\u00ed jako funk\u010dn\u00ed a vyhovuj\u00edc\u00ed. \u010clenov\u00e9 Rady m\u011bsta Vimperk se tedy dohodli na zachov\u00e1n\u00ed sou\u010dasn\u00e9ho po\u010dtu \u010dlen\u016f dozor\u010d\u00edch rad a ponech\u00e1n\u00ed sou\u010dasn\u00e9ho slo\u017een\u00ed dozor\u010d\u00edch rad jednotliv\u00fdch spole\u010dnost\u00ed. V\u00a0p\u0159\u00edpad\u011b, \u017ee bude pod\u00e1na rezignace n\u011bkter\u00e9ho \u010dlena dozor\u010d\u00ed rady, bude jeho n\u00e1hradn\u00edk jmenov\u00e1n na z\u00e1klad\u011b n\u00e1vrhu p\u0159edlo\u017een\u00e9ho na spole\u010dn\u00e9m jedn\u00e1n\u00ed v\u0161ech politick\u00fdch uskupen\u00ed.<\/p>\n<p style=\"text-align: justify;\"><strong>Bytov\u00e1 komise:<\/strong> Ing. Jaroslava Martanov\u00e1 &#8211; p\u0159edsedkyn\u011b, Mgr. V\u00e1clav Jak\u0161, Bc. Daniel Kaifer, Eva Zacharov\u00e1, Milada Chvalov\u00e1, Iveta Preslov\u00e1<\/p>\n<p style=\"text-align: justify;\"><strong>Dopravn\u00ed komise:<\/strong> Mgr. Karel St\u0159ele\u010dek &#8211; p\u0159edseda, ing. Bohumil Petr\u00e1\u0161ek, Miroslav Kavl\u00edk, Petr Kv\u011bto\u0148, Jaroslav Flachs, Bc. V\u00e1clav Kalous, Milan Kobera<\/p>\n<p style=\"text-align: justify;\"><strong>Kulturn\u00ed komise:<\/strong> Mgr. Dagmar R\u00fcckerov\u00e1 &#8211; p\u0159edsedkyn\u011b, Tom\u00e1\u0161 Ko\u0161ka, Jaroslav Pulkr\u00e1bek, Mgr. Zden\u011bk Kuncl, Franti\u0161ek Such\u00fd, Lenka Doubkov\u00e1<\/p>\n<p style=\"text-align: justify;\"><strong>Komise prevence:<\/strong> Peter Macorl\u00edk &#8211; p\u0159edseda, MVDr. \u0160\u00e1rka Jan\u00e1skov\u00e1, Bc. Jan Kurz, Bc.\u00a0Kamil Podzimek, Mgr. Vladislava Lehe\u010dkov\u00e1, Mgr. Vladan Pokorn\u00fd, Ing. Dana Frnochov\u00e1, ing. Martina Sl\u00e1mov\u00e1, Iveta Preslov\u00e1<\/p>\n<p style=\"text-align: justify;\"><strong>Komise soci\u00e1ln\u011b pr\u00e1vn\u00ed ochrany:<\/strong> Mgr. Jana Korbelov\u00e1 &#8211; p\u0159edsedkyn\u011b, Mgr. Vladan Pokorn\u00fd, Mgr. Vladislava Lehe\u010dkov\u00e1, Bc. Barbora Hyl\u00e1nov\u00e1, \u0160t\u011bp\u00e1nka V\u00e1lkov\u00e1, Peter Macorl\u00edk, Bc. Dana Seberov\u00e1, Helena \u0160vihelov\u00e1<\/p>\n<p style=\"text-align: justify;\"><strong>Povod\u0148ov\u00e1 komise:<\/strong> Ing. Jaroslava Martanov\u00e1 &#8211; p\u0159edsedkyn\u011b, Ing. Josef Kot\u00e1l, Peter Macorl\u00edk, Jan Novotn\u00fd, Vladim\u00edr Mysl\u00edk, Bc. Renata Samohejlov\u00e1, Pavel Filip, Ing. Jan Kr\u00e1l, Ing. Michal Jan\u010de<\/p>\n<p style=\"text-align: justify;\"><strong>Sportovn\u00ed komise:<\/strong> Ing. Karel Hude\u010dek &#8211; p\u0159edseda, Pavel P\u0159edota, Jaroslav Uhl\u00edk, Ji\u0159\u00ed Lutovsk\u00fd, Mgr. Josef Bej\u010dek, Libor Kudl\u00e1\u010d, Ing. Jan Kr\u00e1l<\/p>\n<p><strong>Jaroslava MARTANOV\u00c1, starostka Vimperka<\/strong><\/p>\n<p>&nbsp;<\/p>\n<p>&nbsp;<\/p>\n<p>&nbsp;<\/p>\n","protected":false},"excerpt":{"rendered":"<p>Rada m\u011bsta <\/p>\n","protected":false},"author":2,"featured_media":2778,"comment_status":"open","ping_status":"open","sticky":false,"template":"","format":"standard","meta":{"footnotes":""},"categories":[4],"tags":[],"jetpack_featured_media_url":"https:\/\/zakrasnejsivimperk.cz\/wp-content\/uploads\/2014\/12\/Radnice.jpg","_links":{"self":[{"href":"https:\/\/zakrasnejsivimperk.cz\/index.php?rest_route=\/wp\/v2\/posts\/16003"}],"collection":[{"href":"https:\/\/zakrasnejsivimperk.cz\/index.php?rest_route=\/wp\/v2\/posts"}],"about":[{"href":"https:\/\/zakrasnejsivimperk.cz\/index.php?rest_route=\/wp\/v2\/types\/post"}],"author":[{"embeddable":true,"href":"https:\/\/zakrasnejsivimperk.cz\/index.php?rest_route=\/wp\/v2\/users\/2"}],"replies":[{"embeddable":true,"href":"https:\/\/zakrasnejsivimperk.cz\/index.php?rest_route=%2Fwp%2Fv2%2Fcomments&post=16003"}],"version-history":[{"count":3,"href":"https:\/\/zakrasnejsivimperk.cz\/index.php?rest_route=\/wp\/v2\/posts\/16003\/revisions"}],"predecessor-version":[{"id":16006,"href":"https:\/\/zakrasnejsivimperk.cz\/index.php?rest_route=\/wp\/v2\/posts\/16003\/revisions\/16006"}],"wp:featuredmedia":[{"embeddable":true,"href":"https:\/\/zakrasnejsivimperk.cz\/index.php?rest_route=\/wp\/v2\/media\/2778"}],"wp:attachment":[{"href":"https:\/\/zakrasnejsivimperk.cz\/index.php?rest_route=%2Fwp%2Fv2%2Fmedia&parent=16003"}],"wp:term":[{"taxonomy":"category","embeddable":true,"href":"https:\/\/zakrasnejsivimperk.cz\/index.php?rest_route=%2Fwp%2Fv2%2Fcategories&post=16003"},{"taxonomy":"post_tag","embeddable":true,"href":"https:\/\/zakrasnejsivimperk.cz\/index.php?rest_route=%2Fwp%2Fv2%2Ftags&post=16003"}],"curies":[{"name":"wp","href":"https:\/\/api.w.org\/{rel}","templated":true}]}}