{"id":158900,"date":"2026-05-01T15:36:03","date_gmt":"2026-05-01T14:36:03","guid":{"rendered":"http:\/\/zakrasnejsivimperk.cz\/?p=158900"},"modified":"2026-05-01T17:30:30","modified_gmt":"2026-05-01T16:30:30","slug":"cesky-rok-josefa-lady-kveten","status":"publish","type":"post","link":"https:\/\/zakrasnejsivimperk.cz\/?p=158900","title":{"rendered":"\u010cESK\u00dd ROK JOSEFA LADY: Kv\u011bten"},"content":{"rendered":"<p><img loading=\"lazy\" decoding=\"async\" class=\"aligncenter wp-image-158901 size-full\" src=\"http:\/\/zakrasnejsivimperk.cz\/wp-content\/uploads\/2019\/05\/01\/lada-kv\u011bten.jpg\" alt=\"\" width=\"1375\" height=\"1728\" srcset=\"https:\/\/zakrasnejsivimperk.cz\/wp-content\/uploads\/2019\/05\/01\/lada-kv\u011bten.jpg 1375w, https:\/\/zakrasnejsivimperk.cz\/wp-content\/uploads\/2019\/05\/01\/lada-kv\u011bten-239x300.jpg 239w, https:\/\/zakrasnejsivimperk.cz\/wp-content\/uploads\/2019\/05\/01\/lada-kv\u011bten-768x965.jpg 768w, https:\/\/zakrasnejsivimperk.cz\/wp-content\/uploads\/2019\/05\/01\/lada-kv\u011bten-815x1024.jpg 815w, https:\/\/zakrasnejsivimperk.cz\/wp-content\/uploads\/2019\/05\/01\/lada-kv\u011bten-284x357.jpg 284w, https:\/\/zakrasnejsivimperk.cz\/wp-content\/uploads\/2019\/05\/01\/lada-kv\u011bten-384x483.jpg 384w\" sizes=\"(max-width: 1375px) 100vw, 1375px\" \/><\/p>\n<p>&nbsp;<\/p>\n<h1 class=\"entry-title\" style=\"text-align: center;\"><a href=\"https:\/\/zakrasnejsivimperk.cz\/?p=218691\" target=\"_blank\" rel=\"noopener\">TRADI\u010cN\u00cd \u010cESK\u00dd ROK JOSEFA LADY<\/a><\/h1>\n<hr \/>\n<p>&nbsp;<\/p>\n","protected":false},"excerpt":{"rendered":"<p>&nbsp; TRADI\u010cN\u00cd <\/p>\n","protected":false},"author":2,"featured_media":253136,"comment_status":"open","ping_status":"open","sticky":false,"template":"","format":"gallery","meta":{"footnotes":""},"categories":[89],"tags":[],"jetpack_featured_media_url":"https:\/\/zakrasnejsivimperk.cz\/wp-content\/uploads\/2021\/04\/30\/r\u00e1me\u010dek-lada-kv\u011bten-1.jpg","_links":{"self":[{"href":"https:\/\/zakrasnejsivimperk.cz\/index.php?rest_route=\/wp\/v2\/posts\/158900"}],"collection":[{"href":"https:\/\/zakrasnejsivimperk.cz\/index.php?rest_route=\/wp\/v2\/posts"}],"about":[{"href":"https:\/\/zakrasnejsivimperk.cz\/index.php?rest_route=\/wp\/v2\/types\/post"}],"author":[{"embeddable":true,"href":"https:\/\/zakrasnejsivimperk.cz\/index.php?rest_route=\/wp\/v2\/users\/2"}],"replies":[{"embeddable":true,"href":"https:\/\/zakrasnejsivimperk.cz\/index.php?rest_route=%2Fwp%2Fv2%2Fcomments&post=158900"}],"version-history":[{"count":3,"href":"https:\/\/zakrasnejsivimperk.cz\/index.php?rest_route=\/wp\/v2\/posts\/158900\/revisions"}],"predecessor-version":[{"id":305864,"href":"https:\/\/zakrasnejsivimperk.cz\/index.php?rest_route=\/wp\/v2\/posts\/158900\/revisions\/305864"}],"wp:featuredmedia":[{"embeddable":true,"href":"https:\/\/zakrasnejsivimperk.cz\/index.php?rest_route=\/wp\/v2\/media\/253136"}],"wp:attachment":[{"href":"https:\/\/zakrasnejsivimperk.cz\/index.php?rest_route=%2Fwp%2Fv2%2Fmedia&parent=158900"}],"wp:term":[{"taxonomy":"category","embeddable":true,"href":"https:\/\/zakrasnejsivimperk.cz\/index.php?rest_route=%2Fwp%2Fv2%2Fcategories&post=158900"},{"taxonomy":"post_tag","embeddable":true,"href":"https:\/\/zakrasnejsivimperk.cz\/index.php?rest_route=%2Fwp%2Fv2%2Ftags&post=158900"}],"curies":[{"name":"wp","href":"https:\/\/api.w.org\/{rel}","templated":true}]}}