{"id":15817,"date":"2015-04-15T20:51:46","date_gmt":"2015-04-15T19:51:46","guid":{"rendered":"http:\/\/zakrasnejsivimperk.cz\/?p=15817"},"modified":"2015-04-16T05:50:47","modified_gmt":"2015-04-16T04:50:47","slug":"vsimavy-objektiv-nova-informacni-tabule-v-parku-ma-vadu-na-krase-je-obtizne-pristupna-a-citelna","status":"publish","type":"post","link":"https:\/\/zakrasnejsivimperk.cz\/?p=15817","title":{"rendered":"V\u0160\u00cdMAV\u00dd OBJEKTIV: Nov\u00e1 informa\u010dn\u00ed tabule m\u00e1 vadu na kr\u00e1se, je obt\u00ed\u017en\u011b p\u0159\u00edstupn\u00e1 a \u0161patn\u011b \u010diteln\u00e1"},"content":{"rendered":"<p style=\"text-align: justify;\">P\u0159ed Z\u00e1kladn\u00ed \u0161kolou T. G. Masaryka \u00a0ve vimpersk\u00e9m parku se ve st\u0159edu 15. dubna objevila nov\u00e1 dvoustrann\u00e1 tabule s informacemi a fotografiemi z historie t\u00e9to \u0161koly, kter\u00e1 si letos p\u0159ipom\u00edn\u00e1 p\u011btaosmdes\u00e1t let od sv\u00e9ho zalo\u017een\u00ed. Autorem text\u016f a majitelem historick\u00fdch sn\u00edmk\u016f, jejich\u017e kopie jsou na tabuli pou\u017eity, je Roman Hajn\u00edk, st\u0159edo\u0161kolsk\u00fd u\u010ditel, spisovatel a znalec nejen vimpersk\u00e9 historie. Jeho skv\u011bl\u00e1 pr\u00e1ce je v\u0161ak zna\u010dn\u011b znehodnocena nevhodn\u00fdm um\u00edst\u011bn\u00edm tabule kolmo do svahu a pom\u011brn\u011b daleko od cesty pro p\u011b\u0161\u00ed. Pokud si \u010dlov\u011bk chce p\u0159e\u010d\u00edst poutav\u00e9 texty a prohl\u00e9dnout zaj\u00edmav\u00e9 fotografie, mus\u00ed st\u00e1t na \u0161ikm\u00e9m zatravn\u011bn\u00e9m svahu, co\u017e nen\u00ed zrovna pohodln\u00e9 a v zimn\u00edch m\u011bs\u00edc\u00edch m\u016f\u017ee b\u00fdt i nebezpe\u010dn\u00e9. Pro osoby se sn\u00ed\u017eenou pohyblivost\u00ed nebo t\u0159eba voz\u00ed\u010dk\u00e1\u0159e jsou pak texty pov\u011bt\u0161inou k nep\u0159e\u010dten\u00ed. V\u0161\u00edmav\u00fd objektiv se domn\u00edv\u00e1, \u017ee toto se pracovn\u00edk\u016fm Odboru \u0161kolstv\u00ed, kultury a cestovn\u00edho ruchu M\u011bstsk\u00e9ho \u00fa\u0159adu Vimperk p\u0159\u00edli\u0161 nepovedlo.<\/p>\n<p><strong>Text a foto: (red)<\/strong><\/p>\n<div id='gallery-1' class='gallery galleryid-15817 gallery-columns-3 gallery-size-medium'><figure class='gallery-item'>\n\t\t\t<div class='gallery-icon landscape'>\n\t\t\t\t<a href='https:\/\/zakrasnejsivimperk.cz\/?attachment_id=15818'><img loading=\"lazy\" decoding=\"async\" width=\"300\" height=\"225\" src=\"https:\/\/zakrasnejsivimperk.cz\/wp-content\/uploads\/2015\/04\/tabule-v-parku-1-300x225.jpg\" class=\"attachment-medium size-medium\" alt=\"\" srcset=\"https:\/\/zakrasnejsivimperk.cz\/wp-content\/uploads\/2015\/04\/tabule-v-parku-1-300x225.jpg 300w, https:\/\/zakrasnejsivimperk.cz\/wp-content\/uploads\/2015\/04\/tabule-v-parku-1-476x357.jpg 476w, https:\/\/zakrasnejsivimperk.cz\/wp-content\/uploads\/2015\/04\/tabule-v-parku-1-644x483.jpg 644w, https:\/\/zakrasnejsivimperk.cz\/wp-content\/uploads\/2015\/04\/tabule-v-parku-1.jpg 800w\" sizes=\"(max-width: 300px) 100vw, 300px\" \/><\/a>\n\t\t\t<\/div><\/figure><figure class='gallery-item'>\n\t\t\t<div class='gallery-icon landscape'>\n\t\t\t\t<a href='https:\/\/zakrasnejsivimperk.cz\/?attachment_id=15819'><img loading=\"lazy\" decoding=\"async\" width=\"300\" height=\"225\" src=\"https:\/\/zakrasnejsivimperk.cz\/wp-content\/uploads\/2015\/04\/tabule-v-parku-2-300x225.jpg\" class=\"attachment-medium size-medium\" alt=\"\" srcset=\"https:\/\/zakrasnejsivimperk.cz\/wp-content\/uploads\/2015\/04\/tabule-v-parku-2-300x225.jpg 300w, https:\/\/zakrasnejsivimperk.cz\/wp-content\/uploads\/2015\/04\/tabule-v-parku-2-476x357.jpg 476w, https:\/\/zakrasnejsivimperk.cz\/wp-content\/uploads\/2015\/04\/tabule-v-parku-2-644x483.jpg 644w, https:\/\/zakrasnejsivimperk.cz\/wp-content\/uploads\/2015\/04\/tabule-v-parku-2.jpg 800w\" sizes=\"(max-width: 300px) 100vw, 300px\" \/><\/a>\n\t\t\t<\/div><\/figure><figure class='gallery-item'>\n\t\t\t<div class='gallery-icon landscape'>\n\t\t\t\t<a href='https:\/\/zakrasnejsivimperk.cz\/?attachment_id=15820'><img loading=\"lazy\" decoding=\"async\" width=\"300\" height=\"225\" src=\"https:\/\/zakrasnejsivimperk.cz\/wp-content\/uploads\/2015\/04\/tabule-v-parku-3-300x225.jpg\" class=\"attachment-medium size-medium\" alt=\"\" srcset=\"https:\/\/zakrasnejsivimperk.cz\/wp-content\/uploads\/2015\/04\/tabule-v-parku-3-300x225.jpg 300w, https:\/\/zakrasnejsivimperk.cz\/wp-content\/uploads\/2015\/04\/tabule-v-parku-3-476x357.jpg 476w, https:\/\/zakrasnejsivimperk.cz\/wp-content\/uploads\/2015\/04\/tabule-v-parku-3-644x483.jpg 644w, https:\/\/zakrasnejsivimperk.cz\/wp-content\/uploads\/2015\/04\/tabule-v-parku-3.jpg 800w\" sizes=\"(max-width: 300px) 100vw, 300px\" \/><\/a>\n\t\t\t<\/div><\/figure><figure class='gallery-item'>\n\t\t\t<div class='gallery-icon landscape'>\n\t\t\t\t<a href='https:\/\/zakrasnejsivimperk.cz\/?attachment_id=15821'><img loading=\"lazy\" decoding=\"async\" width=\"300\" height=\"225\" src=\"https:\/\/zakrasnejsivimperk.cz\/wp-content\/uploads\/2015\/04\/tabule-v-parku-4-300x225.jpg\" class=\"attachment-medium size-medium\" alt=\"\" srcset=\"https:\/\/zakrasnejsivimperk.cz\/wp-content\/uploads\/2015\/04\/tabule-v-parku-4-300x225.jpg 300w, https:\/\/zakrasnejsivimperk.cz\/wp-content\/uploads\/2015\/04\/tabule-v-parku-4-476x357.jpg 476w, https:\/\/zakrasnejsivimperk.cz\/wp-content\/uploads\/2015\/04\/tabule-v-parku-4-644x483.jpg 644w, https:\/\/zakrasnejsivimperk.cz\/wp-content\/uploads\/2015\/04\/tabule-v-parku-4.jpg 800w\" sizes=\"(max-width: 300px) 100vw, 300px\" \/><\/a>\n\t\t\t<\/div><\/figure>\n\t\t<\/div>\n\n<p>&nbsp;<\/p>\n","protected":false},"excerpt":{"rendered":"<p>P\u0159ed Z\u00e1kladn\u00ed <\/p>\n","protected":false},"author":2,"featured_media":15820,"comment_status":"open","ping_status":"open","sticky":false,"template":"","format":"gallery","meta":{"footnotes":""},"categories":[4],"tags":[],"jetpack_featured_media_url":"https:\/\/zakrasnejsivimperk.cz\/wp-content\/uploads\/2015\/04\/tabule-v-parku-3.jpg","_links":{"self":[{"href":"https:\/\/zakrasnejsivimperk.cz\/index.php?rest_route=\/wp\/v2\/posts\/15817"}],"collection":[{"href":"https:\/\/zakrasnejsivimperk.cz\/index.php?rest_route=\/wp\/v2\/posts"}],"about":[{"href":"https:\/\/zakrasnejsivimperk.cz\/index.php?rest_route=\/wp\/v2\/types\/post"}],"author":[{"embeddable":true,"href":"https:\/\/zakrasnejsivimperk.cz\/index.php?rest_route=\/wp\/v2\/users\/2"}],"replies":[{"embeddable":true,"href":"https:\/\/zakrasnejsivimperk.cz\/index.php?rest_route=%2Fwp%2Fv2%2Fcomments&post=15817"}],"version-history":[{"count":4,"href":"https:\/\/zakrasnejsivimperk.cz\/index.php?rest_route=\/wp\/v2\/posts\/15817\/revisions"}],"predecessor-version":[{"id":15857,"href":"https:\/\/zakrasnejsivimperk.cz\/index.php?rest_route=\/wp\/v2\/posts\/15817\/revisions\/15857"}],"wp:featuredmedia":[{"embeddable":true,"href":"https:\/\/zakrasnejsivimperk.cz\/index.php?rest_route=\/wp\/v2\/media\/15820"}],"wp:attachment":[{"href":"https:\/\/zakrasnejsivimperk.cz\/index.php?rest_route=%2Fwp%2Fv2%2Fmedia&parent=15817"}],"wp:term":[{"taxonomy":"category","embeddable":true,"href":"https:\/\/zakrasnejsivimperk.cz\/index.php?rest_route=%2Fwp%2Fv2%2Fcategories&post=15817"},{"taxonomy":"post_tag","embeddable":true,"href":"https:\/\/zakrasnejsivimperk.cz\/index.php?rest_route=%2Fwp%2Fv2%2Ftags&post=15817"}],"curies":[{"name":"wp","href":"https:\/\/api.w.org\/{rel}","templated":true}]}}